{"id":151526,"date":"2025-12-15T07:48:12","date_gmt":"2025-12-15T07:48:12","guid":{"rendered":"https:\/\/www.europesays.com\/pl\/151526\/"},"modified":"2025-12-15T07:48:12","modified_gmt":"2025-12-15T07:48:12","slug":"polska-liczy-na-wzajemnosc-nato","status":"publish","type":"post","link":"https:\/\/www.europesays.com\/pl\/151526\/","title":{"rendered":"Polska liczy na wzajemno\u015b\u0107 NATO"},"content":{"rendered":"\n<ul class=\"article-header__labels list-inline\">\n<li>\n            PRZEGL\u0104D PRASY\n          <\/li>\n<li>\n            WIADOMO\u015aCI\n          <\/li>\n<\/ul>\n<p>Codzienny przegl\u0105d medi\u00f3w sektora bezpiecze\u0144stwa i obronno\u015bci.<\/p>\n<p>  <img decoding=\"async\" src=\"https:\/\/www.europesays.com\/pl\/wp-content\/uploads\/2025\/12\/bG99ZpBqCxTqqXJAwgA48hAZxF2Qys8sec1LiV2O.vlgs.jpg\" alt=\"\"  width=\"800\" height=\"450\" author=\"F-35.com\" fetchpriority=\"high\" class=\"img image-with-caption__image\"\/><br \/>\n        Autor. F-35.com<\/p>\n<p class=\"paragraph-module\">wp.pl: \u201eTusk przesta\u0142 by\u0107 szanowanym graczem\u201d. Prezydent Karol Nawrocki dla WP\u201d<br \/>\n\u201ePrezydent Karol Nawrocki zapowiada dalsze wsparcie dla Ukrainy, ale pod warunkiem odbudowy realnego partnerstwa w relacjach dwustronnych. Krytykuje dotychczasowy model, w kt\u00f3rym Polska by\u0142a traktowana jako oczywiste zaplecze bez konsultacji w sprawach wa\u017cnych dla Polak\u00f3w, m.in. historycznych i gospodarczych. Podkre\u015bla, \u017ce pomoc dla Kijowa nie wyklucza twardego artyku\u0142owania polskich interes\u00f3w. Zapowiada, \u017ce planowane spotkanie z Wo\u0142odymyrem Ze\u0142enskim w Warszawie mo\u017ce sta\u0107 si\u0119 nowym otwarciem w relacjach, opartym na wzajemnym szacunku i dialogu.\u201d<\/p>\n<p class=\"paragraph-module\">Maciej Mi\u0142osz: Rzeczpospolita: \u201eRekordowy rok polskiej zbrojeni\u00f3wki\u201d<br \/>\n\u201eRok 2025 przyni\u00f3s\u0142 rekordowe wyniki polskiemu przemys\u0142owi obronnemu. Dwie najwi\u0119ksze krajowe firmy \u2013 Polska Grupa Zbrojeniowa oraz Grupa WB \u2013 osi\u0105gn\u0119\u0142y \u0142\u0105cznie oko\u0142o 25 mld z\u0142 przychod\u00f3w. PGZ dynamicznie zwi\u0119ksza skal\u0119 dzia\u0142alno\u015bci dzi\u0119ki inwestycjom w moce produkcyjne i wsparciu kapita\u0142owemu pa\u0144stwa. Grupa WB notuje wielokrotny wzrost sprzeda\u017cy, oparty m.in. na eksporcie nowoczesnych system\u00f3w uzbrojenia. Perspektywy na 2026 r. s\u0105 bardzo dobre, g\u0142\u00f3wnie za spraw\u0105 \u015brodk\u00f3w z unijnego instrumentu SAFE, kt\u00f3re w du\u017cej cz\u0119\u015bci maj\u0105 trafi\u0107 do polskich producent\u00f3w.\u201d<\/p>\n<p class=\"paragraph-module\">Jakub Czermi\u0144ski: Rzeczpospolita: \u201ePiS z Konfederacj\u0105 i Braunem to z\u0142y scenariusz dla Polski- rozmowa zAdamem Sz\u0142apk\u0105, rzecznikiem  prasowym rz\u0105du Donalda Tuska \u201d<\/p>\n<p class=\"paragraph-module\">\u201eAdam Sz\u0142apka wskazuje, \u017ce sp\u00f3r z prezydentem utrudnia prowadzenie skutecznej polityki zagranicznej i obronnej, kt\u00f3ra wymaga jednego, sp\u00f3jnego przekazu. Podkre\u015bla wzrost nak\u0142ad\u00f3w na bezpiecze\u0144stwo, 5 proc. PKB na obronno\u015b\u0107, rozw\u00f3j Tarczy Wsch\u00f3d oraz znaczenie programu SAFE dla finansowania polskiego przemys\u0142u zbrojeniowego. Rz\u0105d akcentuje inwestycje infrastrukturalne i energetyczne jako fundament d\u0142ugofalowego bezpiecze\u0144stwa pa\u0144stwa.\u201d<\/p>\n<p class=\"paragraph-module\">businessinsider.com.pl: \u201ePolska liczy na wzajemno\u015b\u0107 NATO. Szef MON: wype\u0142nimy wszystkie obowi\u0105zki\u201d<br \/>\n\u201eSzef MON, odwiedzaj\u0105c polskich \u017co\u0142nierzy w Turcji, zaakcentowa\u0142, \u017ce Polska konsekwentnie realizuje sojusznicze zobowi\u0105zania obronne i traktuje obecno\u015b\u0107 wojskow\u0105 jako element wzmacniania bezpiecze\u0144stwa NATO. Wskaza\u0142 na rozw\u00f3j zdolno\u015bci operacyjnych kontyngentu, wsp\u00f3\u0142prac\u0119 z Turcj\u0105 oraz znaczenie dialogu wojskowego i zbrojeniowego. R\u00f3wnolegle zwr\u00f3cono uwag\u0119 na sytuacj\u0119 bezpiecze\u0144stwa wok\u00f3\u0142 Ukrainy i Morza Czarnego.\u201d<\/p>\n<p class=\"paragraph-module\">onet.pl: \u201eWo\u0142odymyr Ze\u0142enski przyjedzie do Polski. Poda\u0142 dat\u0119\u201d<br \/>\n\u201ePrezydent Ukrainy poinformowa\u0142, \u017ce 19 grudnia planuje wizyt\u0119 w Warszawie. Kancelaria Karola Nawrockiego potwierdzi\u0142a, \u017ce dojdzie w\u00f3wczas do ich pierwszego oficjalnego spotkania. Ustalane s\u0105 szczeg\u00f3\u0142y rozm\u00f3w, kt\u00f3re obejm\u0105 zagadnienia bezpiecze\u0144stwa, sprawy ekonomiczne oraz tematy historyczne. W\u0142adze w Kijowie zaznaczaj\u0105, \u017ce relacje z Polsk\u0105 pozostaj\u0105 dla Ukrainy jednym z kluczowych priorytet\u00f3w.\u201d<\/p>\n<p class=\"paragraph-module\">onet.pl: \u201eAtak na ameryka\u0144skich \u017co\u0142nierzy. Donald Trump zapowiada odwet\u201d<br \/>\n\u201eDonald Trump zapowiedzia\u0142 zdecydowany odwet wobec Pa\u0144stwa Islamskiego po sobotnim zamachu w Syrii, w kt\u00f3rym zgin\u0119\u0142o trzech Amerykan\u00f3w. Podkre\u015bli\u0142, \u017ce by\u0142 to atak wymierzony zar\u00f3wno w Stany Zjednoczone, jak i w w\u0142adze syryjskie. Pentagon poinformowa\u0142, \u017ce do zdarzenia dosz\u0142o podczas misji antyterrorystycznej, a napastnik zosta\u0142 zlikwidowany. Ranni \u017co\u0142nierze zostali ewakuowani do ameryka\u0144skiej bazy wojskowej.\u201d<\/p>\n<p class=\"paragraph-module\">wp.pl: \u201ePodnie\u015bli cen\u0119 za F-35. Tym razem Amerykanie si\u0119 przeliczyli\u201d<br \/>\n\u201eW\u0142adze Szwajcarii ogranicz\u0105 skal\u0119 zakupu my\u015bliwc\u00f3w F-35, poniewa\u017c ostateczna cena okaza\u0142a si\u0119 znacznie wy\u017csza od pierwotnych ustale\u0144. Zamiast zwi\u0119ksza\u0107 bud\u017cet obronny, Berno postanowi dostosowa\u0107 liczb\u0119 zamawianych maszyn do zaplanowanych 6 mld frank\u00f3w. Minister obrony podkre\u015bli\u0142, \u017ce rezygnacja z F-35 nie wchodzi w gr\u0119, gdy\u017c to najnowocze\u015bniejszy samolot bojowy dost\u0119pny na rynku.\u201d<\/p>\n","protected":false},"excerpt":{"rendered":"PRZEGL\u0104D PRASY WIADOMO\u015aCI Codzienny przegl\u0105d medi\u00f3w sektora bezpiecze\u0144stwa i obronno\u015bci. Autor. F-35.com wp.pl: \u201eTusk przesta\u0142 by\u0107 szanowanym graczem\u201d.&hellip;\n","protected":false},"author":2,"featured_media":151527,"comment_status":"","ping_status":"","sticky":false,"template":"","format":"standard","meta":{"footnotes":""},"categories":[5],"tags":[32,33,36,37,27,34,35,28,31,25,42,38,40,39,41,2235,29,30,26],"class_list":{"0":"post-151526","1":"post","2":"type-post","3":"status-publish","4":"format-standard","5":"has-post-thumbnail","7":"category-naglowki","8":"tag-breaking-news","9":"tag-breakingnews","10":"tag-featured-news","11":"tag-featurednews","12":"tag-headlines","13":"tag-latest-news","14":"tag-latestnews","15":"tag-naglowki","16":"tag-najwazniejsze-artykuly","17":"tag-news","18":"tag-pl","19":"tag-poland","20":"tag-polish","21":"tag-polska","22":"tag-polski","23":"tag-przeglad","24":"tag-top-stories","25":"tag-topstories","26":"tag-wiadomosci"},"share_on_mastodon":{"url":"https:\/\/pubeurope.com\/@pl\/115722486448144525","error":""},"_links":{"self":[{"href":"https:\/\/www.europesays.com\/pl\/wp-json\/wp\/v2\/posts\/151526","targetHints":{"allow":["GET"]}}],"collection":[{"href":"https:\/\/www.europesays.com\/pl\/wp-json\/wp\/v2\/posts"}],"about":[{"href":"https:\/\/www.europesays.com\/pl\/wp-json\/wp\/v2\/types\/post"}],"author":[{"embeddable":true,"href":"https:\/\/www.europesays.com\/pl\/wp-json\/wp\/v2\/users\/2"}],"replies":[{"embeddable":true,"href":"https:\/\/www.europesays.com\/pl\/wp-json\/wp\/v2\/comments?post=151526"}],"version-history":[{"count":0,"href":"https:\/\/www.europesays.com\/pl\/wp-json\/wp\/v2\/posts\/151526\/revisions"}],"wp:featuredmedia":[{"embeddable":true,"href":"https:\/\/www.europesays.com\/pl\/wp-json\/wp\/v2\/media\/151527"}],"wp:attachment":[{"href":"https:\/\/www.europesays.com\/pl\/wp-json\/wp\/v2\/media?parent=151526"}],"wp:term":[{"taxonomy":"category","embeddable":true,"href":"https:\/\/www.europesays.com\/pl\/wp-json\/wp\/v2\/categories?post=151526"},{"taxonomy":"post_tag","embeddable":true,"href":"https:\/\/www.europesays.com\/pl\/wp-json\/wp\/v2\/tags?post=151526"}],"curies":[{"name":"wp","href":"https:\/\/api.w.org\/{rel}","templated":true}]}}