{"id":151534,"date":"2025-12-15T07:53:07","date_gmt":"2025-12-15T07:53:07","guid":{"rendered":"https:\/\/www.europesays.com\/pl\/151534\/"},"modified":"2025-12-15T07:53:07","modified_gmt":"2025-12-15T07:53:07","slug":"kolumbia-autobus-spadl-w-przepasc-podrozowali-nim-licealisci","status":"publish","type":"post","link":"https:\/\/www.europesays.com\/pl\/151534\/","title":{"rendered":"Kolumbia. Autobus spad\u0142 w przepa\u015b\u0107, podr\u00f3\u017cowali nim liceali\u015bci"},"content":{"rendered":"<p>W skr\u00f3cie<\/p>\n<ul class=\"typography ids-typeset-body ids-typeset-body--preset-large list ids-list ids-list--unordered ids-list--size-large \" datatype=\"disc\">\n<li class=\"ids-list-item\">\n<p>Autobus wioz\u0105cy licealist\u00f3w spad\u0142 z urwiska w Kolumbii, zgin\u0119\u0142o 17 os\u00f3b, a 20 zosta\u0142o rannych.<\/p>\n<\/li>\n<li class=\"ids-list-item\">\n<p>W\u015br\u00f3d ofiar \u015bmiertelnych byli g\u0142\u00f3wnie uczniowie w wieku od 16 do 18 lat oraz kierowca.<\/p>\n<\/li>\n<li class=\"ids-list-item\">\n<p>Akcja ratunkowa by\u0142a utrudniona przez obecno\u015b\u0107 grupy partyzanckiej w okolicy, a kolumbijski prezydent z\u0142o\u017cy\u0142 kondolencje rodzinom.<\/p>\n<\/li>\n<li class=\"ids-list-item\"><\/li>\n<\/ul>\n<p class=\"typography ids-typeset-body ids-typeset-body--preset-large link paragraph ids-paragraph ids-paragraph--default\">Do wypadku dosz\u0142o w niedziel\u0119. Wcze\u015bniej kolumbijskie w\u0142adze informowa\u0142y o co najmniej 10 ofiarach &#8211; wieczorem przekazano wiadomo\u015b\u0107 o 17 zmar\u0142ych i 20 rannych, w tym trzech ci\u0119\u017cko.<\/p>\n<p>Tragiczny wypadek w Kolumbii. Nie \u017cyje 17 os\u00f3b<\/p>\n<p class=\"typography ids-typeset-body ids-typeset-body--preset-large link paragraph ids-paragraph ids-paragraph--default\">Jak poinformowa\u0142 w mediach spo\u0142eczno\u015bciowych gubernator stanu Antioquia, w kt\u00f3rym dosz\u0142o do tragedii, uczniowie byli w wieku\u00a0od 16 do 18 lat.<\/p>\n<p class=\"typography ids-typeset-body ids-typeset-body--preset-large link paragraph ids-paragraph ids-paragraph--default\">Autobus jecha\u0142 z karaibskiego miasta Tolu do Medellin &#8211; stolicy i najwi\u0119kszego miasta departamentu Antioquia &#8211; po wycieczce szkolnej i\u00a0przewozi\u0142 m\u0142odzie\u017c liceum, \u015bwi\u0119tuj\u0105c\u0105 zako\u0144czenie szko\u0142y &#8211; poda\u0142o &#8222;El Tiempo&#8221;.<\/p>\n<p class=\"typography ids-typeset-body ids-typeset-body--preset-large link paragraph ids-paragraph ids-paragraph--default\">Gubernator Andres Julian opublikowa\u0142 na swoim profilu w serwisie X nagranie, w kt\u00f3rym przekaza\u0142 szczeg\u00f3\u0142y tragedii i rozmawia w szpitalu z rannymi. Jeden z nich relacjonowa\u0142, \u017ce gdy spa\u0142, nagle us\u0142ysza\u0142 krzyki &#8211; to by\u0142o ostatnie co pami\u0119ta\u0142.<\/p>\n<p>Kolumbia. Autobus spad\u0142 w przepa\u015b\u0107. Prezydent przekaza\u0142 kondolencje<\/p>\n<p class=\"typography ids-typeset-body ids-typeset-body--preset-large link paragraph ids-paragraph ids-paragraph--default\">Wed\u0142ug doniesie\u0144 &#8222;El Espectador&#8221;, autobus spad\u0142 w ponad 60-metrow\u0105 przepa\u015b\u0107, a cz\u0119\u015b\u0107 pasa\u017cer\u00f3w zosta\u0142a uwi\u0119ziona w rozbitym poje\u017adzie, podczas gdy inni wypadli przez okna\u00a0w czasie upadku.<\/p>\n<p class=\"typography ids-typeset-body ids-typeset-body--preset-large link paragraph ids-paragraph ids-paragraph--default\">Wed\u0142ug kolumbijskich \u017ar\u00f3de\u0142, na kt\u00f3re powo\u0142uje si\u0119 agencja AFP, w rejonie katastrofy dzia\u0142a grupa partyzancka Armia Wyzwolenia Narodowego, przez co s\u0142u\u017cby musia\u0142y zachowa\u0107 szczeg\u00f3lne \u015brodki bezpiecze\u0144stwa, aby przeprowadzi\u0107 akcj\u0119 ratunkow\u0105.<\/p>\n<p class=\"typography ids-typeset-body ids-typeset-body--preset-large link paragraph ids-paragraph ids-paragraph--default\">&#8222;Bardzo mi ich \u017cal i wsp\u00f3\u0142czuj\u0119 ich rodzinom. To z\u0142a wiadomo\u015b\u0107 dla naszego kraju&#8221; &#8211; przekaza\u0142 prezydent <a href=\"https:\/\/wydarzenia.interia.pl\/tematy-kolumbia,gsbi,4813\" rel=\"nofollow noopener\" target=\"_blank\">Kolumbii<\/a> Gustavo Petro.<\/p>\n<p>&#8222;Wydarzenia&#8221;: Wr\u00f3ci powszechny pob\u00f3r? Ministerstwo stawia spraw\u0119 jasnoPolsat News<\/p>\n<p><a class=\"ids-undecorated-link source ids-page-info--source__link\" href=\"https:\/\/p.iplsc.com\/-\/000L0SCEGA4O3ESS.pdf\" rel=\"nofollow noopener\" target=\"_blank\"><img decoding=\"async\" class=\"ids-image-holder__img\" loading=\"lazy\" alt=\"\" title=\"\" height=\"24px\" src=\"https:\/\/www.europesays.com\/pl\/wp-content\/uploads\/2025\/11\/1763506629_520_0009A6098CYXTC6T-C202-F4.webp.webp\"\/><\/a><a class=\"ids-undecorated-link source ids-page-info--source__link\" href=\"https:\/\/www.interia.pl\" rel=\"nofollow noopener\" target=\"_blank\"><img decoding=\"async\" class=\"ids-image-holder__img\" loading=\"lazy\" alt=\"\" title=\"\" height=\"24px\" src=\"https:\/\/www.europesays.com\/pl\/wp-content\/uploads\/2025\/12\/1765749733_358_0009A60QQ5I2TYF7-C202-F4.webp.webp\"\/><\/a><\/p>\n<p>Masz sugestie, uwagi albo widzisz b\u0142\u0105d? Napisz do nas<\/p>\n","protected":false},"excerpt":{"rendered":"W skr\u00f3cie Autobus wioz\u0105cy licealist\u00f3w spad\u0142 z urwiska w Kolumbii, zgin\u0119\u0142o 17 os\u00f3b, a 20 zosta\u0142o rannych. W\u015br\u00f3d&hellip;\n","protected":false},"author":2,"featured_media":151535,"comment_status":"","ping_status":"","sticky":false,"template":"","format":"standard","meta":{"footnotes":""},"categories":[14],"tags":[32,33,27,34,35,28,31,25,40,41,80,29,30,26,82,83,84],"class_list":{"0":"post-151534","1":"post","2":"type-post","3":"status-publish","4":"format-standard","5":"has-post-thumbnail","7":"category-swiat","8":"tag-breaking-news","9":"tag-breakingnews","10":"tag-headlines","11":"tag-latest-news","12":"tag-latestnews","13":"tag-naglowki","14":"tag-najwazniejsze-artykuly","15":"tag-news","16":"tag-polish","17":"tag-polski","18":"tag-swiat","19":"tag-top-stories","20":"tag-topstories","21":"tag-wiadomosci","22":"tag-world","23":"tag-world-news","24":"tag-worldnews"},"share_on_mastodon":{"url":"https:\/\/pubeurope.com\/@pl\/115722506033595389","error":""},"_links":{"self":[{"href":"https:\/\/www.europesays.com\/pl\/wp-json\/wp\/v2\/posts\/151534","targetHints":{"allow":["GET"]}}],"collection":[{"href":"https:\/\/www.europesays.com\/pl\/wp-json\/wp\/v2\/posts"}],"about":[{"href":"https:\/\/www.europesays.com\/pl\/wp-json\/wp\/v2\/types\/post"}],"author":[{"embeddable":true,"href":"https:\/\/www.europesays.com\/pl\/wp-json\/wp\/v2\/users\/2"}],"replies":[{"embeddable":true,"href":"https:\/\/www.europesays.com\/pl\/wp-json\/wp\/v2\/comments?post=151534"}],"version-history":[{"count":0,"href":"https:\/\/www.europesays.com\/pl\/wp-json\/wp\/v2\/posts\/151534\/revisions"}],"wp:featuredmedia":[{"embeddable":true,"href":"https:\/\/www.europesays.com\/pl\/wp-json\/wp\/v2\/media\/151535"}],"wp:attachment":[{"href":"https:\/\/www.europesays.com\/pl\/wp-json\/wp\/v2\/media?parent=151534"}],"wp:term":[{"taxonomy":"category","embeddable":true,"href":"https:\/\/www.europesays.com\/pl\/wp-json\/wp\/v2\/categories?post=151534"},{"taxonomy":"post_tag","embeddable":true,"href":"https:\/\/www.europesays.com\/pl\/wp-json\/wp\/v2\/tags?post=151534"}],"curies":[{"name":"wp","href":"https:\/\/api.w.org\/{rel}","templated":true}]}}