{"id":151536,"date":"2025-12-15T07:54:11","date_gmt":"2025-12-15T07:54:11","guid":{"rendered":"https:\/\/www.europesays.com\/pl\/151536\/"},"modified":"2025-12-15T07:54:11","modified_gmt":"2025-12-15T07:54:11","slug":"syreny-alarmowe-na-mazowszu-jest-alert-rcb-zachowaj-spokoj","status":"publish","type":"post","link":"https:\/\/www.europesays.com\/pl\/151536\/","title":{"rendered":"Syreny alarmowe na Mazowszu. Jest alert RCB. &#8222;Zachowaj spok\u00f3j&#8221;"},"content":{"rendered":"<p>\u0106wiczenia z u\u017cyciem syren alarmowych w woj. mazowieckim<\/p>\n<p>&#8222;Uwaga! 15-18 grudnia 2025 na terenie woj. mazowieckiego odb\u0119dzie si\u0119 \u0107wiczenie 'Syrena-25&#8242; z wykorzystaniem syren alarmowych&#8221; &#8211; brzmi tre\u015b\u0107 alertu Rz\u0105dowego Centrum Bezpiecze\u0144stwa.<\/p>\n<p>\u0106wiczenia na Mazowszu. Do mieszka\u0144c\u00f3w wys\u0142ano alert RCB<\/p>\n<p>Jak czytamy, ostrze\u017cenie zosta\u0142o wys\u0142ane do odbiorc\u00f3w na terenie wojew\u00f3dztwa mazowieckiego. &#8222;Zachowaj spok\u00f3j&#8221; &#8211; apeluj\u0105 s\u0142u\u017cby.<\/p>\n<p>\u00a0<\/p>\n<p>Wojewoda mazowiecki Mariusz Frankowski informowa\u0142 wcze\u015bniej, \u017ce uruchomienie syren alarmowych to test w ramach \u0107wicze\u0144 &#8222;Syrena-25&#8221;. Sygna\u0142y d\u017awi\u0119kowe s\u0142ycha\u0107 b\u0119dzie w godzinach 8-15.<\/p>\n<p>\u00a0<\/p>\n<p>ZOBACZ:\u00a0<a href=\"https:\/\/www.polsatnews.pl\/wiadomosc\/2025-12-14\/czesci-obiektu-przypominajace-drona-w-woj-lubelskim-trwa-akcja-sluzb\/\" rel=\"nofollow noopener\" target=\"_blank\">&#8222;Cz\u0119\u015bci obiektu przypominaj\u0105ce drona&#8221; w woj. lubelskim. Akcja s\u0142u\u017cb<\/a><\/p>\n<p>\u00a0<\/p>\n<p>W trakcie \u0107wicze\u0144 emitowany b\u0119dzie ci\u0105g\u0142y d\u017awi\u0119k syren alarmowych trwaj\u0105cy minut\u0119 na og\u0142oszenie i odwo\u0142anie alarmu.<\/p>\n<p>&#8222;Nie oznaczaj\u0105 realnego zagro\u017cenia. Zawyj\u0105 syreny alarmowe<\/p>\n<p>&#8211; Sygna\u0142y b\u0119d\u0105 mia\u0142y charakter \u0107wiczebny i s\u0142u\u017cy\u0107 b\u0119d\u0105 wy\u0142\u0105cznie sprawdzeniu funkcjonowania systemu alarmowania i ostrzegania ludno\u015bci na terenie wojew\u00f3dztwa mazowieckiego oraz wewn\u0119trznych procedur reagowania &#8211; wyja\u015bni\u0142 wojewoda Frankowski.<\/p>\n<p>\u00a0<\/p>\n<p>Zaapelowa\u0142 o zachowanie spokoju oraz niepodejmowanie \u017cadnych dzia\u0142a\u0144. Sygna\u0142y emitowane w trakcie \u0107wicze\u0144 &#8222;Syrena-25&#8221; nie oznaczaj\u0105 realnego zagro\u017cenia.\u00a0<\/p>\n<p>\u00a0<\/p>\n<p>Widzia\u0142e\u015b co\u015b wa\u017cnego? Przy\u015blij zdj\u0119cie, film lub napisz, co si\u0119 sta\u0142o. Skorzystaj z naszej <a href=\"https:\/\/www.polsatnews.pl\/platforma-widzow\/\" target=\"_blank\" rel=\"noopener noreferrer nofollow\">Wrzutni<\/a><\/p>\n<p>                <img decoding=\"async\" src=\"https:\/\/www.europesays.com\/pl\/wp-content\/uploads\/2025\/12\/1765710069_595_bkev7v2owkn1byxvgmk944sam7swwjju.jpg\" alt=\"\" itemprop=\"contentUrl\" style=\"position:absolute; width: 100%; max-height: 100%;\"\/><video controls=\"\" controlslist=\"nodownload\" poster=\"https:\/\/www.europesays.com\/pl\/wp-content\/uploads\/2025\/12\/1765710069_595_bkev7v2owkn1byxvgmk944sam7swwjju.jpg\" class=\"videoPlayer player6855688 news__video\" data-id=\"6855688\">Twoja przegl\u0105darka nie wspiera odtwarzacza wideo&#8230;<\/video><\/p>\n<p>                <a class=\"news__read-more-button\" href=\"https:\/\/www.polsatnews.pl\/\" rel=\"nofollow noopener\" target=\"_blank\">Czytaj wi\u0119cej<\/a><\/p>\n<p>\t\t\tChcesz by\u0107 na bie\u017c\u0105co z najnowszymi newsami?<\/p>\n<p class=\"app-ad__preview\">Jeste\u015bmy w aplikacji na Tw\u00f3j telefon. Sprawd\u017a\u00a0nas!<\/p>\n","protected":false},"excerpt":{"rendered":"\u0106wiczenia z u\u017cyciem syren alarmowych w woj. mazowieckim &#8222;Uwaga! 15-18 grudnia 2025 na terenie woj. mazowieckiego odb\u0119dzie si\u0119&hellip;\n","protected":false},"author":2,"featured_media":151537,"comment_status":"","ping_status":"","sticky":false,"template":"","format":"standard","meta":{"footnotes":""},"categories":[12],"tags":[32,33,36,37,27,34,35,28,31,25,42,38,40,39,41,29,30,26],"class_list":{"0":"post-151536","1":"post","2":"type-post","3":"status-publish","4":"format-standard","5":"has-post-thumbnail","7":"category-polska","8":"tag-breaking-news","9":"tag-breakingnews","10":"tag-featured-news","11":"tag-featurednews","12":"tag-headlines","13":"tag-latest-news","14":"tag-latestnews","15":"tag-naglowki","16":"tag-najwazniejsze-artykuly","17":"tag-news","18":"tag-pl","19":"tag-poland","20":"tag-polish","21":"tag-polska","22":"tag-polski","23":"tag-top-stories","24":"tag-topstories","25":"tag-wiadomosci"},"share_on_mastodon":{"url":"https:\/\/pubeurope.com\/@pl\/115722510069307125","error":""},"_links":{"self":[{"href":"https:\/\/www.europesays.com\/pl\/wp-json\/wp\/v2\/posts\/151536","targetHints":{"allow":["GET"]}}],"collection":[{"href":"https:\/\/www.europesays.com\/pl\/wp-json\/wp\/v2\/posts"}],"about":[{"href":"https:\/\/www.europesays.com\/pl\/wp-json\/wp\/v2\/types\/post"}],"author":[{"embeddable":true,"href":"https:\/\/www.europesays.com\/pl\/wp-json\/wp\/v2\/users\/2"}],"replies":[{"embeddable":true,"href":"https:\/\/www.europesays.com\/pl\/wp-json\/wp\/v2\/comments?post=151536"}],"version-history":[{"count":0,"href":"https:\/\/www.europesays.com\/pl\/wp-json\/wp\/v2\/posts\/151536\/revisions"}],"wp:featuredmedia":[{"embeddable":true,"href":"https:\/\/www.europesays.com\/pl\/wp-json\/wp\/v2\/media\/151537"}],"wp:attachment":[{"href":"https:\/\/www.europesays.com\/pl\/wp-json\/wp\/v2\/media?parent=151536"}],"wp:term":[{"taxonomy":"category","embeddable":true,"href":"https:\/\/www.europesays.com\/pl\/wp-json\/wp\/v2\/categories?post=151536"},{"taxonomy":"post_tag","embeddable":true,"href":"https:\/\/www.europesays.com\/pl\/wp-json\/wp\/v2\/tags?post=151536"}],"curies":[{"name":"wp","href":"https:\/\/api.w.org\/{rel}","templated":true}]}}