{"id":151548,"date":"2025-12-15T08:00:09","date_gmt":"2025-12-15T08:00:09","guid":{"rendered":"https:\/\/www.europesays.com\/pl\/151548\/"},"modified":"2025-12-15T08:00:09","modified_gmt":"2025-12-15T08:00:09","slug":"odwolane-zajecia-w-walencji-obowiazuja-alerty-przed-intensywnymi-opadami","status":"publish","type":"post","link":"https:\/\/www.europesays.com\/pl\/151548\/","title":{"rendered":"Odwo\u0142ane zaj\u0119cia w Walencji. Obowi\u0105zuj\u0105 alerty przed intensywnymi opadami"},"content":{"rendered":"<p>W niedziel\u0119\u00a0z powodu z\u0142ej pogody dosz\u0142o do zak\u0142\u00f3cenia w ruchu poci\u0105g\u00f3w w Walencji, Almerii i Murcji. W zwi\u0105zku z intensywnymi opadami odwo\u0142ano mecz ligi hiszpa\u0144skiej\u00a0Levante -Villarreal.\u00a0<\/p>\n<p>Prognozy nie by\u0142y optymistyczne, dlatego Urz\u0105d Miasta Walencja otworzy\u0142 te\u017c w niedziel\u0119 trzy centra pomocy w sytuacjach kryzysowych. W zwi\u0105zku z pe\u0142nym ob\u0142o\u017ceniem tych plac\u00f3wek otwarta zosta\u0142a tak\u017ce hala sportowa w Benimaclet, kt\u00f3ra zapewnia\u0142 schronienie osobom bezdomnym.<\/p>\n<p>Do zachowania szczeg\u00f3lnej ostro\u017cno\u015bci na zagro\u017conych terenach wezwa\u0142 w niedziel\u0119 premier Hiszpanii Pedro Sanchez.<\/p>\n<p>Decyzja o zamkni\u0119ciu szk\u00f3\u0142 dotyczy przede wszystkim plac\u00f3wek po\u0142o\u017conych na terenach zalewowych oraz tych, kt\u00f3re ucierpia\u0142y podczas powodzi w pa\u017adzierniku 2024 roku.\u00a0O przej\u015bciu na nauczanie zdalne na uczelniach ograniczenie przemieszczania si\u0119 student\u00f3w, zw\u0142aszcza tych doje\u017cd\u017caj\u0105cych spoza aglomeracji miejskiej, kt\u00f3rzy musieliby pokonywa\u0107 tereny szczeg\u00f3lnie nara\u017cone na zalanie.<\/p>\n<p>Pod koniec pa\u017adziernika 2024 r. w Walencji mia\u0142y miejsce gwa\u0142towne powodzie, w wyniku kt\u00f3rych zgin\u0119\u0142o ponad 220 os\u00f3b. Po tragedii usprawniono systemy ostrzegania i przeprowadzono akcje przygotowuj\u0105ce na wyst\u0105pienie niebezpiecze\u0144stwa w przysz\u0142o\u015bci.<\/p>\n<p>Tysi\u0105ce mieszka\u0144c\u00f3w regularnie przez rok protestowa\u0142o w centrum Walencji przeciwko szefowi regionalnego rz\u0105du Carlosowi Mazonowi, oskar\u017caj\u0105c go o z\u0142e zarz\u0105dzanie sytuacj\u0105 kryzysow\u0105. Mazon nie przyznawa\u0142 si\u0119 do winy, jednak w ko\u0144cu poda\u0142 si\u0119 do dymisji na pocz\u0105tku listopada 2025 r.<\/p>\n","protected":false},"excerpt":{"rendered":"W niedziel\u0119\u00a0z powodu z\u0142ej pogody dosz\u0142o do zak\u0142\u00f3cenia w ruchu poci\u0105g\u00f3w w Walencji, Almerii i Murcji. W zwi\u0105zku&hellip;\n","protected":false},"author":2,"featured_media":151549,"comment_status":"","ping_status":"","sticky":false,"template":"","format":"standard","meta":{"footnotes":""},"categories":[14],"tags":[32,33,27,34,35,28,31,25,40,41,80,29,30,26,82,83,84],"class_list":{"0":"post-151548","1":"post","2":"type-post","3":"status-publish","4":"format-standard","5":"has-post-thumbnail","7":"category-swiat","8":"tag-breaking-news","9":"tag-breakingnews","10":"tag-headlines","11":"tag-latest-news","12":"tag-latestnews","13":"tag-naglowki","14":"tag-najwazniejsze-artykuly","15":"tag-news","16":"tag-polish","17":"tag-polski","18":"tag-swiat","19":"tag-top-stories","20":"tag-topstories","21":"tag-wiadomosci","22":"tag-world","23":"tag-world-news","24":"tag-worldnews"},"share_on_mastodon":{"url":"https:\/\/pubeurope.com\/@pl\/115722533488744690","error":""},"_links":{"self":[{"href":"https:\/\/www.europesays.com\/pl\/wp-json\/wp\/v2\/posts\/151548","targetHints":{"allow":["GET"]}}],"collection":[{"href":"https:\/\/www.europesays.com\/pl\/wp-json\/wp\/v2\/posts"}],"about":[{"href":"https:\/\/www.europesays.com\/pl\/wp-json\/wp\/v2\/types\/post"}],"author":[{"embeddable":true,"href":"https:\/\/www.europesays.com\/pl\/wp-json\/wp\/v2\/users\/2"}],"replies":[{"embeddable":true,"href":"https:\/\/www.europesays.com\/pl\/wp-json\/wp\/v2\/comments?post=151548"}],"version-history":[{"count":0,"href":"https:\/\/www.europesays.com\/pl\/wp-json\/wp\/v2\/posts\/151548\/revisions"}],"wp:featuredmedia":[{"embeddable":true,"href":"https:\/\/www.europesays.com\/pl\/wp-json\/wp\/v2\/media\/151549"}],"wp:attachment":[{"href":"https:\/\/www.europesays.com\/pl\/wp-json\/wp\/v2\/media?parent=151548"}],"wp:term":[{"taxonomy":"category","embeddable":true,"href":"https:\/\/www.europesays.com\/pl\/wp-json\/wp\/v2\/categories?post=151548"},{"taxonomy":"post_tag","embeddable":true,"href":"https:\/\/www.europesays.com\/pl\/wp-json\/wp\/v2\/tags?post=151548"}],"curies":[{"name":"wp","href":"https:\/\/api.w.org\/{rel}","templated":true}]}}