{"id":151550,"date":"2025-12-15T08:01:53","date_gmt":"2025-12-15T08:01:53","guid":{"rendered":"https:\/\/www.europesays.com\/pl\/151550\/"},"modified":"2025-12-15T08:01:53","modified_gmt":"2025-12-15T08:01:53","slug":"zima-bedzie-w-calkowitym-potrzasku-przed-nami-dzien-ze-zdumiewajaca-pogoda","status":"publish","type":"post","link":"https:\/\/www.europesays.com\/pl\/151550\/","title":{"rendered":"Zima b\u0119dzie w ca\u0142kowitym potrzasku. Przed nami dzie\u0144 ze zdumiewaj\u0105c\u0105 pogod\u0105"},"content":{"rendered":"<p class=\"Paragraph_desktopParagraph__U31Gm\">Od rana, poza obszarami podg\u00f3rskimi, gdzie temperatura spad\u0142a w okolice 0 st. C i nieco poni\u017cej, wsz\u0119dzie mamy wyra\u017anie dodatnie warto\u015bci. Na niebie przewa\u017caj\u0105 jednak chmury, z kt\u00f3rych lokalnie na wschodzie oraz po\u0142udniu pada <a href=\"https:\/\/wiadomosci.onet.pl\/deszcz\" id=\"f5c004ba-92c0-4b34-bb34-68121c14285a\" rel=\"nofollow noopener\" target=\"_blank\">deszcz<\/a>, ale niezbyt mocno.<\/p>\n<p>Zima dzi\u015b na pewno nie wr\u00f3ci do Polski. To b\u0119dzie kolejny dzie\u0144 ze zdumiewaj\u0105c\u0105 pogod\u0105 <\/p>\n<p class=\"Paragraph_desktopParagraph__U31Gm\">Kolejne godziny nie przynios\u0105 wi\u0119kszych zmian w pogodzie. Na niebie utrzyma si\u0119 spore zachmurzenie, ale regularnie powinno si\u0119 te\u017c pokazywa\u0107 <a href=\"https:\/\/wiadomosci.onet.pl\/slonce\" id=\"3c85a0f7-8c3d-4de7-b3e7-cbacb2f224cd\" rel=\"nofollow noopener\" target=\"_blank\">s\u0142o\u0144ce<\/a>. Na wschodzie i po\u0142udniowym wschodzie warto mie\u0107 przy sobie parasole, poniewa\u017c od czasu do czasu popada deszcz. B\u0119dzie on jednak niewielki, przelotny i z godziny na godzin\u0119 wyst\u0119powa\u0107 ma coraz rzadziej.<\/p>\n<p><img decoding=\"async\" class=\"Image_image__0tuHp Image_autoHeight__f2n87 \" height=\"587\" width=\"482\" src=\"https:\/\/www.europesays.com\/pl\/wp-content\/uploads\/2025\/12\/kPOk9kpTURBXy9mYTMwYWQxMTNhYzU5MjMwMGRmMWFjMGIxYzg5N2Y4ZC5wbmeSlQLNA6wAwsOVAgDNAkvCw94AA6EwAaExAaEzw.jpeg\" alt=\"Czeka nas kolejny ciep\u0142y dzie\u0144, ale miejscami niewykluczony jest deszcz\" loading=\"lazy\" \/>Arkadiusz P\u0142achta \/ Onet<\/p>\n<p>Czeka nas kolejny ciep\u0142y dzie\u0144, ale miejscami niewykluczony jest deszcz<\/p>\n<p class=\"Paragraph_desktopParagraph__U31Gm\">S\u0142upki rt\u0119ci poka\u017c\u0105 dzi\u015b wyr\u00f3wnane, ale wysokie warto\u015bci. Maksymalnie odnotujemy od 4 st. C na Kielecczy\u017anie oraz Podhalu, 5-6 st. C w centrum do 7 st. C w woj. dolno\u015bl\u0105skim i opolskim.<\/p>\n<p class=\"VideoPlayerText_videoPlayerText__iDwyz\">Dalszy ci\u0105g materia\u0142u pod wideo<\/p>\n<p class=\"Paragraph_desktopParagraph__U31Gm\">Wiatr umiarkowany, na wschodzie i Wybrze\u017cu okresami porywisty, zachodni oraz po\u0142udniowo-zachodni. Wysokie temperatury sprawi\u0105, \u017ce odczujemy dzi\u015b komfort termiczny, a w czasie rozpogodze\u0144 nawet ciep\u0142o. <a href=\"https:\/\/wiadomosci.onet.pl\/pogoda\" id=\"11037452-ab00-41ec-91ea-67e4fd49a745\" rel=\"nofollow noopener\" target=\"_blank\">Pogoda<\/a> nie wp\u0142ynie jednak szczeg\u00f3lnie dobrze na nasze samopoczucie.<\/p>\n<ul class=\"OchatFollowUps_wrapper__1ry7X\">\n<li class=\"OchatFollowUps_item__Dhyly OchatFollowUps_itemDesktop__R6aBv\">Jakie b\u0119d\u0105 dzisiaj temperatury w Polsce?<\/li>\n<li class=\"OchatFollowUps_item__Dhyly OchatFollowUps_itemDesktop__R6aBv\">Czy dzisiaj jest przewidywane s\u0142o\u0144ce?<\/li>\n<li class=\"OchatFollowUps_item__Dhyly OchatFollowUps_itemDesktop__R6aBv\">Jakie opady mog\u0105 wyst\u0105pi\u0107 dzisiaj?<\/li>\n<li class=\"OchatFollowUps_item__Dhyly OchatFollowUps_itemDesktop__R6aBv\">Jakie warunki b\u0119d\u0105 w nocy?<\/li>\n<\/ul>\n<p>W nocy nie zabraknie rozpogodze\u0144, ale zrobi si\u0119 ch\u0142odno. Miejscami temperatura spadnie do -5 st. C <\/p>\n<p class=\"Paragraph_desktopParagraph__U31Gm\">W nocy na p\u00f3\u0142nocy b\u0119dzie pochmurno, ale ju\u017c im dalej na po\u0142udnie, tym spodziewamy si\u0119 cz\u0119stszych rozpogodze\u0144. Opad\u00f3w nigdzie nie zapowiadamy, ale nad ranem zaczn\u0105 tworzy\u0107 si\u0119 mg\u0142y i zamglenia, niekt\u00f3re do\u015b\u0107 g\u0119ste i marzn\u0105ce, ograniczaj\u0105ce widzialno\u015b\u0107 do ok. 200 m.<\/p>\n<p><img decoding=\"async\" class=\"Image_image__0tuHp Image_autoHeight__f2n87 \" height=\"587\" width=\"482\" src=\"https:\/\/www.europesays.com\/pl\/wp-content\/uploads\/2025\/12\/COik9kpTURBXy81OGIwZWJmYjA4MTI0OTZmMTNjNDNlZTU1NTg5ODg2ZC5wbmeSlQLNA6wAwsOVAgDNAkvCw94AA6EwAaExAaEzw.jpeg\" alt=\"W nocy na po\u0142udniu i cz\u0119\u015bciowo w centrum pojawi si\u0119 lekki mr\u00f3z\" loading=\"lazy\" \/>Arkadiusz P\u0142achta \/ Onet<\/p>\n<p>W nocy na po\u0142udniu i cz\u0119\u015bciowo w centrum pojawi si\u0119 lekki mr\u00f3z<\/p>\n<p class=\"Paragraph_desktopParagraph__U31Gm\">Temperatura minimalna wyniesie od -5 st. C w rejonie Zakopanego, -3 st. C w Ma\u0142opolsce, -1 st. C w centrum do 2-3 st. C na Wybrze\u017cu, Warmii, Mazurach oraz Suwalszczy\u017anie. Wiatr powieje s\u0142abo b\u0105d\u017a umiarkowanie, z kierunk\u00f3w zachodnich i po\u0142udniowych.<\/p>\n","protected":false},"excerpt":{"rendered":"Od rana, poza obszarami podg\u00f3rskimi, gdzie temperatura spad\u0142a w okolice 0 st. C i nieco poni\u017cej, wsz\u0119dzie mamy&hellip;\n","protected":false},"author":2,"featured_media":151551,"comment_status":"","ping_status":"","sticky":false,"template":"","format":"standard","meta":{"footnotes":""},"categories":[12],"tags":[32,33,169,36,37,27,67,34,35,6987,28,31,53,25,52,68,51,55,42,78,38,40,39,41,47,12356,29,30,65,50,26],"class_list":{"0":"post-151550","1":"post","2":"type-post","3":"status-publish","4":"format-standard","5":"has-post-thumbnail","7":"category-polska","8":"tag-breaking-news","9":"tag-breakingnews","10":"tag-deszcz","11":"tag-featured-news","12":"tag-featurednews","13":"tag-headlines","14":"tag-intextvideo_splayer","15":"tag-latest-news","16":"tag-latestnews","17":"tag-mroz","18":"tag-naglowki","19":"tag-najwazniejsze-artykuly","20":"tag-new_header","21":"tag-news","22":"tag-onet3","23":"tag-onet3d","24":"tag-onet3d_2i","25":"tag-phx","26":"tag-pl","27":"tag-pogoda","28":"tag-poland","29":"tag-polish","30":"tag-polska","31":"tag-polski","32":"tag-screening_general","33":"tag-slonce_gwiazda","34":"tag-top-stories","35":"tag-topstories","36":"tag-update_me","37":"tag-v2021","38":"tag-wiadomosci"},"share_on_mastodon":{"url":"https:\/\/pubeurope.com\/@pl\/115722541281506023","error":""},"_links":{"self":[{"href":"https:\/\/www.europesays.com\/pl\/wp-json\/wp\/v2\/posts\/151550","targetHints":{"allow":["GET"]}}],"collection":[{"href":"https:\/\/www.europesays.com\/pl\/wp-json\/wp\/v2\/posts"}],"about":[{"href":"https:\/\/www.europesays.com\/pl\/wp-json\/wp\/v2\/types\/post"}],"author":[{"embeddable":true,"href":"https:\/\/www.europesays.com\/pl\/wp-json\/wp\/v2\/users\/2"}],"replies":[{"embeddable":true,"href":"https:\/\/www.europesays.com\/pl\/wp-json\/wp\/v2\/comments?post=151550"}],"version-history":[{"count":0,"href":"https:\/\/www.europesays.com\/pl\/wp-json\/wp\/v2\/posts\/151550\/revisions"}],"wp:featuredmedia":[{"embeddable":true,"href":"https:\/\/www.europesays.com\/pl\/wp-json\/wp\/v2\/media\/151551"}],"wp:attachment":[{"href":"https:\/\/www.europesays.com\/pl\/wp-json\/wp\/v2\/media?parent=151550"}],"wp:term":[{"taxonomy":"category","embeddable":true,"href":"https:\/\/www.europesays.com\/pl\/wp-json\/wp\/v2\/categories?post=151550"},{"taxonomy":"post_tag","embeddable":true,"href":"https:\/\/www.europesays.com\/pl\/wp-json\/wp\/v2\/tags?post=151550"}],"curies":[{"name":"wp","href":"https:\/\/api.w.org\/{rel}","templated":true}]}}