{"id":151554,"date":"2025-12-15T08:05:13","date_gmt":"2025-12-15T08:05:13","guid":{"rendered":"https:\/\/www.europesays.com\/pl\/151554\/"},"modified":"2025-12-15T08:05:13","modified_gmt":"2025-12-15T08:05:13","slug":"baron-zaskoczyl-kolejnym-wpisem-po-plotkach-o-rozwodzie-tak-obecnie-sie-czuje","status":"publish","type":"post","link":"https:\/\/www.europesays.com\/pl\/151554\/","title":{"rendered":"Baron zaskoczy\u0142 kolejnym wpisem po plotkach o rozwodzie. Tak obecnie si\u0119 czuje"},"content":{"rendered":"<p class=\"Paragraph_desktopParagraph__U31Gm\">10 grudnia pojawi\u0142a si\u0119 informacja, \u017ce w listopadzie do jednego z warszawskich s\u0105d\u00f3w wp\u0142yn\u0105\u0142 kolejny medialny pozew rozwodowy. Tym razem chodzi o Sandr\u0119 Kubick\u0105 i <a href=\"https:\/\/plejada.pl\/temat\/aleksander-milwiw-baron\" id=\"7342bd15-90a3-4ecc-83c2-861811933f89\" rel=\"nofollow noopener\" target=\"_blank\">Aleksandra Milwiwa-Barona<\/a>. Mimo wcze\u015bniejszych pr\u00f3b ratowania ma\u0142\u017ce\u0144stwa, modelka postanowi\u0142a zako\u0144czy\u0107 zwi\u0105zek. Na razie nie wyznaczono jeszcze terminu rozprawy.<\/p>\n<ul class=\"OchatFollowUps_wrapper__1ry7X\">\n<li class=\"OchatFollowUps_item__Dhyly OchatFollowUps_itemDesktop__R6aBv\">Czy Baron i Kubicka komentuj\u0105 plotki o rozwodzie?<\/li>\n<li class=\"OchatFollowUps_item__Dhyly OchatFollowUps_itemDesktop__R6aBv\">Kiedy Baron obchodzi\u0142 swoje urodziny?<\/li>\n<li class=\"OchatFollowUps_item__Dhyly OchatFollowUps_itemDesktop__R6aBv\">Jakie uczucia wyrazi\u0142 Baron po urodzinach?<\/li>\n<li class=\"OchatFollowUps_item__Dhyly OchatFollowUps_itemDesktop__R6aBv\">Dlaczego Kubicka postanowi\u0142a zako\u0144czy\u0107 zwi\u0105zek?<\/li>\n<\/ul>\n<p>Baron zn\u00f3w odezwa\u0142 si\u0119 po wie\u015bciach o rozwodzie. &#8222;Czuj\u0119 wdzi\u0119czno\u015b\u0107&#8221; <\/p>\n<p class=\"Paragraph_desktopParagraph__U31Gm\">Sandra Kubicka, w opublikowanym przez siebie o\u015bwiadczeniu, podkre\u015bli\u0142a, \u017ce nie zamierza publicznie komentowa\u0107 spraw zwi\u0105zanych z jej \u017cyciem prywatnym. Doda\u0142a jednak, \u017ce razem z (jeszcze) m\u0119\u017cem zawsze b\u0119dzie ich \u0142\u0105czy\u0107 syn, dla kt\u00f3rego oboje staraj\u0105 si\u0119 stworzy\u0107 jak najlepsze warunki do dorastania. &#8222;Wci\u0105\u017c sp\u0119dzamy razem czas&#8221; \u2014 zaznaczy\u0142a, odnosz\u0105c si\u0119 do wsp\u00f3lnej opieki nad dzieckiem.<\/p>\n<p class=\"Paragraph_desktopParagraph__U31Gm\">Pomimo decyzji o rozstaniu, Kubicka i Baron staraj\u0105 si\u0119 utrzyma\u0107 dobre relacje dla dobra swojego dziecka. 13 grudnia Aleksander Milwiw-Baron obchodzi\u0142 swoje 42. urodziny. Z tej okazji Sandra Kubicka opublikowa\u0142a InstaStories, w kt\u00f3rym stwierdzi\u0142a, \u017ce &#8222;42 nigdy nie wygl\u0105da\u0142o tak dobrze&#8221;. Teraz g\u0142os zabra\u0142 muzyk, kt\u00f3ry w mediach spo\u0142eczno\u015bciowych zwr\u00f3ci\u0142 si\u0119 do fan\u00f3w.<\/p>\n<blockquote>\n<p class=\"Paragraph_desktopParagraph__U31Gm\">Dzi\u0119kuj\u0119 wam za wszystkie \u017cyczenia urodzinowe. Czuj\u0119 w sercu wdzi\u0119czno\u015b\u0107, rado\u015b\u0107 i szcz\u0119\u015bcie! Wam \u017cycz\u0119 tego samego<\/p>\n<\/blockquote>\n<p class=\"Paragraph_desktopParagraph__U31Gm\">\u2014 napisa\u0142 na Instagramie.<\/p>\n<p><img decoding=\"async\" class=\"Image_image__0tuHp Image_autoHeight__f2n87 \" height=\"587\" width=\"327\" src=\"https:\/\/www.europesays.com\/pl\/wp-content\/uploads\/2025\/12\/LTxk9kpTURBXy82Y2U2MTY2M2RjODkyN2I4OGEzODYxOGQ3ZDYwM2Q2YS5qcGeSlQLNA6wAwsOVAgDNAkvCw94AA6EwAaExAaEzw.jpeg\" alt=\"Baron\" loading=\"lazy\" \/>instagram.com\/alekbaron<\/p>\n<p>Baron<\/p>\n<p><img decoding=\"async\" class=\"Image_image__0tuHp Image_autoHeight__f2n87 \" height=\"587\" width=\"391\" src=\"https:\/\/www.europesays.com\/pl\/wp-content\/uploads\/2025\/12\/2BJk9kpTURBXy84MzUxNDE1MDcyZTgwZDUyMGM4MzA0YWI2MGQyOWUxZS5qcGeSlQLNA6wAwsOVAgDNAkvCw94AA6EwAaExAaEzw.jpeg\" alt=\"Aleksander Baron i Sandra Kubicka\" loading=\"lazy\" \/>Wojciech Olkusnik\/East News \/ East News<\/p>\n<p>Aleksander Baron i Sandra Kubicka<\/p>\n<p class=\"Paragraph_desktopParagraph__U31Gm\">Dzi\u0119kujemy, \u017ce przeczyta\u0142a\u015b\/e\u015b nasz artyku\u0142 do ko\u0144ca. W serwisie Plejada.pl ka\u017cdego dnia piszemy o najwa\u017cniejszych wydarzeniach show-biznesowych. B\u0105d\u017a na bie\u017c\u0105co! <a rel=\"nofollow noopener\" href=\"https:\/\/profile.google.com\/cp\/Cg0vZy8xMWJ6X19wdHBx\" id=\"a9842a48-0ec8-4ebf-b67e-168b21487b2a\" target=\"_blank\">Obserwuj<\/a> Plejad\u0119 w Wiadomo\u015bciach Google. Odwied\u017a nas tak\u017ce na <a rel=\"nofollow noopener\" href=\"https:\/\/www.facebook.com\/plejadapl\" id=\"686a1f1b-3faf-442c-aee1-73353c907111\" target=\"_blank\">Facebooku<\/a>, <a rel=\"nofollow noopener\" href=\"https:\/\/www.instagram.com\/plejadapl\/\" id=\"f232d4e1-48d3-4db6-80c7-18bff7a6bd47\" target=\"_blank\">Instagramie<\/a>, <a rel=\"nofollow noopener\" href=\"https:\/\/www.youtube.com\/c\/plejada\" id=\"05f9f3b4-d24e-490e-b4a5-7800c55aaf73\" target=\"_blank\">YouTube<\/a> oraz <a rel=\"nofollow noopener\" href=\"https:\/\/www.tiktok.com\/@plejada_pl\" id=\"b49f78a8-aa5d-499e-8bc4-671afe21a940\" target=\"_blank\">TikToku<\/a>.<\/p>\n<p class=\"Paragraph_desktopParagraph__U31Gm\">Chcesz podzieli\u0107 si\u0119 ciekawym newsem lub zaproponowa\u0107 temat? Skontaktuj si\u0119 z nami, pisz\u0105c e-maila na adres: <a href=\"https:\/\/www.onet.pl\/styl-zycia\/plejada\/baron-zaskoczyl-kolejnym-wpisem-po-plotkach-o-rozwodzie-tak-obecnie-sie-czuje\/mailto:plejada@redakcjaonet.pl\" id=\"2e8ad3e9-76a7-4b94-87a7-6fce76b45b12\" rel=\"nofollow noopener\" target=\"_blank\">plejada@redakcjaonet.pl<\/a>.<\/p>\n<p><script async src=\"\/\/www.instagram.com\/embed.js\"><\/script><script async src=\"\/\/www.tiktok.com\/embed.js\"><\/script><\/p>\n","protected":false},"excerpt":{"rendered":"10 grudnia pojawi\u0142a si\u0119 informacja, \u017ce w listopadzie do jednego z warszawskich s\u0105d\u00f3w wp\u0142yn\u0105\u0142 kolejny medialny pozew rozwodowy.&hellip;\n","protected":false},"author":2,"featured_media":151555,"comment_status":"","ping_status":"","sticky":false,"template":"","format":"standard","meta":{"footnotes":""},"categories":[22],"tags":[2993,122,67,53,52,68,51,55,42,38,40,39,41,123,2992,47,196,65,50],"class_list":{"0":"post-151554","1":"post","2":"type-post","3":"status-publish","4":"format-standard","5":"has-post-thumbnail","7":"category-rozrywka","8":"tag-aleksander_milwiw_baron","9":"tag-entertainment","10":"tag-intextvideo_splayer","11":"tag-new_header","12":"tag-onet3","13":"tag-onet3d","14":"tag-onet3d_2i","15":"tag-phx","16":"tag-pl","17":"tag-poland","18":"tag-polish","19":"tag-polska","20":"tag-polski","21":"tag-rozrywka","22":"tag-sandra_kubicka","23":"tag-screening_general","24":"tag-styl_zycia","25":"tag-update_me","26":"tag-v2021"},"share_on_mastodon":{"url":"https:\/\/pubeurope.com\/@pl\/115722553062129290","error":""},"_links":{"self":[{"href":"https:\/\/www.europesays.com\/pl\/wp-json\/wp\/v2\/posts\/151554","targetHints":{"allow":["GET"]}}],"collection":[{"href":"https:\/\/www.europesays.com\/pl\/wp-json\/wp\/v2\/posts"}],"about":[{"href":"https:\/\/www.europesays.com\/pl\/wp-json\/wp\/v2\/types\/post"}],"author":[{"embeddable":true,"href":"https:\/\/www.europesays.com\/pl\/wp-json\/wp\/v2\/users\/2"}],"replies":[{"embeddable":true,"href":"https:\/\/www.europesays.com\/pl\/wp-json\/wp\/v2\/comments?post=151554"}],"version-history":[{"count":0,"href":"https:\/\/www.europesays.com\/pl\/wp-json\/wp\/v2\/posts\/151554\/revisions"}],"wp:featuredmedia":[{"embeddable":true,"href":"https:\/\/www.europesays.com\/pl\/wp-json\/wp\/v2\/media\/151555"}],"wp:attachment":[{"href":"https:\/\/www.europesays.com\/pl\/wp-json\/wp\/v2\/media?parent=151554"}],"wp:term":[{"taxonomy":"category","embeddable":true,"href":"https:\/\/www.europesays.com\/pl\/wp-json\/wp\/v2\/categories?post=151554"},{"taxonomy":"post_tag","embeddable":true,"href":"https:\/\/www.europesays.com\/pl\/wp-json\/wp\/v2\/tags?post=151554"}],"curies":[{"name":"wp","href":"https:\/\/api.w.org\/{rel}","templated":true}]}}