{"id":151568,"date":"2025-12-15T08:12:12","date_gmt":"2025-12-15T08:12:12","guid":{"rendered":"https:\/\/www.europesays.com\/pl\/151568\/"},"modified":"2025-12-15T08:12:12","modified_gmt":"2025-12-15T08:12:12","slug":"rezyser-rob-reiner-nie-zyje-dwa-ciala-w-domu","status":"publish","type":"post","link":"https:\/\/www.europesays.com\/pl\/151568\/","title":{"rendered":"Re\u017cyser Rob Reiner nie \u017cyje. Dwa cia\u0142a w domu"},"content":{"rendered":"<p>Aktor i re\u017cyser Rob Reiner oraz jego \u017cona Michele nie \u017cyj\u0105. Cia\u0142a znaleziono w ich domu w Los Angeles. Funkcjonariusze organ\u00f3w \u015bcigania prowadz\u0105 dochodzenie w sprawie prawdopodobnego zab\u00f3jstwa.<\/p>\n<p>                         &#13;<br \/>\n        &#13;<\/p>\n<p>                                        &#13;<br \/>\n                        &#13;<br \/>\n                            <img decoding=\"async\" src=\"https:\/\/www.europesays.com\/pl\/wp-content\/uploads\/2025\/12\/000M2QJTMF8XY3IA-C123-F4.jpg\" title=\"Dwa cia\u0142a w domu. Nie \u017cyje aktor i re\u017cyser Rob Reiner\" alt=\"Policja na miejscu zdarzenia w Los Angeles \/Michael Tran \/AFP\/EAST NEWS\" class=\"img-responsive\"\/>&#13;<\/p>\n<p>                            &#13;<\/p>\n<p>      &#13;<br \/>\n                            Policja na miejscu zdarzenia w Los Angeles&#13;<br \/>\n                                    \/Michael Tran \/AFP\/EAST NEWS   &#13;\n                                    <\/p>\n<p>&#13;<\/p>\n<ul class=\"bullet\">\n<li>W domu aktora i re\u017cysera Roba Reinera w Los Angeles znaleziono cia\u0142a dw\u00f3ch os\u00f3b.<\/li>\n<li>Ofiarami s\u0105 sam Rob Reiner oraz jego \u017cona.<\/li>\n<li>Policja prowadzi dochodzenie w sprawie prawdopodobnego zab\u00f3jstwa.<\/li>\n<li>Rob Reiner by\u0142 znanym aktorem i re\u017cyserem, wyst\u0119powa\u0142 m.in. w serialu &#8222;All in the Family&#8221;. Re\u017cyserowa\u0142 takie filmy jak &#8222;Narzeczona dla ksi\u0119cia&#8221;, &#8222;Kiedy Harry pozna\u0142 Sally&#8221;, &#8222;Sta\u0144 przy mnie&#8221; czy &#8222;Ludzie honoru&#8221;.<\/li>\n<li>Chcesz by\u0107 na bie\u017c\u0105co? Odwied\u017a stron\u0119 g\u0142\u00f3wn\u0105\u00a0<a href=\"https:\/\/www.rmf24.pl\/\" target=\"_blank\" rel=\"noreferrer noopener nofollow\">RMF24.pl<\/a>.<\/li>\n<\/ul>\n<p>Przedstawiciel Stra\u017cy Po\u017carnej Los Angeles powiedzia\u0142 agencji Reutera, \u017ce 78-letni m\u0119\u017cczyzna i 68-letnia kobieta zostali znalezieni martwi w domu na zachodzie Los Angeles, pod adresem, kt\u00f3ry wed\u0142ug rejestr\u00f3w publicznych by\u0142 powi\u0105zany z Reinerem. Cia\u0142a odnaleziono w niedziel\u0119 oko\u0142o 15.30 czasu lokalnego.<\/p>\n<p>Ameryka\u0144skie media poinformowa\u0142y nied\u0142ugo p\u00f3\u017aniej, \u017ce nie \u017cyje Rob Reiner i jego \u017cona, Michele. Oboje mieli na ciele rany k\u0142ute.<\/p>\n<p>Do zbadania sprawy oddelegowani zostali funkcjonariusze z wydzia\u0142u zab\u00f3jstw &#8211; przekaza\u0142 w o\u015bwiadczeniu departament policji miasta Los Angeles (LAPD).<\/p>\n<p>Kapitan Mike Bland z LAPD potwierdzi\u0142, \u017ce \u015bledztwo jest prowadzone w sprawie &#8222;prawdopodobnego zab\u00f3jstwa&#8221;. Jeden z funkcjonariuszy przekaza\u0142 agencji AP, \u017ce przes\u0142uchiwany przez \u015bledczych jest cz\u0142onek rodziny Reinera.<\/p>\n<p>Rzecznik rodziny Reiner\u00f3w potwierdzi\u0142, \u017ce Michele i Rob Reiner nie \u017cyj\u0105. &#8222;Z g\u0142\u0119bokim smutkiem og\u0142aszamy tragiczn\u0105 \u015bmier\u0107 Michele i Roba Reinera. Jeste\u015bmy zdruzgotani t\u0105 nag\u0142\u0105 strat\u0105 i prosimy o prywatno\u015b\u0107 w tym niewiarygodnie trudnym czasie&#8221; &#8211; o\u015bwiadczy\u0142.<\/p>\n<p>    &#13;<br \/>\n        &#13;<\/p>\n<p>                                        &#13;<br \/>\n                        &#13;<br \/>\n                            <img decoding=\"async\" src=\"https:\/\/www.europesays.com\/pl\/wp-content\/uploads\/2025\/12\/000M2QJYA8APPIFL-C123-F4.jpg\" title=\"Dwa cia\u0142a w domu. Nie \u017cyje aktor i re\u017cyser Rob Reiner\" alt=\"Rob i Michele Reiner \/Ron Sachs    \/PAP\/EPA\" class=\"img-responsive\"\/>&#13;<\/p>\n<p>                            &#13;<\/p>\n<p>      &#13;<br \/>\n                            Rob i Michele Reiner&#13;<br \/>\n                                    \/Ron Sachs    \/PAP\/EPA  &#13;\n                                    <\/p>\n<p>&#13;<\/p>\n<p>&#8222;To druzgoc\u0105ca strata dla naszego miasta i naszego kraju. Wk\u0142ad Roba Reinera rozbrzmiewa w ca\u0142ej ameryka\u0144skiej kulturze i spo\u0142ecze\u0144stwie, a on poprawi\u0142 \u017cycie niezliczonych os\u00f3b dzi\u0119ki swojej tw\u00f3rczej pracy i dzia\u0142alno\u015bci na rzecz sprawiedliwo\u015bci spo\u0142ecznej i ekonomicznej&#8221; &#8211; o\u015bwiadczy\u0142a burmistrz Los Angeles Karen Bass.<\/p>\n<p>Rob Reiner wyst\u0119powa\u0142 w popularnym w latach 70. serialu komediowym CBS &#8222;All in the Family&#8221; i re\u017cyserowa\u0142 wiele znanych film\u00f3w, w tym: &#8222;Narzeczona dla ksi\u0119cia&#8221;, &#8222;Kiedy Harry pozna\u0142 Sally&#8221;, &#8222;Sta\u0144 przy mnie&#8221;, &#8222;Pewna sprawa&#8221;, &#8222;Ludzie honoru&#8221; oraz &#8222;Prezydent. Mi\u0142o\u015b\u0107 w Bia\u0142ym Domu&#8221;.<\/p>\n<p>Michele Reiner by\u0142a fotografk\u0105, wykona\u0142a m.in. zdj\u0119cie Donalda Trumpa, kt\u00f3re pojawi\u0142o si\u0119 na ok\u0142adce jego ksi\u0105\u017cki &#8222;Trump: The Art of the Deal&#8221;.<\/p>\n<p>Poza karier\u0105 w Hollywood, Rob Reiner, rodowity mieszkaniec Nowego Jorku i syn zmar\u0142ego pisarza komediowego i aktora Carla Reinera, by\u0142 dobrze znany ze swojej dzia\u0142alno\u015bci politycznej.<\/p>\n<p>Wyst\u0119powa\u0142 w reklamach krytykuj\u0105cych George\u2019a W. Busha podczas wybor\u00f3w prezydenckich w 2004 roku i wspiera\u0142 \u00f3wczesnego kandydata demokrat\u00f3w Johna Kerry\u2019ego. Wykazywa\u0142 tak\u017ce poparcie dla demokratycznych kandydat\u00f3w na prezydenta Ala Gore&#8217;a i Hillary Clinton.<\/p>\n<p>Reiner by\u0142 najpierw \u017conaty z Penny Marshall, kt\u00f3ra gra\u0142a Laverne w serialu &#8222;Laverne &amp; Shirley&#8221; i by\u0142a r\u00f3wnie\u017c producentk\u0105 oraz re\u017cyserk\u0105. P\u00f3\u017aniej po\u015blubi\u0142 aktork\u0119 Michele Singer, z kt\u00f3r\u0105 mia\u0142 troje dzieci.<\/p>\n","protected":false},"excerpt":{"rendered":"Aktor i re\u017cyser Rob Reiner oraz jego \u017cona Michele nie \u017cyj\u0105. Cia\u0142a znaleziono w ich domu w Los&hellip;\n","protected":false},"author":2,"featured_media":151569,"comment_status":"","ping_status":"","sticky":false,"template":"","format":"standard","meta":{"footnotes":""},"categories":[22],"tags":[122,42,38,40,39,41,123],"class_list":{"0":"post-151568","1":"post","2":"type-post","3":"status-publish","4":"format-standard","5":"has-post-thumbnail","7":"category-rozrywka","8":"tag-entertainment","9":"tag-pl","10":"tag-poland","11":"tag-polish","12":"tag-polska","13":"tag-polski","14":"tag-rozrywka"},"share_on_mastodon":{"url":"https:\/\/pubeurope.com\/@pl\/115722580884756390","error":""},"_links":{"self":[{"href":"https:\/\/www.europesays.com\/pl\/wp-json\/wp\/v2\/posts\/151568","targetHints":{"allow":["GET"]}}],"collection":[{"href":"https:\/\/www.europesays.com\/pl\/wp-json\/wp\/v2\/posts"}],"about":[{"href":"https:\/\/www.europesays.com\/pl\/wp-json\/wp\/v2\/types\/post"}],"author":[{"embeddable":true,"href":"https:\/\/www.europesays.com\/pl\/wp-json\/wp\/v2\/users\/2"}],"replies":[{"embeddable":true,"href":"https:\/\/www.europesays.com\/pl\/wp-json\/wp\/v2\/comments?post=151568"}],"version-history":[{"count":0,"href":"https:\/\/www.europesays.com\/pl\/wp-json\/wp\/v2\/posts\/151568\/revisions"}],"wp:featuredmedia":[{"embeddable":true,"href":"https:\/\/www.europesays.com\/pl\/wp-json\/wp\/v2\/media\/151569"}],"wp:attachment":[{"href":"https:\/\/www.europesays.com\/pl\/wp-json\/wp\/v2\/media?parent=151568"}],"wp:term":[{"taxonomy":"category","embeddable":true,"href":"https:\/\/www.europesays.com\/pl\/wp-json\/wp\/v2\/categories?post=151568"},{"taxonomy":"post_tag","embeddable":true,"href":"https:\/\/www.europesays.com\/pl\/wp-json\/wp\/v2\/tags?post=151568"}],"curies":[{"name":"wp","href":"https:\/\/api.w.org\/{rel}","templated":true}]}}