{"id":151570,"date":"2025-12-15T08:13:12","date_gmt":"2025-12-15T08:13:12","guid":{"rendered":"https:\/\/www.europesays.com\/pl\/151570\/"},"modified":"2025-12-15T08:13:12","modified_gmt":"2025-12-15T08:13:12","slug":"diablo-iv-lord-of-hatred-blizzard-przygotowuje-kolejny-dodatek-nowy-region-klasa-paladyna-i-nowy-rozdzial-walki-z-mefisto","status":"publish","type":"post","link":"https:\/\/www.europesays.com\/pl\/151570\/","title":{"rendered":"Diablo IV: Lord of Hatred &#8211; Blizzard przygotowuje kolejny dodatek. Nowy region, klasa paladyna i nowy rozdzia\u0142 walki z Mefisto"},"content":{"rendered":"<p><img decoding=\"async\" class=\"teaserfoto\" src=\"https:\/\/www.europesays.com\/pl\/wp-content\/uploads\/2025\/12\/49270.png\" alt=\"Diablo IV: Lord of Hatred - Blizzard przygotowuje kolejny dodatek. Nowy region, klasa paladyna i nowy rozdzia\u0142 walki z Mefisto\"\/>Cho\u0107 czwarta cz\u0119\u015b\u0107 legendarnej serii nadal si\u0119 rozwija, troch\u0119 zesz\u0142a na drugi plan. Po cz\u0119\u015bci zapewne za spraw\u0105 konkurencji, cz\u0119\u015bciowo za\u015b wskutek ma\u0142o entuzjastycznie przyj\u0119tego pierwszego du\u017cego dodatku, czyli Vessel of Hatred. Jego fina\u0142 pozostawi\u0142 spory niedosyt, ale stanowi\u0142 zarazem wst\u0119pn\u0105 zapowied\u017a wojny na wi\u0119ksz\u0105 skal\u0119 z Panem Nienawi\u015bci. W ostatnich dniach pojawi\u0142y si\u0119 pierwsze konkrety w zwi\u0105zku z przysz\u0142orocznym Diablo IV: Lord of Hatred.<\/p>\n<p>Diablo IV: Lord of Hatred pojawi si\u0119 28 kwietnia 2026 roku. Mamy dosta\u0107 m.in. now\u0105 lokacj\u0119 pod kampani\u0119, dwie klasy iwzbogacon\u0105 cz\u0119\u015b\u0107 post-fabularn\u0105.<\/p>\n<p><a class=\"colorbox\" href=\"https:\/\/www.purepc.pl\/image\/news\/2025\/12\/14_diablo_iv_lord_of_hatred_blizzard_przygotowuje_kolejny_dodatek_nowy_region_klasa_paladyna_i_nowy_rozdzial_walki_z_mefisto_0_b.jpg\" rel=\"nofollow noopener\" target=\"_blank\"><img decoding=\"async\" src=\"https:\/\/www.europesays.com\/pl\/wp-content\/uploads\/2025\/12\/14_diablo_iv_lord_of_hatred_blizzard_przygotowuje_kolejny_dodatek_nowy_region_klasa_paladyna_i_nowy_.jpeg\" alt=\"Diablo IV: Lord of Hatred - Blizzard przygotowuje kolejny dodatek. Nowy region, klasa paladyna i nowy rozdzia\u0142 walki z Mefisto [1]\"\/><\/a><\/p>\n<p><a title=\"Diablo IV przejdzie powa\u017cne zmiany i otrzyma sporo nowej zawarto\u015bci. Zaprezentowano plan rozwoju na reszt\u0119 2025 roku\" href=\"https:\/\/www.purepc.pl\/diablo-iv-blizzard-ponownie-stara-sie-zreahabilitowac-zaprezentowano-plan-rozwoju-na-reszte-2025-roku\" rel=\"nofollow noopener\" target=\"_blank\">Diablo IV przejdzie powa\u017cne zmiany i otrzyma sporo nowej zawarto\u015bci. Zaprezentowano plan rozwoju na reszt\u0119 2025 roku<\/a><\/p>\n<p>Wygl\u0105da na to, \u017ce <a href=\"https:\/\/www.purepc.pl\/tagi\/blizzard\" rel=\"nofollow noopener\" target=\"_blank\">Blizzard<\/a> wreszcie przestaje droczy\u0107 si\u0119 z graczami i inwestuje w bogatsze rozszerzenie. Czy odzyska ich zaufanie dzi\u0119ki zawarto\u015bci Diablo IV: Lord of Hatred? Obecnie ci\u0119\u017cko powiedzie\u0107, natomiast wiosenna zawierucha, jaka ogarnie Sanktuarium, zdecydowanie jest warta wzmianki. Nie tylko przez wzgl\u0105d na nowy scenariusz, wprowadzaj\u0105cy do <a href=\"https:\/\/www.purepc.pl\/tagi\/hacknslash\" rel=\"nofollow noopener\" target=\"_blank\">hack&#8217;n&#8217;slasha<\/a> bogat\u0105 w biomy, zamieszkan\u0105 przez Amazonki wysp\u0119 Skovos, ale wiele id\u0105cych za tym atrakcji, na czele z kolejnymi mechanikami, czy a\u017c dwiema klasami:<\/p>\n<p class=\"center\">\n<p class=\"center\">\n<p><a title=\"Path of Exile 2 - wkr\u00f3tce nadejdzie nowa zawarto\u015b\u0107 poprawiaj\u0105c\u0105 wiele element\u00f3w rozgrywki i dodaj\u0105ca wyczekiwan\u0105 klas\u0119 Druida\" href=\"https:\/\/www.purepc.pl\/path-of-exile-2-update-aktualizacja-klasa-druid\" rel=\"nofollow noopener\" target=\"_blank\">Path of Exile 2 &#8211; wkr\u00f3tce nadejdzie nowa zawarto\u015b\u0107 poprawiaj\u0105c\u0105 wiele element\u00f3w rozgrywki i dodaj\u0105ca wyczekiwan\u0105 klas\u0119 Druida<\/a><\/p>\n<p>Na pierwszy plan wysuwa si\u0119 przedstawiony ju\u017c w filmowym zwiastunie na The Game Awards Paladyn. Jak wst\u0119pnie wida\u0107 na skrawkach gameplayu, dysponuje kilka ciekawymi kombinacjami i mo\u017ce zosta\u0107 ulubion\u0105 postaci\u0105 dla wielu graczy. Tw\u00f3rcy kusz\u0105 preorderem pozwalaj\u0105cym wybra\u0107 go wcze\u015bniej. Drugi obro\u0144ca Sanktuarium nie zosta\u0142 jeszcze przedstawiony. Co wi\u0119cej, Blizzard przygotowuje lifting mechanik &#8211; od dodatkowych wariant\u00f3w umiej\u0119tno\u015bci w drzewku (czyli czego\u015b, co po prawdzie powinno wyst\u0119powa\u0107 od pocz\u0105tku), poprzez chocia\u017cby specjalne talizmany, filtr \u0142up\u00f3w, a\u017c po transmutuj\u0105c\u0105 przedmioty Kostk\u0119 Horadrim\u00f3w.<\/p>\n<p><a class=\"colorbox\" href=\"https:\/\/www.purepc.pl\/image\/news\/2025\/12\/14_diablo_iv_lord_of_hatred_blizzard_przygotowuje_kolejny_dodatek_nowy_region_klasa_paladyna_i_nowy_rozdzial_walki_z_mefisto_4_b.jpg\" rel=\"nofollow noopener\" target=\"_blank\"><img decoding=\"async\" src=\"https:\/\/www.europesays.com\/pl\/wp-content\/uploads\/2025\/12\/1765786390_110_14_diablo_iv_lord_of_hatred_blizzard_przygotowuje_kolejny_dodatek_nowy_region_klasa_paladyna_i_nowy_.jpeg\" alt=\"Diablo IV: Lord of Hatred - Blizzard przygotowuje kolejny dodatek. Nowy region, klasa paladyna i nowy rozdzia\u0142 walki z Mefisto [2]\"\/><\/a><\/p>\n<p><a title=\"Test wydajno\u015bci Diablo IV DLSS - Piekielne techniki NVIDII poprawiaj\u0105ce wydajno\u015b\u0107. Jak to dzia\u0142a i wygl\u0105da?\" href=\"https:\/\/www.purepc.pl\/test-wydajnosci-diablo-iv-dlss-piekielne-techniki-nvidii-poprawiajace-wydajnosc-jak-to-dziala-i-wyglada\" rel=\"nofollow noopener\" target=\"_blank\">Test wydajno\u015bci Diablo IV DLSS &#8211; Piekielne techniki NVIDII poprawiaj\u0105ce wydajno\u015b\u0107. Jak to dzia\u0142a i wygl\u0105da?<\/a><\/p>\n<p>Blizzard podejmie te\u017c pr\u00f3b\u0119 sprawienia, \u017ce zawarto\u015b\u0107 postfabularna wreszcie b\u0119dzie cokolwiek ciekawa. Znacznie wi\u0119cej do roboty, na czele z wytyczaj\u0105cymi spersonalizowan\u0105 \u015bcie\u017ck\u0119 post\u0119p\u00f3w Planami Wojennymi. Inna sprawa, \u017ce w teorii naprawd\u0119 trudno oceni\u0107, czy to faktycznie b\u0119dzie dzia\u0142a\u0107 i nie zanudzi nas po kilku\/kilkunastu pierwszych godzinach. Naturalnie Lord of Hatred mo\u017cna kupi\u0107 w r\u00f3\u017cnych wersjach, bogatsze oferuj\u0105 m.in. nowe sk\u00f3rki, tak\u017ce dla wierzchowc\u00f3w, wewn\u0119trzn\u0105 walut\u0119, zestawy pancerza, czy dodatkowe miejsca na postacie.<\/p>\n<p><a class=\"colorbox\" href=\"https:\/\/www.purepc.pl\/image\/news\/2025\/12\/14_diablo_iv_lord_of_hatred_blizzard_przygotowuje_kolejny_dodatek_nowy_region_klasa_paladyna_i_nowy_rozdzial_walki_z_mefisto_7_b.jpg\" rel=\"nofollow noopener\" target=\"_blank\"><img decoding=\"async\" src=\"https:\/\/www.europesays.com\/pl\/wp-content\/uploads\/2025\/12\/1765786390_357_14_diablo_iv_lord_of_hatred_blizzard_przygotowuje_kolejny_dodatek_nowy_region_klasa_paladyna_i_nowy_.jpeg\" alt=\"Diablo IV: Lord of Hatred - Blizzard przygotowuje kolejny dodatek. Nowy region, klasa paladyna i nowy rozdzia\u0142 walki z Mefisto [3]\"\/><\/a><\/p>\n<p><a class=\"colorbox\" href=\"https:\/\/www.purepc.pl\/image\/news\/2025\/12\/14_diablo_iv_lord_of_hatred_blizzard_przygotowuje_kolejny_dodatek_nowy_region_klasa_paladyna_i_nowy_rozdzial_walki_z_mefisto_6_b.jpg\" rel=\"nofollow noopener\" target=\"_blank\"><img decoding=\"async\" src=\"https:\/\/www.europesays.com\/pl\/wp-content\/uploads\/2025\/12\/1765786391_916_14_diablo_iv_lord_of_hatred_blizzard_przygotowuje_kolejny_dodatek_nowy_region_klasa_paladyna_i_nowy_.jpeg\" alt=\"Diablo IV: Lord of Hatred - Blizzard przygotowuje kolejny dodatek. Nowy region, klasa paladyna i nowy rozdzia\u0142 walki z Mefisto [4]\"\/><\/a><\/p>\n<p><a class=\"colorbox\" href=\"https:\/\/www.purepc.pl\/image\/news\/2025\/12\/14_diablo_iv_lord_of_hatred_blizzard_przygotowuje_kolejny_dodatek_nowy_region_klasa_paladyna_i_nowy_rozdzial_walki_z_mefisto_5_b.jpg\" rel=\"nofollow noopener\" target=\"_blank\"><img decoding=\"async\" src=\"https:\/\/www.europesays.com\/pl\/wp-content\/uploads\/2025\/12\/1765786391_342_14_diablo_iv_lord_of_hatred_blizzard_przygotowuje_kolejny_dodatek_nowy_region_klasa_paladyna_i_nowy_.jpeg\" alt=\"Diablo IV: Lord of Hatred - Blizzard przygotowuje kolejny dodatek. Nowy region, klasa paladyna i nowy rozdzia\u0142 walki z Mefisto [5]\"\/><\/a><\/p>\n<p><a class=\"colorbox\" href=\"https:\/\/www.purepc.pl\/image\/news\/2025\/12\/14_diablo_iv_lord_of_hatred_blizzard_przygotowuje_kolejny_dodatek_nowy_region_klasa_paladyna_i_nowy_rozdzial_walki_z_mefisto_1_b.jpg\" rel=\"nofollow noopener\" target=\"_blank\"><img decoding=\"async\" src=\"https:\/\/www.europesays.com\/pl\/wp-content\/uploads\/2025\/12\/1765786391_171_14_diablo_iv_lord_of_hatred_blizzard_przygotowuje_kolejny_dodatek_nowy_region_klasa_paladyna_i_nowy_.jpeg\" alt=\"Diablo IV: Lord of Hatred - Blizzard przygotowuje kolejny dodatek. Nowy region, klasa paladyna i nowy rozdzia\u0142 walki z Mefisto [6]\"\/><\/a><\/p>\n<p><a class=\"colorbox\" href=\"https:\/\/www.purepc.pl\/image\/news\/2025\/12\/14_diablo_iv_lord_of_hatred_blizzard_przygotowuje_kolejny_dodatek_nowy_region_klasa_paladyna_i_nowy_rozdzial_walki_z_mefisto_2_b.jpg\" rel=\"nofollow noopener\" target=\"_blank\"><img decoding=\"async\" src=\"https:\/\/www.europesays.com\/pl\/wp-content\/uploads\/2025\/12\/1765786392_643_14_diablo_iv_lord_of_hatred_blizzard_przygotowuje_kolejny_dodatek_nowy_region_klasa_paladyna_i_nowy_.jpeg\" alt=\"Diablo IV: Lord of Hatred - Blizzard przygotowuje kolejny dodatek. Nowy region, klasa paladyna i nowy rozdzia\u0142 walki z Mefisto [7]\"\/><\/a><\/p>\n<p><a class=\"colorbox\" href=\"https:\/\/www.purepc.pl\/image\/news\/2025\/12\/14_diablo_iv_lord_of_hatred_blizzard_przygotowuje_kolejny_dodatek_nowy_region_klasa_paladyna_i_nowy_rozdzial_walki_z_mefisto_3_b.jpg\" rel=\"nofollow noopener\" target=\"_blank\"><img decoding=\"async\" src=\"https:\/\/www.europesays.com\/pl\/wp-content\/uploads\/2025\/12\/1765786392_31_14_diablo_iv_lord_of_hatred_blizzard_przygotowuje_kolejny_dodatek_nowy_region_klasa_paladyna_i_nowy_.jpeg\" alt=\"Diablo IV: Lord of Hatred - Blizzard przygotowuje kolejny dodatek. Nowy region, klasa paladyna i nowy rozdzia\u0142 walki z Mefisto [8]\"\/><\/a><\/p>\n<p>\u0179r\u00f3d\u0142o: Blizzard Entertainment<\/p>\n","protected":false},"excerpt":{"rendered":"Cho\u0107 czwarta cz\u0119\u015b\u0107 legendarnej serii nadal si\u0119 rozwija, troch\u0119 zesz\u0142a na drugi plan. Po cz\u0119\u015bci zapewne za spraw\u0105&hellip;\n","protected":false},"author":2,"featured_media":151571,"comment_status":"","ping_status":"","sticky":false,"template":"","format":"standard","meta":{"footnotes":""},"categories":[20],"tags":[6650,5626,30529,30530,30531,30532,2074,3131,120,118,119,42,38,40,39,41,116,114,115,121,117],"class_list":{"0":"post-151570","1":"post","2":"type-post","3":"status-publish","4":"format-standard","5":"has-post-thumbnail","7":"category-nauka-i-technika","8":"tag-blizzard-entertainment","9":"tag-data-premiery","10":"tag-diablo","11":"tag-diablo-iv","12":"tag-diablo-iv-lord-of-hatred","13":"tag-diablo-iv-vessel-of-hatred","14":"tag-gry","15":"tag-hack","16":"tag-nauka","17":"tag-nauka-i-technika","18":"tag-naukatechnika","19":"tag-pl","20":"tag-poland","21":"tag-polish","22":"tag-polska","23":"tag-polski","24":"tag-science","25":"tag-science-and-technology","26":"tag-sciencetechnology","27":"tag-technika","28":"tag-technology"},"share_on_mastodon":{"url":"https:\/\/pubeurope.com\/@pl\/115722585090371553","error":""},"_links":{"self":[{"href":"https:\/\/www.europesays.com\/pl\/wp-json\/wp\/v2\/posts\/151570","targetHints":{"allow":["GET"]}}],"collection":[{"href":"https:\/\/www.europesays.com\/pl\/wp-json\/wp\/v2\/posts"}],"about":[{"href":"https:\/\/www.europesays.com\/pl\/wp-json\/wp\/v2\/types\/post"}],"author":[{"embeddable":true,"href":"https:\/\/www.europesays.com\/pl\/wp-json\/wp\/v2\/users\/2"}],"replies":[{"embeddable":true,"href":"https:\/\/www.europesays.com\/pl\/wp-json\/wp\/v2\/comments?post=151570"}],"version-history":[{"count":0,"href":"https:\/\/www.europesays.com\/pl\/wp-json\/wp\/v2\/posts\/151570\/revisions"}],"wp:featuredmedia":[{"embeddable":true,"href":"https:\/\/www.europesays.com\/pl\/wp-json\/wp\/v2\/media\/151571"}],"wp:attachment":[{"href":"https:\/\/www.europesays.com\/pl\/wp-json\/wp\/v2\/media?parent=151570"}],"wp:term":[{"taxonomy":"category","embeddable":true,"href":"https:\/\/www.europesays.com\/pl\/wp-json\/wp\/v2\/categories?post=151570"},{"taxonomy":"post_tag","embeddable":true,"href":"https:\/\/www.europesays.com\/pl\/wp-json\/wp\/v2\/tags?post=151570"}],"curies":[{"name":"wp","href":"https:\/\/api.w.org\/{rel}","templated":true}]}}