{"id":151574,"date":"2025-12-15T08:15:14","date_gmt":"2025-12-15T08:15:14","guid":{"rendered":"https:\/\/www.europesays.com\/pl\/151574\/"},"modified":"2025-12-15T08:15:14","modified_gmt":"2025-12-15T08:15:14","slug":"jak-ai-widzi-idealne-cialo-naukowcy-odslaniaja-wyniki-badania","status":"publish","type":"post","link":"https:\/\/www.europesays.com\/pl\/151574\/","title":{"rendered":"Jak AI widzi idealne cia\u0142o? Naukowcy ods\u0142aniaj\u0105 wyniki badania"},"content":{"rendered":"<p class=\"Paragraph_desktopParagraph__U31Gm\">Wyniki pokaza\u0142y, \u017ce idealna kobieta ma pi\u0119kn\u0105 twarz, jest m\u0142od\u0105 blondynk\u0105 i nosi &#8222;ods\u0142aniaj\u0105ce ubrania&#8221;. Podczas gdy idealny m\u0119\u017cczyzna jest bez koszuli, czarnow\u0142osy i super umi\u0119\u015bniony.<\/p>\n<p class=\"Paragraph_desktopParagraph__U31Gm\">&#8222;W systematycznym kodowaniu 300 obraz\u00f3w wygenerowanych przez AI odkryli\u015bmy, \u017ce AI odtwarza idea\u0142 wysportowanego cia\u0142a&#8221; \u2014 powiedzia\u0142 dr Delaney Thibodeau, g\u0142\u00f3wny autor badania.<\/p>\n<p class=\"Paragraph_desktopParagraph__U31Gm\">Badanie ujawni\u0142o r\u00f3wnie\u017c wyra\u017any brak r\u00f3\u017cnorodno\u015bci: wi\u0119kszo\u015b\u0107 zdj\u0119\u0107 przedstawia\u0142a osoby rasy bia\u0142ej, a \u017cadne nie zawiera\u0142o os\u00f3b z widocznymi niepe\u0142nosprawno\u015bciami. &#8222;R\u00f3\u017cnorodno\u015b\u0107 rasowa i wiekowa by\u0142a minimalna&#8221; \u2014 doda\u0142 dr Thibodeau.<\/p>\n<ul class=\"OchatFollowUps_wrapper__1ry7X\">\n<li class=\"OchatFollowUps_item__Dhyly OchatFollowUps_itemDesktop__R6aBv\">Jakie obrazy idealnych cia\u0142 stworzy\u0142a sztuczna inteligencja?<\/li>\n<li class=\"OchatFollowUps_item__Dhyly OchatFollowUps_itemDesktop__R6aBv\">Jakie cechy mia\u0142a idealna kobieta wed\u0142ug badania?<\/li>\n<li class=\"OchatFollowUps_item__Dhyly OchatFollowUps_itemDesktop__R6aBv\">Jakie niedobory zauwa\u017cono w przedstawionych obrazach?<\/li>\n<li class=\"OchatFollowUps_item__Dhyly OchatFollowUps_itemDesktop__R6aBv\">Jakie platformy AI by\u0142y u\u017cyte w badaniu?<\/li>\n<\/ul>\n<p class=\"Paragraph_desktopParagraph__U31Gm\">&#8222;Platformy AI w przewa\u017caj\u0105cej mierze powielaj\u0105 i wzmacniaj\u0105 zachodnie idea\u0142y cia\u0142a&#8221; \u2014 powiedzia\u0142a prof. Catherine Sabiston, wsp\u00f3\u0142autorka. &#8222;Podczas projektowania algorytm\u00f3w sztucznej inteligencji potrzebne jest podej\u015bcie skoncentrowane na cz\u0142owieku, kt\u00f3re uwzgl\u0119dnia p\u0142e\u0107, ras\u0119, zdolno\u015bci i wiek, w przeciwnym razie nadal b\u0119dziemy promowa\u0107 szkodliwe i sztywne obrazy idealnych cia\u0142&#8221; \u2014 doda\u0142a.<\/p>\n<p>Tak wygl\u0105da\u0142y szczeg\u00f3\u0142y badania <\/p>\n<p class=\"Paragraph_desktopParagraph__U31Gm\">Trzy platformy AI \u2014 Midjourney, DALL-E i Stable Diffusion \u2014 stworzy\u0142y 300 obraz\u00f3w: 120 m\u0119\u017cczyzn, 120 kobiet i 60 sportowc\u00f3w. Wi\u0119kszo\u015b\u0107 (66,7 proc. m\u0119\u017cczyzn i 62,5 proc. kobiet) by\u0142a rasy bia\u0142ej. Wszyscy byli m\u0142odzi. \u017baden z m\u0119\u017cczyzn nie by\u0142 ogolony; wszyscy mieli niski poziom tkanki t\u0142uszczowej. Odzie\u017c by\u0142a minimalna: kobiety cz\u0119sto w strojach k\u0105pielowych lub ods\u0142aniaj\u0105cych ubraniach. M\u0119\u017cczy\u017ani przewa\u017cnie bez koszul.<\/p>\n<p>Jak idea\u0142 kobiecego cia\u0142a zmienia\u0142 si\u0119 na przestrzeni dekad? <\/p>\n<p class=\"Paragraph_desktopParagraph__U31Gm\">Wyobra\u017cenia o &#8222;idealnym&#8221; ciele bardzo si\u0119 zmieni\u0142y na przestrzeni lat. Jak czytamy m.in. w Daily Mail, w pierwszej dekadzie XX w. idealna kobieta by\u0142a wysoka, zgrabna i mia\u0142a cia\u0142o w kszta\u0142cie litery &#8222;S&#8221;. W latach 60. powinna przypomina\u0107 brytyjsk\u0105 modelk\u0119 Twiggy, kt\u00f3ra wprowadzi\u0142a androgyniczny wygl\u0105d z ma\u0142ymi piersiami i szczup\u0142\u0105 sylwetk\u0105. W latach 90. modny by\u0142 heroin chic. Supermodelki, takie jak Kate Moss, promowa\u0142y szczup\u0142y, smuk\u0142y wygl\u0105d. Ten trend zreszt\u0105 zdaje si\u0119 powraca\u0107. <\/p>\n<p class=\"Paragraph_desktopParagraph__U31Gm\">Badanie naukowc\u00f3w z Uniwersytetu w Toronto podkre\u015bla, \u017ce sztuczna inteligencja mo\u017ce odzwierciedla\u0107 i wzmacnia\u0107 uprzedzenia spo\u0142eczne dotycz\u0105ce pi\u0119kna i cia\u0142a, ograniczaj\u0105c r\u00f3\u017cnorodno\u015b\u0107 i tworz\u0105c nierealistyczne standardy dla m\u0119\u017cczyzn i kobiet.<\/p>\n","protected":false},"excerpt":{"rendered":"Wyniki pokaza\u0142y, \u017ce idealna kobieta ma pi\u0119kn\u0105 twarz, jest m\u0142od\u0105 blondynk\u0105 i nosi &#8222;ods\u0142aniaj\u0105ce ubrania&#8221;. Podczas gdy idealny&hellip;\n","protected":false},"author":2,"featured_media":151575,"comment_status":"","ping_status":"","sticky":false,"template":"","format":"standard","meta":{"footnotes":""},"categories":[14],"tags":[32,33,30533,27,7717,34,35,30535,30538,28,31,53,25,30178,52,68,51,55,40,41,47,196,80,30537,29,30,30536,30534,65,50,26,82,83,84,11259],"class_list":{"0":"post-151574","1":"post","2":"type-post","3":"status-publish","4":"format-standard","5":"has-post-thumbnail","7":"category-swiat","8":"tag-breaking-news","9":"tag-breakingnews","10":"tag-daily_mail","11":"tag-headlines","12":"tag-kate_moss","13":"tag-latest-news","14":"tag-latestnews","15":"tag-midjourney","16":"tag-miesien","17":"tag-naglowki","18":"tag-najwazniejsze-artykuly","19":"tag-new_header","20":"tag-news","21":"tag-odziez","22":"tag-onet3","23":"tag-onet3d","24":"tag-onet3d_2i","25":"tag-phx","26":"tag-polish","27":"tag-polski","28":"tag-screening_general","29":"tag-styl_zycia","30":"tag-swiat","31":"tag-tkanka_tluszczowa","32":"tag-top-stories","33":"tag-topstories","34":"tag-twarz","35":"tag-twiggy_lesley_hornby","36":"tag-update_me","37":"tag-v2021","38":"tag-wiadomosci","39":"tag-world","40":"tag-world-news","41":"tag-worldnews","42":"tag-wyglad"},"share_on_mastodon":{"url":"https:\/\/pubeurope.com\/@pl\/115722592396057238","error":""},"_links":{"self":[{"href":"https:\/\/www.europesays.com\/pl\/wp-json\/wp\/v2\/posts\/151574","targetHints":{"allow":["GET"]}}],"collection":[{"href":"https:\/\/www.europesays.com\/pl\/wp-json\/wp\/v2\/posts"}],"about":[{"href":"https:\/\/www.europesays.com\/pl\/wp-json\/wp\/v2\/types\/post"}],"author":[{"embeddable":true,"href":"https:\/\/www.europesays.com\/pl\/wp-json\/wp\/v2\/users\/2"}],"replies":[{"embeddable":true,"href":"https:\/\/www.europesays.com\/pl\/wp-json\/wp\/v2\/comments?post=151574"}],"version-history":[{"count":0,"href":"https:\/\/www.europesays.com\/pl\/wp-json\/wp\/v2\/posts\/151574\/revisions"}],"wp:featuredmedia":[{"embeddable":true,"href":"https:\/\/www.europesays.com\/pl\/wp-json\/wp\/v2\/media\/151575"}],"wp:attachment":[{"href":"https:\/\/www.europesays.com\/pl\/wp-json\/wp\/v2\/media?parent=151574"}],"wp:term":[{"taxonomy":"category","embeddable":true,"href":"https:\/\/www.europesays.com\/pl\/wp-json\/wp\/v2\/categories?post=151574"},{"taxonomy":"post_tag","embeddable":true,"href":"https:\/\/www.europesays.com\/pl\/wp-json\/wp\/v2\/tags?post=151574"}],"curies":[{"name":"wp","href":"https:\/\/api.w.org\/{rel}","templated":true}]}}