{"id":151576,"date":"2025-12-15T08:16:18","date_gmt":"2025-12-15T08:16:18","guid":{"rendered":"https:\/\/www.europesays.com\/pl\/151576\/"},"modified":"2025-12-15T08:16:18","modified_gmt":"2025-12-15T08:16:18","slug":"rodziny-zaplaca-196-albo-392-zl-co-miesiac-juz-od-1-stycznia","status":"publish","type":"post","link":"https:\/\/www.europesays.com\/pl\/151576\/","title":{"rendered":"Rodziny zap\u0142ac\u0105 196 albo 392 z\u0142 co miesi\u0105c. Ju\u017c od 1 stycznia"},"content":{"rendered":"<p>\t\t\t    \t<img decoding=\"async\" src=\"https:\/\/www.europesays.com\/pl\/wp-content\/uploads\/2025\/12\/282072_r0_940.jpg\" itemprop=\"image\" alt=\"Rodziny zap\u0142ac\u0105 196 albo 392 z\u0142 co miesi\u0105c. Ju\u017c od 1 stycznia\" title=\"Osoby kompostuj\u0105ce odpady zap\u0142ac\u0105 46 z\u0142\" class=\"gallery-image\" fetchpriority=\"high\"\/><\/p>\n<p>\t\t\t\t\t\t\tOsoby kompostuj\u0105ce odpady zap\u0142ac\u0105 46 z\u0142<\/p>\n<p>\n\t\t\t\t\t\t\t\t\tAaaarianne \/ Shutterstock\n\t\t\t\t\t\t\t\t<\/p>\n<p>\n\t\t\tW gminie K\u0142odzko od stycznia 2026 r. wzrosn\u0105 op\u0142aty za \u015bmieci do 49 z\u0142 za osob\u0119, a dla os\u00f3b kompostuj\u0105cych do 46 z\u0142. Zmiany maj\u0105 na celu popraw\u0119 segregacji odpad\u00f3w.\n\t\t<\/p>\n<ul>&#13;<\/p>\n<li>Gmina K\u0142odzko zdecydowa\u0142a o podwy\u017cce op\u0142at za \u015bmieci do 49 z\u0142 od stycznia 2026 r.<\/li>\n<p>&#13;<\/p>\n<li>W nowym roku, czteroosobowa rodzina zap\u0142aci za odpady 196 z\u0142 miesi\u0119cznie.<\/li>\n<p>&#13;<\/p>\n<li>Gmina przypomina, \u017ce mieszka\u0144cy s\u0105 zobowi\u0105zani do prawid\u0142owej segregacji, aby unikn\u0105\u0107 wy\u017cszych op\u0142at.<\/li>\n<p>&#13;\n<\/ul>\n<p>&#13;<br \/>\nMieszka\u0144cy mieli p\u0142aci\u0107 najwy\u017csz\u0105 stawk\u0119 w Polsce&#13;<\/p>\n<p>Obecnie mieszka\u0144cy gminy wiejskiej K\u0142odzko p\u0142ac\u0105 za \u015bmieci 42 z\u0142 od osoby za miesi\u0105c (lub 40 z\u0142, je\u015bli posiadaj\u0105 kompostownik). Wed\u0142ug pierwszej propozycji w\u00f3jta, stawki mia\u0142y wzrosn\u0105\u0107 do 53 z\u0142 od osoby (lub 50 z\u0142, je\u015bli jest kompostownik), co czyni\u0142oby je najwy\u017cszymi w kraju. Ostatecznie jednak podwy\u017cki nie s\u0105 a\u017c tak drastyczne.<\/p>\n<p>&#13;<\/p>\n<p>W\u00f3jt Zbigniew Tur zaproponowa\u0142 radnym op\u0142at\u0119 w wysoko\u015bci 49 z\u0142 od osoby i 46 z\u0142 dla os\u00f3b kompostuj\u0105cych odpady. Rady gminy uchwa\u0142\u0119 przyj\u0119\u0142a, a nowe stawki b\u0119d\u0105 obowi\u0105zywa\u0142y od stycznia 2026 r.<\/p>\n<p>&#13;<\/p>\n<blockquote><p>&#13;<\/p>\n<p>W nowym roku, czteroosobowa rodzina w gminie K\u0142odzko, zap\u0142aci za odpady 196 z\u0142 miesi\u0119cznie (obecnie 168 z\u0142).<\/p>\n<p>&#13;\n<\/p><\/blockquote>\n<p>&#13;<\/p>\n<p>\t\t\t\t\t<a href=\"https:\/\/www.portalsamorzadowy.pl\/gospodarka-komunalna\/mieszkancy-wyparowali-odpadow-przybywa-od-stycznia-oplaty-w-gore,641247.html\" class=\"read-more-box-img-cnt\" rel=\"nofollow noopener\" target=\"_blank\"><br \/>\n\t\t\t\t<img decoding=\"async\" loading=\"lazy\" width=\"300\" height=\"200\" src=\"https:\/\/www.europesays.com\/pl\/wp-content\/uploads\/2025\/12\/281830_r0_300.jpg\" alt=\"Mieszka\u0144cy wyparowali, odpad\u00f3w przybywa. Od stycznia op\u0142aty w g\u00f3r\u0119\" class=\"read-more-box-img\"\/><br \/>\n\t\t\t<\/a><\/p>\n<p>&#13;<br \/>\nCzteroosobowa rodzina zap\u0142aci 336 z\u0142. Jest jeden spos\u00f3b&#13;<\/p>\n<p>Gmina stara si\u0119 tak\u017ce zmobilizowa\u0107 mieszka\u0144c\u00f3w do lepszej segregacji. Jak przypomina w specjalnym komunikacie, ju\u017c od 2021 r. ka\u017cdy mieszkaniec ma obowi\u0105zek prawid\u0142owej segregacji i wystawiania odpad\u00f3w w odpowiednio oznakowanych workach i pojemnikach.<\/p>\n<p>&#13;<\/p>\n<blockquote><p>&#13;<\/p>\n<p>W przypadku stwierdzenia niew\u0142a\u015bciwej segregacji urz\u0105d gminy jest zobowi\u0105zany naliczy\u0107 op\u0142at\u0119 podwy\u017cszon\u0105. Przyk\u0142ad: dla rodziny czteroosobowej mo\u017ce to by\u0107 336 z\u0142 (od 1 stycznia 392 z\u0142 &#8211; red.) miesi\u0119cznie zamiast 168 z\u0142 przy prawid\u0142owej segregacji<\/p>\n<p>&#13;\n<\/p><\/blockquote>\n<p>&#13;<\/p>\n<p>&#8211; grozi gmina.<\/p>\n<p>&#13;<\/p>\n<p>\t\t\t\t\t<a href=\"https:\/\/www.portalsamorzadowy.pl\/gospodarka-komunalna\/chca-uruchomic-rejestr-platnikow-za-odpady-komunalne-nikt-nie-uniknie-placenia-za-smieci,640396.html\" class=\"read-more-box-img-cnt\" rel=\"nofollow noopener\" target=\"_blank\"><br \/>\n\t\t\t\t<img decoding=\"async\" loading=\"lazy\" width=\"300\" height=\"200\" src=\"https:\/\/www.europesays.com\/pl\/wp-content\/uploads\/2025\/12\/281563_r0_300.jpg\" alt=\"Chc\u0105 uruchomi\u0107 rejestr p\u0142atnik\u00f3w za odpady komunalne. Nikt nie uniknie p\u0142acenia za \u015bmieci\" class=\"read-more-box-img\"\/><br \/>\n\t\t\t<\/a><\/p>\n<p>&#13;<\/p>\n<p>Jak podkre\u015bla urz\u0105d, nieprawid\u0142owa segregacja to r\u00f3wnie\u017c konsekwencje dla gminy: &#8211; Nieosi\u0105gni\u0119cie wymaganych poziom\u00f3w recyklingu skutkuje karami finansowymi dla gminy, co wp\u0142ywa na wysoko\u015b\u0107 ponoszonych przez mieszka\u0144c\u00f3w op\u0142at &#8211; czytamy.<\/p>\n<p>&#13;<\/p>\n<p>\t\t\t\t\t<a href=\"https:\/\/www.portalsamorzadowy.pl\/gospodarka-komunalna\/na-nic-karta-duzej-rodziny-gminy-odmawiaja-prawa-do-zwolnienia-z-oplat-za-smieci,640934.html\" class=\"read-more-box-img-cnt\" rel=\"nofollow noopener\" target=\"_blank\"><br \/>\n\t\t\t\t<img decoding=\"async\" loading=\"lazy\" width=\"300\" height=\"200\" src=\"https:\/\/www.europesays.com\/pl\/wp-content\/uploads\/2025\/12\/281661_r0_300.jpg\" alt=\"Na nic Karta Du\u017cej Rodziny. Gminy odmawiaj\u0105 prawa do zwolnienia z op\u0142at za \u015bmieci\" class=\"read-more-box-img\"\/><br \/>\n\t\t\t<\/a><\/p>\n<p>&#13;<\/p>\n<p>Dodajmy, \u017ce op\u0142aty w gminach powiatu k\u0142odzkiego nie s\u0105 niskie. W mie\u015bcie K\u0142odzko ju\u017c od 2024 r. mieszka\u0144cy p\u0142ac\u0105 46 z\u0142, w L\u0105dku-Zdroju od stycznia op\u0142ata wyniesie 36 z\u0142, w Stroniu \u015al\u0105skim od po\u0142owy roku stawka to 35 z\u0142, a w Bystrzyce K\u0142odzkiej 39 z\u0142.<\/p>\n<p>\t\t\t\t<img decoding=\"async\" src=\"https:\/\/www.europesays.com\/pl\/wp-content\/uploads\/2025\/11\/copyright.png\"\/><\/p>\n<p>Materia\u0142 chroniony prawem autorskim &#8211; zasady przedruk\u00f3w okre\u015bla <a href=\"https:\/\/www.portalsamorzadowy.pl\/korzystanie-z-serwisu.html\" rel=\"nofollow noopener\" target=\"_blank\">regulamin<\/a>.<\/p>\n","protected":false},"excerpt":{"rendered":"Osoby kompostuj\u0105ce odpady zap\u0142ac\u0105 46 z\u0142 Aaaarianne \/ Shutterstock W gminie K\u0142odzko od stycznia 2026 r. wzrosn\u0105 op\u0142aty&hellip;\n","protected":false},"author":2,"featured_media":151577,"comment_status":"","ping_status":"","sticky":false,"template":"","format":"standard","meta":{"footnotes":""},"categories":[12],"tags":[664,1178,1177,24471,30541,30544,32,33,36,37,27,34,35,28,31,30542,12207,1175,30539,25,42,38,40,39,41,29,30,1176,30543,24470,30540,26],"class_list":{"0":"post-151576","1":"post","2":"type-post","3":"status-publish","4":"format-standard","5":"has-post-thumbnail","7":"category-polska","8":"tag-typedefinedterm","9":"tag-0-html","10":"tag-1177","11":"tag-12821-html","12":"tag-351-html","13":"tag-576-html","14":"tag-breaking-news","15":"tag-breakingnews","16":"tag-featured-news","17":"tag-featurednews","18":"tag-headlines","19":"tag-latest-news","20":"tag-latestnews","21":"tag-naglowki","22":"tag-najwazniejsze-artykuly","23":"tag-nameku0142odzko","24":"tag-namepodwyu017cki","25":"tag-nameserwis-gospodarka-odpadami","26":"tag-namewojewu00f3dztwo-dolnou015blu0105skie","27":"tag-news","28":"tag-pl","29":"tag-poland","30":"tag-polish","31":"tag-polska","32":"tag-polski","33":"tag-top-stories","34":"tag-topstories","35":"tag-urlhttps-www-portalsamorzadowy-pl-gospodarka-komunalna-podserwis-serwis-gospodarka-odpadami","36":"tag-urlhttps-www-portalsamorzadowy-pl-klucze-klodzko","37":"tag-urlhttps-www-portalsamorzadowy-pl-klucze-podwyzki","38":"tag-urlhttps-www-portalsamorzadowy-pl-klucze-wojewodztwo-dolnoslaskie","39":"tag-wiadomosci"},"share_on_mastodon":{"url":"","error":"Validation failed: Text character limit of 500 exceeded"},"_links":{"self":[{"href":"https:\/\/www.europesays.com\/pl\/wp-json\/wp\/v2\/posts\/151576","targetHints":{"allow":["GET"]}}],"collection":[{"href":"https:\/\/www.europesays.com\/pl\/wp-json\/wp\/v2\/posts"}],"about":[{"href":"https:\/\/www.europesays.com\/pl\/wp-json\/wp\/v2\/types\/post"}],"author":[{"embeddable":true,"href":"https:\/\/www.europesays.com\/pl\/wp-json\/wp\/v2\/users\/2"}],"replies":[{"embeddable":true,"href":"https:\/\/www.europesays.com\/pl\/wp-json\/wp\/v2\/comments?post=151576"}],"version-history":[{"count":0,"href":"https:\/\/www.europesays.com\/pl\/wp-json\/wp\/v2\/posts\/151576\/revisions"}],"wp:featuredmedia":[{"embeddable":true,"href":"https:\/\/www.europesays.com\/pl\/wp-json\/wp\/v2\/media\/151577"}],"wp:attachment":[{"href":"https:\/\/www.europesays.com\/pl\/wp-json\/wp\/v2\/media?parent=151576"}],"wp:term":[{"taxonomy":"category","embeddable":true,"href":"https:\/\/www.europesays.com\/pl\/wp-json\/wp\/v2\/categories?post=151576"},{"taxonomy":"post_tag","embeddable":true,"href":"https:\/\/www.europesays.com\/pl\/wp-json\/wp\/v2\/tags?post=151576"}],"curies":[{"name":"wp","href":"https:\/\/api.w.org\/{rel}","templated":true}]}}