{"id":151582,"date":"2025-12-15T08:19:09","date_gmt":"2025-12-15T08:19:09","guid":{"rendered":"https:\/\/www.europesays.com\/pl\/151582\/"},"modified":"2025-12-15T08:19:09","modified_gmt":"2025-12-15T08:19:09","slug":"rob-reiner-nie-zyje-szokujace-okolicznosci-smierci-rezysera-i-jego-zony","status":"publish","type":"post","link":"https:\/\/www.europesays.com\/pl\/151582\/","title":{"rendered":"Rob Reiner nie \u017cyje. Szokuj\u0105ce okoliczno\u015bci \u015bmierci re\u017cysera i jego \u017cony"},"content":{"rendered":"<p>Rzecznik rodziny Reiner\u00f3w poinformowa\u0142 w niedziel\u0119 p\u00f3\u017anym wieczorem, \u017ce Michele i Rob Reinerowie zmarli.<\/p>\n<p>&#8222;Z g\u0142\u0119bokim smutkiem informujemy o tragicznej \u015bmierci Michele i Roba Reiner\u00f3w.  Jeste\u015bmy wstrz\u0105\u015bni\u0119ci t\u0105 nag\u0142\u0105 strat\u0105 i prosimy o uszanowanie  prywatno\u015bci w tym niezwykle trudnym czasie&#8221; &#8211; czytamy w o\u015bwiadczeniu.<\/p>\n<p>Rob Reiner i jego \u017cona Michele zostali znalezieni martwi w niedziel\u0119 w swoim domu w Los Angeles &#8211; poinformowa\u0142 wcze\u015bniej funkcjonariusz organ\u00f3w \u015bcigania agencj\u0119 AP.<\/p>\n<p>Kr\u00f3tko po godzinie 15:30 czasu miejscowego stra\u017c po\u017carna mia\u0142a zareagowa\u0107 na pro\u015bb\u0119 o pomoc medyczn\u0105. W domu Reiner\u00f3w znalaz\u0142a zw\u0142oki 78-letniego m\u0119\u017cczyzny i 68-letniej kobiety.<\/p>\n<p>&#8222;Na chwil\u0119 obecn\u0105 nie poszukujemy nikogo w charakterze  podejrzanego ani w \u017cadnej innej roli &#8211; powiedzia\u0142 w niedziel\u0119 zast\u0119pca  szefa policji Alan Hamilton na konferencji prasowej, podkre\u015blaj\u0105c, \u017ce\u00a0\u015bledztwo jest wci\u0105\u017c na wczesnym etapie.<\/p>\n<p>&#8222;Tego samego dnia wieczorem detektywi\u00a0przes\u0142uchiwali cz\u0142onka rodziny w sprawie \u015bmierci&#8221; &#8211; poinformowa\u0142o CNN \u017ar\u00f3d\u0142o w organach \u015bcigania zaznajomione ze \u015bledztwem.<\/p>\n<p>&#8222;Postaramy si\u0119 porozmawia\u0107 z ka\u017cdym cz\u0142onkiem rodziny, z kt\u00f3rym b\u0119dziemy  mogli, aby pozna\u0107 fakty b\u0119d\u0105ce przedmiotem \u015bledztwa&#8221; &#8211; zapewni\u0142 Hamilton.<\/p>\n<p>    &#13;<br \/>\n        &#13;<\/p>\n<p>Na cia\u0142ach obu ofiar stwierdzono obra\u017cenia mog\u0105ce wskazywa\u0107 na u\u017cycie  ostrego narz\u0119dzia, dlatego sprawa jest prowadzona jako prawdopodobne  zab\u00f3jstwo.<\/p>\n<p>Ameryka\u0144skie media podaj\u0105, \u017ce na miejscu tragedii przebywa\u0142 32-letni syn pary, Nick Reiner.  Zosta\u0142 on zatrzymany do przes\u0142uchania, jednak na tym etapie policja nie  postawi\u0142a nikomu zarzut\u00f3w ani nie dokona\u0142a aresztowania.  Funkcjonariusze zaznaczaj\u0105, \u017ce wszystkie w\u0105tki sprawy s\u0105 nadal badane.<\/p>\n<p>Pomimo tego magazyn &#8222;People&#8221;, powo\u0142uj\u0105c si\u0119 na &#8222;wiele \u017ar\u00f3de\u0142&#8221;, doni\u00f3s\u0142, \u017ce to w\u0142a\u015bnie Nick jest na ten moment g\u0142\u00f3wnym podejrzanym. Zmaga\u0142 si\u0119 w przesz\u0142o\u015bci z wieloma uzale\u017cnieniami, przez jaki\u015b czas by\u0142 bezdomny i mia\u0142 ponad tuzin pobyt\u00f3w w o\u015brodkach odwykowych. 32-latek jest wsp\u00f3\u0142autorem filmu lu\u017ano opartego na jego \u017cyciu zatytu\u0142owanego &#8222;Jestem Charlie&#8221; (2015), kt\u00f3ry wyre\u017cyserowa\u0142 jego ojciec.<\/p>\n<p>Rob Reiner urodzi\u0142 si\u0119 w nowojorskim Bronksie w aktorskim rodzinie. Jego  mama Estelle by\u0142a aktork\u0105, a ojciec Carl komikiem aktorem, pisarzem,  producentem i re\u017cyserem.\u00a0Reiner mia\u0142 dw\u00f3jk\u0119 m\u0142odszego rodze\u0144stwa &#8211;  siostr\u0119 Sylvi\u0119 Anne i brata Lucasa Josepha.<\/p>\n<p>Rob Reiner studiowa\u0142 w szkole filmowej w Los Angeles i pocz\u0105tkowo robi\u0142 karier\u0119 jako aktor.<\/p>\n<p>Po ekranowym debiucie jako Leroy Burkey w serialu kryminalnym &#8222;Ob\u0142awa&#8221;, zwr\u00f3ci\u0142 na siebie uwag\u0119 w roli Mike\u2019a Casimira &#8222;Meatheada&#8221; Stivica w sitcomie CBS &#8222;All in the Family&#8221;, za kt\u00f3r\u0105 otrzyma\u0142 dwie nagrody Emmy (1974, 1978) i pi\u0119\u0107 nominacji do Z\u0142otego Globu dla najlepszego aktora drugoplanowego w serialu, miniserialu lub filmie telewizyjnym.\u00a0<\/p>\n<p>Na du\u017cym ekranie zadebiutowa\u0142 w 1967 roku w komedii romantycznej swojego ojca &#8222;Enter Laughing&#8221;.<\/p>\n<p>Kilkana\u015bcie lat p\u00f3\u017aniej postanowi\u0142 sam spr\u00f3bowa\u0107 swoich si\u0142 po drugiej stronie kamery. W 1984 roku nakr\u0119ci\u0142 mockument zatytu\u0142owany &#8222;Oto Spinal Tap&#8221;, opowiadaj\u0105cy o cz\u0142onkach fikcyjnego angielskiego zespo\u0142u heavymetalowego.<\/p>\n<p>Uznanie przynios\u0142y mu zrealizowane w kr\u00f3tkim czasie: komedia romantyczna &#8222;Pewna sprawa&#8221; (1985) z Johnem Cusackiem w roli g\u0142\u00f3wnej, m\u0142odzie\u017cowy dramat o dorastaniu &#8222;Sta\u0144 przy mnie&#8221; (1986) oraz przygodowe fantasy &#8222;Narzeczona dla ksi\u0119cia&#8221; (1987).<\/p>\n<p>Do historii przesz\u0142a zrealizowania dwa lata p\u00f3\u017aniej komedia romantyczna &#8222;Kiedy Harry pozna\u0142 Sally&#8221; z Meg Ryan i Billym Crystalem w rolach g\u0142\u00f3wnych. By\u0142 za ni\u0105 nominowany do Z\u0142otego Globu dla najlepszego re\u017cysera.<\/p>\n<p>    &#13;<\/p>\n<ul class=\"embed-list\">&#13;<\/p>\n<li class=\"embed-article-item i1 item-full\" data-pos=\"1\" data-id=\"8044883\">&#13;\n<p>                <a class=\"embed-tile-thumb\" href=\"https:\/\/interia.hit.gemius.pl\/hitredir\/id=baCb8AslJNnZj2kUGPLkPMUF.tLBarst.iFIsOnSq33..7\/url=https%3A%2F%2Ffilm.interia.pl%2Fmocny-temat%2Fnews-ta-scena-przeszla-do-historii-mogla-byc-jeszcze-mocniejsza%2CnId%2C8044883%23iwa_source%3Darticle_list%26parametr%3D2_h\" rel=\"nofollow noopener\" target=\"_blank\">&#13;<br \/>\n                        &#13;<br \/>\n                            &#13;<br \/>\n                                                            &#13;<br \/>\n                    <img decoding=\"async\" alt=\"Ta scena przesz\u0142a do historii. Mog\u0142a by\u0107 jeszcze mocniejsza\" src=\"https:\/\/www.europesays.com\/pl\/wp-content\/uploads\/2025\/12\/000LZSI4VQ4A3KMF-C459.webp.webp\" class=\"embed-tile-img img-responsive\" loading=\"lazy\"\/>&#13;<br \/>\n                &#13;<br \/>\n                    <\/a><\/p>\n<p>    &#13;\n                    <\/li>\n<p>&#13;\n                                    <\/ul>\n<p>&#13;<\/p>\n<p>Nast\u0119pnie nakr\u0119ci\u0142 dreszczowiec psychologiczny &#8222;Misery&#8221; (1990), adaptacj\u0119 powie\u015bci Stephena Kinga, wojskowy dramat s\u0105dowy &#8222;Ludzie honoru&#8221; (1992), kt\u00f3ry by\u0142 nominowany do Oscara za najlepszy film, oraz komediodramat romantyczny &#8222;Prezydent: Mi\u0142o\u015b\u0107 w Bia\u0142ym Domu&#8221; (1995) z Michaelem Douglasem w roli tytu\u0142owej.\u00a0<\/p>\n<p>Jego kolejne filmy to: &#8222;Duchy Missisipi&#8221;, &#8222;Tylko mi\u0142o\u015b\u0107&#8221;, &#8222;Z ust do ust&#8221; i &#8222;Goni nas czas&#8221;.<\/p>\n<p>W tym roku premier\u0119 mia\u0142 jego ostatni, jak si\u0119 okaza\u0142o, film.\u00a0&#8222;Spinal Tap II: To nie koniec&#8221; by\u0142 kontynuacj\u0105 jego debiutanckiego dzie\u0142a o fikcyjnym zespole metalowym, zrealizowan\u0105 ponad czterdzie\u015bci lat po premierze orygina\u0142u.<\/p>\n<p>\u017bona Reinera Michele, by\u0142a fotografk\u0105 i  przez lata aktywnie wspiera\u0142a zawodowe projekty m\u0119\u017ca. Ma\u0142\u017ce\u0144stwem byli  od 1989 roku i wsp\u00f3lnie wychowywali tr\u00f3jk\u0119 dzieci.<\/p>\n<p>&#8222;Michelle i\u00a0ja\u00a0jeste\u015bmy zdruzgotani tragiczn\u0105 \u015bmierci\u0105  Roba Reinera i\u00a0jego ukochanej \u017cony, Michele. Osi\u0105gni\u0119cia Roba w\u00a0filmie  i\u00a0telewizji przynios\u0142y nam jedne z\u00a0najbardziej cenionych historii  na\u00a0ekranie. Jednak u\u00a0podstaw wszystkich historii, kt\u00f3re tworzy\u0142, le\u017ca\u0142a  g\u0142\u0119boka wiara w\u00a0dobro ludzi &#8211; oraz do\u017cywotnie zobowi\u0105zanie, by\u00a0wciela\u0107  t\u0119\u00a0wiar\u0119 w\u00a0\u017cycie. Razem on\u00a0i\u00a0jego \u017cona prowadzili \u017cycie naznaczone  poczuciem celu. Zostan\u0105 zapami\u0119tani za\u00a0warto\u015bci, kt\u00f3rych bronili, oraz  za\u00a0niezliczone osoby, kt\u00f3re zainspirowali. Sk\u0142adamy nasze najszczersze  kondolencje wszystkim, kt\u00f3rzy ich\u00a0kochali&#8221; &#8211; napisa\u0142 na wie\u015b\u0107 o \u015bmierci Reinera by\u0142y prezydent USA Barack Obama.<\/p>\n<p>Z kolei burmistrzyni Los Angeles Karen Bass o\u015bwiadczy\u0142a, \u017ce \u015bmier\u0107 Reinera jest ogromn\u0105 strat\u0105 dla miasta.<\/p>\n<p>&#8222;Wk\u0142ad Roba Reinera odbija si\u0119 echem w ca\u0142ej ameryka\u0144skiej kulturze i spo\u0142ecze\u0144stwie. Poprzez swoj\u0105 tw\u00f3rczo\u015b\u0107 i walk\u0119 o sprawiedliwo\u015b\u0107 spo\u0142eczn\u0105 i ekonomiczn\u0105 poprawi\u0142 jako\u015b\u0107 \u017cycia niezliczonej rzeszy ludzi. By\u0142 uznanym aktorem, re\u017cyserem, producentem, pisarzem i zaanga\u017cowanym dzia\u0142aczem politycznym. Zawsze wykorzystywa\u0142 swoje talenty, aby s\u0142u\u017cy\u0107 innym&#8221; &#8211; napisa\u0142a Bass w wydanym o\u015bwiadczeniu.\u00a0<\/p>\n<p>&#13;<br \/>\n    &#13;<br \/>\n            Wideo&#13;<\/p>\n<p>        &#13;<br \/>\n&#13;<br \/>\n    &#13;<br \/>\n        &#13;<br \/>\n                &#13;<\/p>\n<p>&#13;<br \/>\n                                        &#8222;Przepis na morderstwo&#8221; [trailer]&#13;<br \/>\n                                        materia\u0142y prasowe&#13;\n                    <\/p>\n<p>&#13;<\/p>\n","protected":false},"excerpt":{"rendered":"Rzecznik rodziny Reiner\u00f3w poinformowa\u0142 w niedziel\u0119 p\u00f3\u017anym wieczorem, \u017ce Michele i Rob Reinerowie zmarli. &#8222;Z g\u0142\u0119bokim smutkiem informujemy&hellip;\n","protected":false},"author":2,"featured_media":151583,"comment_status":"","ping_status":"","sticky":false,"template":"","format":"standard","meta":{"footnotes":""},"categories":[22],"tags":[122,42,38,40,39,41,123],"class_list":{"0":"post-151582","1":"post","2":"type-post","3":"status-publish","4":"format-standard","5":"has-post-thumbnail","7":"category-rozrywka","8":"tag-entertainment","9":"tag-pl","10":"tag-poland","11":"tag-polish","12":"tag-polska","13":"tag-polski","14":"tag-rozrywka"},"share_on_mastodon":{"url":"https:\/\/pubeurope.com\/@pl\/115722608550994247","error":""},"_links":{"self":[{"href":"https:\/\/www.europesays.com\/pl\/wp-json\/wp\/v2\/posts\/151582","targetHints":{"allow":["GET"]}}],"collection":[{"href":"https:\/\/www.europesays.com\/pl\/wp-json\/wp\/v2\/posts"}],"about":[{"href":"https:\/\/www.europesays.com\/pl\/wp-json\/wp\/v2\/types\/post"}],"author":[{"embeddable":true,"href":"https:\/\/www.europesays.com\/pl\/wp-json\/wp\/v2\/users\/2"}],"replies":[{"embeddable":true,"href":"https:\/\/www.europesays.com\/pl\/wp-json\/wp\/v2\/comments?post=151582"}],"version-history":[{"count":0,"href":"https:\/\/www.europesays.com\/pl\/wp-json\/wp\/v2\/posts\/151582\/revisions"}],"wp:featuredmedia":[{"embeddable":true,"href":"https:\/\/www.europesays.com\/pl\/wp-json\/wp\/v2\/media\/151583"}],"wp:attachment":[{"href":"https:\/\/www.europesays.com\/pl\/wp-json\/wp\/v2\/media?parent=151582"}],"wp:term":[{"taxonomy":"category","embeddable":true,"href":"https:\/\/www.europesays.com\/pl\/wp-json\/wp\/v2\/categories?post=151582"},{"taxonomy":"post_tag","embeddable":true,"href":"https:\/\/www.europesays.com\/pl\/wp-json\/wp\/v2\/tags?post=151582"}],"curies":[{"name":"wp","href":"https:\/\/api.w.org\/{rel}","templated":true}]}}