{"id":151588,"date":"2025-12-15T08:22:11","date_gmt":"2025-12-15T08:22:11","guid":{"rendered":"https:\/\/www.europesays.com\/pl\/151588\/"},"modified":"2025-12-15T08:22:11","modified_gmt":"2025-12-15T08:22:11","slug":"kiedy-ubrac-choinke-na-boze-narodzenie-tradycja-swoje-a-polacy-swoje","status":"publish","type":"post","link":"https:\/\/www.europesays.com\/pl\/151588\/","title":{"rendered":"Kiedy ubra\u0107 choink\u0119 na Bo\u017ce Narodzenie? Tradycja swoje, a Polacy swoje"},"content":{"rendered":"<p class=\"Paragraph_desktopParagraph__U31Gm\">Ubieranie choinki to jeden z tych moment\u00f3w, kt\u00f3re niezmiennie kojarz\u0105 si\u0119 ze \u015bwi\u0105teczn\u0105 magi\u0105. Dla jednych jest to rytua\u0142 pe\u0142en nostalgii, dla innych \u2013 kolejny punkt na li\u015bcie grudniowych obowi\u0105zk\u00f3w. <\/p>\n<p class=\"VideoPlayerText_videoPlayerText__iDwyz\">Dalszy ci\u0105g materia\u0142u pod wideo<\/p>\n<ul class=\"OchatFollowUps_wrapper__1ry7X\">\n<li class=\"OchatFollowUps_item__Dhyly OchatFollowUps_itemDesktop__R6aBv\">Kiedy wed\u0142ug tradycji nale\u017cy ubra\u0107 choink\u0119?<\/li>\n<li class=\"OchatFollowUps_item__Dhyly OchatFollowUps_itemDesktop__R6aBv\">Jakie s\u0105 wsp\u00f3\u0142czesne zwyczaje dotycz\u0105ce ubierania choinki?<\/li>\n<li class=\"OchatFollowUps_item__Dhyly OchatFollowUps_itemDesktop__R6aBv\">Co symbolizuj\u0105 ozdoby na choince?<\/li>\n<li class=\"OchatFollowUps_item__Dhyly OchatFollowUps_itemDesktop__R6aBv\">Jakie znaczenie ma gwiazda na czubku choinki?<\/li>\n<\/ul>\n<p>Kiedy jest w\u0142a\u015bciwy moment na ubieranie choinki? <\/p>\n<p class=\"Paragraph_desktopParagraph__U31Gm\">Tradycja m\u00f3wi jasno \u2013 24 grudnia, w Wigili\u0119 Bo\u017cego Narodzenia, ca\u0142\u0105 rodzin\u0105 powinni\u015bmy udekorowa\u0107 choink\u0119. To symboliczne rozpocz\u0119cie \u015bwi\u0105t, kt\u00f3re przypomina o ich duchowym wymiarze. Jednak wsp\u00f3\u0142czesno\u015b\u0107 zdaje si\u0119 nieco rozmija\u0107 z t\u0105 zasad\u0105. W wielu domach drzewko pojawia si\u0119 ju\u017c na pocz\u0105tku grudnia, a czasem nawet wcze\u015bniej, by jak najd\u0142u\u017cej cieszy\u0107 si\u0119 \u015bwi\u0105teczn\u0105 atmosfer\u0105.<\/p>\n<p class=\"Paragraph_desktopParagraph__U31Gm\">Ko\u015bci\u00f3\u0142 katolicki, cho\u0107 tradycyjnie wskazuje na Wigili\u0119, dopuszcza ubieranie choinki ju\u017c tydzie\u0144 wcze\u015bniej. Z kolei wielu Polak\u00f3w wybiera 6 grudnia, czyli miko\u0142ajki, jako idealny moment na wprowadzenie \u015bwi\u0105tecznego klimatu do swoich dom\u00f3w.<\/p>\n<p><img decoding=\"async\" class=\"Image_image__0tuHp Image_autoHeight__f2n87 \" height=\"587\" width=\"880\" src=\"https:\/\/www.europesays.com\/pl\/wp-content\/uploads\/2025\/12\/R6Lk9kpTURBXy80MmYyMjc5YmE4YWEwYjYxZWNkYTVhY2Y3MTNmNjQ5My5qcGeTlQMAAM0bYM0SQJUCzQOsAMLDlQIAzQJLwsPeA.jpeg\" alt=\"Zgodnie z tradycj\u0105 choink\u0119 ubieramy w Wigili\u0105\" loading=\"lazy\" \/>ALAMY LIMITED \/ Agencja BE&amp;W<\/p>\n<p>Zgodnie z tradycj\u0105 choink\u0119 ubieramy w Wigili\u0105<\/p>\n<p class=\"Paragraph_desktopParagraph__U31Gm\">W rzeczywisto\u015bci nie ma jednej w\u0142a\u015bciwej odpowiedzi na pytanie, kiedy ubiera\u0107 choink\u0119. Mo\u017cemy trzyma\u0107 si\u0119 tradycji i poczeka\u0107 do Wigilii, ale r\u00f3wnie dobrze mo\u017cemy zrobi\u0107 to wcze\u015bniej \u2013 wszystko zale\u017cy od naszych upodoba\u0144 i potrzeb. \u015awi\u0119ta to czas rado\u015bci i rodzinnych spotka\u0144, wi\u0119c najwa\u017cniejsze jest to, by ka\u017cda rodzina znalaz\u0142a sw\u00f3j w\u0142asny spos\u00f3b na celebrowanie tych wyj\u0105tkowych chwil.<\/p>\n<p>Co symbolizuj\u0105 ozdoby na choince? <\/p>\n<p class=\"Paragraph_desktopParagraph__U31Gm\">Choinka to nie tylko pi\u0119kna ozdoba \u015bwi\u0105teczna, ale tak\u017ce symbolika, kt\u00f3ra kryje si\u0119 za ka\u017cd\u0105 dekoracj\u0105. Ka\u017cdy detal na choince ma swoje znaczenie, kt\u00f3re cz\u0119sto nawi\u0105zuje do chrze\u015bcija\u0144skich wierze\u0144 i warto\u015bci.<\/p>\n<p class=\"Paragraph_desktopParagraph__U31Gm\">\u0141a\u0144cuchy na choince symbolizuj\u0105 zjednoczon\u0105 rodzin\u0119 i nierozerwalno\u015b\u0107 wi\u0119zi mi\u0119dzy domownikami. \u015awiate\u0142ka na choince maj\u0105 chroni\u0107 przed z\u0142em i ciemno\u015bci\u0105. S\u0105 symbolem narodzin Chrystusa, kt\u00f3ry w tradycji chrze\u015bcija\u0144skiej nazywany jest \u015bwiat\u0142o\u015bci\u0105 narod\u00f3w.<\/p>\n<p class=\"Paragraph_desktopParagraph__U31Gm\">Z kolei dzwoneczki, kt\u00f3re cz\u0119sto zdobi\u0105 \u015bwi\u0105teczne drzewka, zwiastuj\u0105 rado\u015b\u0107 i pomy\u015blne wie\u015bci. Ich d\u017awi\u0119k w tradycji chrze\u015bcija\u0144skiej oznacza pokonanie z\u0142a.<\/p>\n<p class=\"Paragraph_desktopParagraph__U31Gm\">Anio\u0142ki, cz\u0119sto wykonane r\u0119cznie, maj\u0105 chroni\u0107 dom i jego mieszka\u0144c\u00f3w przed wszelkim z\u0142em. Natomiast gwiazda na czubku choinki symbolizuje betlejemskie \u015bwiat\u0142o, kt\u00f3re prowadzi\u0142o Trzech Kr\u00f3li do miejsca narodzin Jezusa. W tradycji ma ona wskazywa\u0107 drog\u0119 do domu i by\u0107 symbolem nadziei.<\/p>\n<p class=\"Paragraph_desktopParagraph__U31Gm\">Cho\u0107 coraz rzadziej widuje si\u0119 jab\u0142ka na choinkach, kiedy\u015b by\u0142y one popularn\u0105 ozdob\u0105. Symbolizuj\u0105 zdrowie i urod\u0119, a tak\u017ce nawi\u0105zuj\u0105 do biblijnej historii Adama i Ewy. Orzechy w\u0142oskie, wieszane na ga\u0142\u0105zkach, s\u0105 natomiast symbolem dobrobytu, si\u0142y i m\u0105dro\u015bci.<\/p>\n<p class=\"Paragraph_desktopParagraph__U31Gm\">Zobacz:<\/p>\n<p><img decoding=\"async\" class=\"Image_image__0tuHp Image_autoHeight__f2n87 \" height=\"6536\" width=\"940\" src=\"https:\/\/www.europesays.com\/pl\/wp-content\/uploads\/2025\/12\/m3pk9kqTURBXy9jZTY2Y2Y2N2NhZjEwMzU4YmIzZGE3OWI1ODNhYTQ0Ny5qcGVnkZUCzQOsAMLD3gADoTABoTEBoTPD.jpeg\" alt=\"Historia choinki\" loading=\"lazy\" \/>Onet<\/p>\n<p>Historia choinki<\/p>\n","protected":false},"excerpt":{"rendered":"Ubieranie choinki to jeden z tych moment\u00f3w, kt\u00f3re niezmiennie kojarz\u0105 si\u0119 ze \u015bwi\u0105teczn\u0105 magi\u0105. Dla jednych jest to&hellip;\n","protected":false},"author":2,"featured_media":151589,"comment_status":"","ping_status":"","sticky":false,"template":"","format":"standard","meta":{"footnotes":""},"categories":[14],"tags":[18916,32,33,23151,27,11138,67,1269,34,35,28,31,53,25,52,68,51,55,40,41,1367,1270,47,196,80,30548,5806,29,30,30546,50,26,644,82,83,84,30545,30547],"class_list":{"0":"post-151588","1":"post","2":"type-post","3":"status-publish","4":"format-standard","5":"has-post-thumbnail","7":"category-swiat","8":"tag-boze_narodzenie_swieta_bozego_narodzenia_wigilia","9":"tag-breaking-news","10":"tag-breakingnews","11":"tag-choinka","12":"tag-headlines","13":"tag-help_me","14":"tag-intextvideo_splayer","15":"tag-kosciol_katolicki_duchowienstwo_duchowni_zakonnicy","16":"tag-latest-news","17":"tag-latestnews","18":"tag-naglowki","19":"tag-najwazniejsze-artykuly","20":"tag-new_header","21":"tag-news","22":"tag-onet3","23":"tag-onet3d","24":"tag-onet3d_2i","25":"tag-phx","26":"tag-polish","27":"tag-polski","28":"tag-porady","29":"tag-religia_wiara","30":"tag-screening_general","31":"tag-styl_zycia","32":"tag-swiat","33":"tag-swiateczne_zwyczaje","34":"tag-swieta","35":"tag-top-stories","36":"tag-topstories","37":"tag-tradycje","38":"tag-v2021","39":"tag-wiadomosci","40":"tag-wideo","41":"tag-world","42":"tag-world-news","43":"tag-worldnews","44":"tag-zwyczaje","45":"tag-zwyczaje_swiateczne"},"share_on_mastodon":{"url":"","error":"Validation failed: Text character limit of 500 exceeded"},"_links":{"self":[{"href":"https:\/\/www.europesays.com\/pl\/wp-json\/wp\/v2\/posts\/151588","targetHints":{"allow":["GET"]}}],"collection":[{"href":"https:\/\/www.europesays.com\/pl\/wp-json\/wp\/v2\/posts"}],"about":[{"href":"https:\/\/www.europesays.com\/pl\/wp-json\/wp\/v2\/types\/post"}],"author":[{"embeddable":true,"href":"https:\/\/www.europesays.com\/pl\/wp-json\/wp\/v2\/users\/2"}],"replies":[{"embeddable":true,"href":"https:\/\/www.europesays.com\/pl\/wp-json\/wp\/v2\/comments?post=151588"}],"version-history":[{"count":0,"href":"https:\/\/www.europesays.com\/pl\/wp-json\/wp\/v2\/posts\/151588\/revisions"}],"wp:featuredmedia":[{"embeddable":true,"href":"https:\/\/www.europesays.com\/pl\/wp-json\/wp\/v2\/media\/151589"}],"wp:attachment":[{"href":"https:\/\/www.europesays.com\/pl\/wp-json\/wp\/v2\/media?parent=151588"}],"wp:term":[{"taxonomy":"category","embeddable":true,"href":"https:\/\/www.europesays.com\/pl\/wp-json\/wp\/v2\/categories?post=151588"},{"taxonomy":"post_tag","embeddable":true,"href":"https:\/\/www.europesays.com\/pl\/wp-json\/wp\/v2\/tags?post=151588"}],"curies":[{"name":"wp","href":"https:\/\/api.w.org\/{rel}","templated":true}]}}