{"id":151592,"date":"2025-12-15T08:24:11","date_gmt":"2025-12-15T08:24:11","guid":{"rendered":"https:\/\/www.europesays.com\/pl\/151592\/"},"modified":"2025-12-15T08:24:11","modified_gmt":"2025-12-15T08:24:11","slug":"najgrozniejsi-przestepcy-w-ue-na-liscie-trzech-polakow-onet","status":"publish","type":"post","link":"https:\/\/www.europesays.com\/pl\/151592\/","title":{"rendered":"Najgro\u017aniejsi przest\u0119pcy w UE. Na li\u015bcie trzech Polak\u00f3w &#8211; Onet"},"content":{"rendered":"<ol>\n<li><a href=\"https:\/\/news.google.com\/rss\/articles\/CBMiuAFBVV95cUxNRjJmRUdCUFlhZnBXNDY2Q1kyZDkxSTJCV0pkeHkxdzdiaW1ES1k3d1J4U2syRWRyMTgwX29sX3V1WVVSX0R4akFScnZDVkJzU1lNS3ZQbTV6WVJzcDItQzdlSVpoS0tjT3NiNlJvQmloSnk1ODU1WXR5SXhHYkpGRTlQSjJ6NUlIcWI3eUstUW9wa3VCUkVuRUpPV0tsREQ4dWt0MDFiNzlfOXpaWnN4b0EybFNWWUpS?oc=5\" target=\"_blank\" rel=\"nofollow noopener\">Najgro\u017aniejsi przest\u0119pcy w UE. Na li\u015bcie trzech Polak\u00f3w<\/a>&nbsp;&nbsp;Onet<\/li>\n<li><a href=\"https:\/\/news.google.com\/rss\/articles\/CBMiowFBVV95cUxPSi1sWHh5SWFxZUdVVTBnV0l0VU5QaGRBSS0tbktGQ203bW5EcHJpX19Ncm5qaWlXU0x0MlgwWHluWmtIRWRmSEwtZmlOVkFRbXNlZDNWek50TVQ2WUhfTmxTV2NXeVQ5cDREZXFRa0dseGh1Z0dueVpidGVaWmRnYU85RTY0Q21lcnVxQ2ZNQlB6SkdzUW12Y1c1aExnRXd0UUtv?oc=5\" target=\"_blank\" rel=\"nofollow noopener\">Trzech Polak\u00f3w w\u015br\u00f3d najbardziej poszukiwanych przest\u0119pc\u00f3w<\/a>&nbsp;&nbsp;WP Wiadomo\u015bci<\/li>\n<li><a href=\"https:\/\/news.google.com\/rss\/articles\/CBMiyAFBVV95cUxNQTdESmc0alNjV2ZfVXB6cG9zQnRLMXdVMUEyMmZDTTY2Yk1rTHZIMDdfN1FLTWN5dWpHVy12T1dzbHJhcHpnUjJhWWtCV1h2bFpHOVhycDVlbXF0TE1yYjFmZmotN3BQS0VhdkVYTVpPcklBbjRFemF2N1ZRMUlkejB3NHVuUzN1cTktdFE4S3dEV2dib1lTXzYyQmlnNXF2bVZOLXdVU1c0OUZDRUpsMFpSbUFRX0ppV0lPdlYwRzcyU3lmTTlsOQ?oc=5\" target=\"_blank\" rel=\"nofollow noopener\">Trzech Polak\u00f3w na li\u015bcie najgro\u017aniejszych przest\u0119pc\u00f3w UE. Pedofil, gwa\u0142ciciel i szef szajki z\u0142odziei luksusowych aut<\/a>&nbsp;&nbsp;wroclaw.wyborcza.pl<\/li>\n<li><a href=\"https:\/\/news.google.com\/rss\/articles\/CBMitgFBVV95cUxNMkJRZHptTTJvRVBBQXdrSV9jaVY5Nlp6dGFnelE0alk3OGV0UktMekZRYVk2clBtUC1uemhpcmp6aV9oZDBYOEFDQ3FMV2loX1ZIaVktaERYdXRlZXdTX241aS1NQ25tMkNSZmRSajZKTElVcFY2aWc4U3BVQ3llSF9NYWtKNmdYa2NRVGU5a2tubTVLMjlYZWFudlY0SVJ1cnFacGFNWnRzMEU5a2d4cjNUZml6UQ?oc=5\" target=\"_blank\" rel=\"nofollow noopener\">Lista najgro\u017aniejszych przest\u0119pc\u00f3w w Europie. Polacy s\u0105 wysoko<\/a>&nbsp;&nbsp;o2.pl<\/li>\n<li><a href=\"https:\/\/news.google.com\/rss\/articles\/CBMiowFBVV95cUxPbk9QcGFETlJuaWZYTFVlc3JfV0t2NkVoUFN2WnVIalhQcDJ1d09MYXhmaEU1d092djlZbjhJdGlmcHZIRW4xRXp3RV8wdkhjOWRic0twbVJxQzBhb2c0VlNkTHZSb3ZNVHBIV091Q2dXWkExOEhxMmlHa21kaE44SXJRTGF4STYzT2RiZURVeHV6SHU3Y0dhYjlTNVRBTFRraWdj?oc=5\" target=\"_blank\" rel=\"nofollow noopener\">\u201ePom\u00f3\u017c nam ich znale\u017a\u0107\u201d &#8211; kampania Europolu i sieci ENFAST<\/a>&nbsp;&nbsp;Policja.pl<\/li>\n<\/ol>\n","protected":false},"excerpt":{"rendered":"Najgro\u017aniejsi przest\u0119pcy w UE. Na li\u015bcie trzech Polak\u00f3w&nbsp;&nbsp;Onet Trzech Polak\u00f3w w\u015br\u00f3d najbardziej poszukiwanych przest\u0119pc\u00f3w&nbsp;&nbsp;WP Wiadomo\u015bci Trzech Polak\u00f3w na&hellip;\n","protected":false},"author":2,"featured_media":151593,"comment_status":"","ping_status":"","sticky":false,"template":"","format":"standard","meta":{"footnotes":""},"categories":[5],"tags":[32,33,26906,36,37,27,67,34,35,28,31,53,25,52,68,51,55,42,38,251,40,39,41,7950,1996,47,29,30,61,65,50,26],"class_list":{"0":"post-151592","1":"post","2":"type-post","3":"status-publish","4":"format-standard","5":"has-post-thumbnail","7":"category-naglowki","8":"tag-breaking-news","9":"tag-breakingnews","10":"tag-europol","11":"tag-featured-news","12":"tag-featurednews","13":"tag-headlines","14":"tag-intextvideo_splayer","15":"tag-latest-news","16":"tag-latestnews","17":"tag-naglowki","18":"tag-najwazniejsze-artykuly","19":"tag-new_header","20":"tag-news","21":"tag-onet3","22":"tag-onet3d","23":"tag-onet3d_2i","24":"tag-phx","25":"tag-pl","26":"tag-poland","27":"tag-policja_policjanci_policjant_policjantka_policjantki","28":"tag-polish","29":"tag-polska","30":"tag-polski","31":"tag-poszukiwani","32":"tag-przestepstwo_przestepstwa_przestepczosc","33":"tag-screening_general","34":"tag-top-stories","35":"tag-topstories","36":"tag-ue_unia_europejska_komisja_rada_komisarze","37":"tag-update_me","38":"tag-v2021","39":"tag-wiadomosci"},"share_on_mastodon":{"url":"","error":"Validation failed: Text character limit of 500 exceeded"},"_links":{"self":[{"href":"https:\/\/www.europesays.com\/pl\/wp-json\/wp\/v2\/posts\/151592","targetHints":{"allow":["GET"]}}],"collection":[{"href":"https:\/\/www.europesays.com\/pl\/wp-json\/wp\/v2\/posts"}],"about":[{"href":"https:\/\/www.europesays.com\/pl\/wp-json\/wp\/v2\/types\/post"}],"author":[{"embeddable":true,"href":"https:\/\/www.europesays.com\/pl\/wp-json\/wp\/v2\/users\/2"}],"replies":[{"embeddable":true,"href":"https:\/\/www.europesays.com\/pl\/wp-json\/wp\/v2\/comments?post=151592"}],"version-history":[{"count":0,"href":"https:\/\/www.europesays.com\/pl\/wp-json\/wp\/v2\/posts\/151592\/revisions"}],"wp:featuredmedia":[{"embeddable":true,"href":"https:\/\/www.europesays.com\/pl\/wp-json\/wp\/v2\/media\/151593"}],"wp:attachment":[{"href":"https:\/\/www.europesays.com\/pl\/wp-json\/wp\/v2\/media?parent=151592"}],"wp:term":[{"taxonomy":"category","embeddable":true,"href":"https:\/\/www.europesays.com\/pl\/wp-json\/wp\/v2\/categories?post=151592"},{"taxonomy":"post_tag","embeddable":true,"href":"https:\/\/www.europesays.com\/pl\/wp-json\/wp\/v2\/tags?post=151592"}],"curies":[{"name":"wp","href":"https:\/\/api.w.org\/{rel}","templated":true}]}}