{"id":151596,"date":"2025-12-15T08:26:09","date_gmt":"2025-12-15T08:26:09","guid":{"rendered":"https:\/\/www.europesays.com\/pl\/151596\/"},"modified":"2025-12-15T08:26:09","modified_gmt":"2025-12-15T08:26:09","slug":"nie-zyje-byly-dziennikarz-tvp-mial-90-lat","status":"publish","type":"post","link":"https:\/\/www.europesays.com\/pl\/151596\/","title":{"rendered":"Nie \u017cyje by\u0142y dziennikarz TVP. Mia\u0142 90 lat"},"content":{"rendered":"<p class=\"ods-c-paragraph \">Janusz Cichalewski, dziennikarz i konferansjer, zmar\u0142 w wieku 90 lat w swoim domu w Stanach Zjednoczonych. Od 1989 r. mieszka\u0142 w Nowym Jorku, gdzie kontynuowa\u0142 karier\u0119 jako dziennikarz prasowy, radiowy i telewizyjny. By\u0142 r\u00f3wnie\u017c aktywnym uczestnikiem \u017cycia polonijnego, prowadz\u0105c liczne wydarzenia skierowane do Polak\u00f3w mieszkaj\u0105cych za granic\u0105. Wcze\u015bniej, w Polsce, pracowa\u0142 w Telewizji Polskiej, gdzie redagowa\u0142 i prowadzi\u0142 programy takie jak &#8222;Telewizyjny Ekran M\u0142odych&#8221;, &#8222;Teleferie&#8221; i &#8222;Zwierzyniec&#8221;.<\/p>\n<p>Dalszy ci\u0105g artyku\u0142u pod materia\u0142em wideo<\/p>\n<p> Kiedy zmar\u0142 Janusz Cichalewski? <\/p>\n<p> Ile lat mia\u0142 Janusz Cichalewski w momencie \u015bmierci? <\/p>\n<p> Gdzie mieszka\u0142 Janusz Cichalewski po 1989 roku? <\/p>\n<p> Jakie programy prowadzi\u0142 Janusz Cichalewski w TVP? <\/p>\n<p>  Nie \u017cyje Janusz Cichalewski. Dziennikarz i aktor zmar\u0142 w USA<\/p>\n<p class=\"ods-c-paragraph \">Jerzy Cichalewski, syn zmar\u0142ego Janusza Cichalewskiego, poinformowa\u0142 o \u015bmierci ojca w mediach spo\u0142eczno\u015bciowych.<\/p>\n<blockquote class=\"ods-o-quota\">\n<p class=\"ods-o-quota__paragraph\">Janusz Cichalewski, wielu z was go zna\u0142o, a on zna\u0142 was, wi\u0119c wszystkich przyjaci\u00f3\u0142 i znajomych informuj\u0119, \u017ce dzisiejszej nocy zmar\u0142 w USA, ju\u017c nie napiszecie, nie pogadacie i nie zobaczycie si\u0119, wspomnijcie go czasem<\/p>\n<\/blockquote>\n<p class=\"ods-c-paragraph \">\u2014 napisa\u0142 na Facebooku.<\/p>\n<p class=\"ods-c-paragraph \">Cichalewski pochodzi\u0142 z Krakowa i by\u0142 magistrem wychowania fizycznego, uko\u0144czy\u0142 Akademi\u0119 Wychowania Fizycznego w 1960 r. Po kr\u00f3tkiej pracy jako nauczyciel wychowania fizycznego, rozpocz\u0105\u0142 karier\u0119 w O\u015brodku Telewizyjnym w Krakowie, gdzie najpierw pracowa\u0142 jako operator, a nast\u0119pnie jako redaktor. W latach 60. prowadzi\u0142 autorski program &#8222;Jazz i Piosenka&#8221; w Redakcji Muzycznej Jerzego Kaszyckiego.<\/p>\n<p class=\"ods-c-paragraph \">Jego dzia\u0142alno\u015b\u0107 nie ogranicza\u0142a si\u0119 jedynie do pracy dziennikarskiej. Jako konferansjer wsp\u00f3\u0142pracowa\u0142 z popularnymi zespo\u0142ami muzycznymi, takimi jak Skaldowie i Wawel.<\/p>\n<p class=\"ods-c-paragraph \">Janusz Cichalewski by\u0142 r\u00f3wnie\u017c zwi\u0105zany z aktorstwem. W 1972 r. zda\u0142 eksternistyczny egzamin aktorski, co otworzy\u0142o mu drog\u0119 do wyst\u0119p\u00f3w w filmach i spektaklach telewizyjnych. Wyst\u0105pi\u0142 m.in. w filmach &#8222;Dulscy&#8221; oraz &#8222;Wodzirej&#8221;, gdzie zagra\u0142 posta\u0107 Sikory, znajomego Lutka Danielaka, granego przez Jerzego Stuhra.<\/p>\n<p class=\"ods-c-paragraph \">Po wyemigrowaniu do USA Cichalewski zaanga\u017cowa\u0142 si\u0119 w dzia\u0142alno\u015b\u0107 Polskiego Klubu \u017beglarskiego w Nowym Jorku, gdzie pe\u0142ni\u0142 funkcj\u0119 kapitana \u017ceglugi wielkiej. By\u0142 tak\u017ce wsp\u00f3\u0142za\u0142o\u017cycielem Studenckiego Festiwalu Piosenki, kt\u00f3ry do dzi\u015b jest jednym z najwa\u017cniejszych wydarze\u0144 muzycznych w Polsce.<\/p>\n<p><img decoding=\"async\" src=\"https:\/\/www.europesays.com\/pl\/wp-content\/uploads\/2025\/12\/5Fzk9lBaHR0cHM6Ly9vY2RuLmV1L3B1bHNjbXMvTURBXy84ZTkyNTgyNzhmNDI0NGRjNzRkYmI5ZmZhMjJjOTg4OS5qcGeRlQLNB.jpeg\" height=\"192\" width=\"856\" alt=\"Jerzy Cichalewski\" loading=\"lazy\" class=\"ods-c-image__img ods-c-image__img--viewport-width\"\/><\/p>\n<p>Jerzy Cichalewskifacebook.com\/jerzycichalewski<\/p>\n<p class=\"ods-c-paragraph \">Dzi\u0119kujemy, \u017ce przeczyta\u0142a\u015b\/e\u015b nasz artyku\u0142 do ko\u0144ca. W serwisie Plejada.pl ka\u017cdego dnia piszemy o najwa\u017cniejszych wydarzeniach show-biznesowych. B\u0105d\u017a na bie\u017c\u0105co! <a rel=\"nofollow noopener\" href=\"https:\/\/profile.google.com\/cp\/Cg0vZy8xMWJ6X19wdHBx\" id=\"25cbe7b4-11cc-43a0-a145-8b4c92182b9f\" target=\"_blank\">Obserwuj<\/a> Plejad\u0119 w Wiadomo\u015bciach Google. Odwied\u017a nas tak\u017ce na <a rel=\"nofollow noopener\" href=\"https:\/\/www.facebook.com\/plejadapl\" id=\"d491b79b-dc5d-4550-a6f0-3b08da7c5ef1\" target=\"_blank\">Facebooku<\/a>, <a rel=\"nofollow noopener\" href=\"https:\/\/www.instagram.com\/plejadapl\/\" id=\"dbc60b52-3b03-4f59-bdd3-e60226890231\" target=\"_blank\">Instagramie<\/a>, <a rel=\"nofollow noopener\" href=\"https:\/\/www.youtube.com\/c\/plejada\" id=\"f5482c84-e823-474c-b5aa-aa3abface185\" target=\"_blank\">YouTube<\/a> oraz <a rel=\"nofollow noopener\" href=\"https:\/\/www.tiktok.com\/@plejada_pl\" id=\"c1510223-12c7-4888-9f2a-6d3fd1e675da\" target=\"_blank\">TikToku<\/a>.<\/p>\n<p class=\"ods-c-paragraph \">Chcesz podzieli\u0107 si\u0119 ciekawym newsem lub zaproponowa\u0107 temat? Skontaktuj si\u0119 z nami, pisz\u0105c e-maila na adres: <a rel=\"nofollow noopener\" href=\"https:\/\/plejada.pl\/newsy\/nie-zyje-byly-dziennikarz-tvp-mial-90-lat\/mailto:plejada@redakcjaonet.pl\" id=\"a1423e3f-dd26-49ed-ac9c-65b54388885d\" target=\"_blank\">plejada@redakcjaonet.pl<\/a>.<\/p>\n<p><script async src=\"\/\/www.instagram.com\/embed.js\"><\/script><script async src=\"\/\/www.tiktok.com\/embed.js\"><\/script><\/p>\n","protected":false},"excerpt":{"rendered":"Janusz Cichalewski, dziennikarz i konferansjer, zmar\u0142 w wieku 90 lat w swoim domu w Stanach Zjednoczonych. Od 1989&hellip;\n","protected":false},"author":2,"featured_media":151597,"comment_status":"","ping_status":"","sticky":false,"template":"","format":"standard","meta":{"footnotes":""},"categories":[22],"tags":[122,30550,48,125,46,42,38,40,39,41,25199,123,47,511],"class_list":{"0":"post-151596","1":"post","2":"type-post","3":"status-publish","4":"format-standard","5":"has-post-thumbnail","7":"category-rozrywka","8":"tag-entertainment","9":"tag-janusz_cichalewski","10":"tag-nat_styl","11":"tag-newsy","12":"tag-omp","13":"tag-pl","14":"tag-poland","15":"tag-polish","16":"tag-polska","17":"tag-polski","18":"tag-rebrand_ai_tst1","19":"tag-rozrywka","20":"tag-screening_general","21":"tag-smierc"},"share_on_mastodon":{"url":"","error":""},"_links":{"self":[{"href":"https:\/\/www.europesays.com\/pl\/wp-json\/wp\/v2\/posts\/151596","targetHints":{"allow":["GET"]}}],"collection":[{"href":"https:\/\/www.europesays.com\/pl\/wp-json\/wp\/v2\/posts"}],"about":[{"href":"https:\/\/www.europesays.com\/pl\/wp-json\/wp\/v2\/types\/post"}],"author":[{"embeddable":true,"href":"https:\/\/www.europesays.com\/pl\/wp-json\/wp\/v2\/users\/2"}],"replies":[{"embeddable":true,"href":"https:\/\/www.europesays.com\/pl\/wp-json\/wp\/v2\/comments?post=151596"}],"version-history":[{"count":0,"href":"https:\/\/www.europesays.com\/pl\/wp-json\/wp\/v2\/posts\/151596\/revisions"}],"wp:featuredmedia":[{"embeddable":true,"href":"https:\/\/www.europesays.com\/pl\/wp-json\/wp\/v2\/media\/151597"}],"wp:attachment":[{"href":"https:\/\/www.europesays.com\/pl\/wp-json\/wp\/v2\/media?parent=151596"}],"wp:term":[{"taxonomy":"category","embeddable":true,"href":"https:\/\/www.europesays.com\/pl\/wp-json\/wp\/v2\/categories?post=151596"},{"taxonomy":"post_tag","embeddable":true,"href":"https:\/\/www.europesays.com\/pl\/wp-json\/wp\/v2\/tags?post=151596"}],"curies":[{"name":"wp","href":"https:\/\/api.w.org\/{rel}","templated":true}]}}