{"id":151606,"date":"2025-12-15T08:31:15","date_gmt":"2025-12-15T08:31:15","guid":{"rendered":"https:\/\/www.europesays.com\/pl\/151606\/"},"modified":"2025-12-15T08:31:15","modified_gmt":"2025-12-15T08:31:15","slug":"tragedia-w-hollywood-gwiazdy-odwiedzily-dom-roba-reinera","status":"publish","type":"post","link":"https:\/\/www.europesays.com\/pl\/151606\/","title":{"rendered":"Tragedia w Hollywood. Gwiazdy odwiedzi\u0142y dom Roba Reinera"},"content":{"rendered":"<p class=\"ods-c-paragraph \">Wiele \u017ar\u00f3de\u0142 przekaza\u0142o magazynowi &#8222;People&#8221;, \u017ce ma\u0142\u017conkowie zgin\u0119li z r\u0105k swojego syna Nicka. \u2014 Crystal wygl\u0105da\u0142, jakby mia\u0142 si\u0119 rozp\u0142aka\u0107 \u2014 przekaza\u0142 s\u0105siad stacji ABC 7 Los Angeles.<\/p>\n<p class=\"ods-c-paragraph \">Reiner wsp\u00f3\u0142pracowa\u0142 z gwiazdorem przy filmach: &#8222;Kiedy Harry pozna\u0142 Sally&#8221;, &#8222;Oto Spinal Tap&#8221; i &#8222;Narzeczona dla ksi\u0119cia&#8221;. Wyst\u0105pi\u0142 r\u00f3wnie\u017c w popularnym serialu Davida &#8222;Pohamuj entuzjazm&#8221; emitowanym przez HBO.<\/p>\n<p>Dalszy ci\u0105g artyku\u0142u pod materia\u0142em wideo<\/p>\n<p> Kto odwiedzi\u0142 dom Roba Reinera po jego \u015bmierci? <\/p>\n<p> Co si\u0119 sta\u0142o z ma\u0142\u017conkami Reiner\u00f3w? <\/p>\n<p> Jakie filmy wyre\u017cyserowa\u0142 Rob Reiner? <\/p>\n<p> Kto wypowiedzia\u0142 si\u0119 na temat tragedii Reiner\u00f3w? <\/p>\n<p class=\"ods-c-paragraph \">Zast\u0119pca szefa policji w Los Angeles Alan Hamilton poinformowa\u0142 media, \u017ce \u015bledczy musz\u0105 uzyska\u0107 nakaz przeszukania, aby przeprowadzi\u0107 &#8222;pe\u0142ne dochodzenie na miejscu zbrodni&#8221;. \u2014 Gdy to nast\u0105pi, dokonamy ogl\u0119dzin wewn\u0105trz i na zewn\u0105trz rezydencji oraz w okolicy. Dom jest w takim samym stanie, jak w momencie przybycia funkcjonariuszy \u2014 cytuje go CNN. Hamilton o\u015bwiadczy\u0142 r\u00f3wnie\u017c, \u017ce wieczorem przes\u0142uchano cz\u0142onka rodziny Reiner\u00f3w, natomiast nikt jeszcze nie zosta\u0142 zatrzymany jako podejrzany o dokonanie zbrodni.<\/p>\n<p class=\"ods-c-paragraph \">Do tragedii odnios\u0142a si\u0119 cz\u0142onkini i by\u0142a przewodnicz\u0105ca Izby Reprezentant\u00f3w Nancy Pelosi. &#8222;Trudno wyobrazi\u0107 sobie kogo\u015b bardziej niezwyk\u0142ego i doskona\u0142ego w ka\u017cdej dziedzinie i przedsi\u0119wzi\u0119ciu, kt\u00f3re podejmowa\u0142. Rob by\u0142 kreatywny, zabawny i kochany. We wszystkich swoich przedsi\u0119wzi\u0119ciach Michelle by\u0142a jego nieodzown\u0105 partnerk\u0105, \u017ar\u00f3d\u0142em wiedzy i kochaj\u0105c\u0105 \u017con\u0105&#8221; \u2014 napisa\u0142a na X.<\/p>\n<p class=\"ods-c-paragraph \">Jak doda\u0142a, re\u017cyser by\u0142 spo\u0142ecznikiem, kt\u00f3ry wspar\u0142 inicjatyw\u0119 First 5 na rzecz wczesnego rozwoju dzieci oraz sprzeciwia\u0142 si\u0119 propozycji zakazu ma\u0142\u017ce\u0144stw os\u00f3b tej samej p\u0142ci. &#8222;By\u0142 ikon\u0105 kina sprawiaj\u0105c\u0105, \u017ce si\u0119 \u015bmiali\u015bmy, p\u0142akali\u015bmy i zadawali\u015bmy sobie pytania&#8221; \u2014 czytamy.<\/p>\n","protected":false},"excerpt":{"rendered":"Wiele \u017ar\u00f3de\u0142 przekaza\u0142o magazynowi &#8222;People&#8221;, \u017ce ma\u0142\u017conkowie zgin\u0119li z r\u0105k swojego syna Nicka. \u2014 Crystal wygl\u0105da\u0142, jakby mia\u0142&hellip;\n","protected":false},"author":2,"featured_media":151607,"comment_status":"","ping_status":"","sticky":false,"template":"","format":"standard","meta":{"footnotes":""},"categories":[5],"tags":[30554,32,33,36,37,27,30555,34,35,28,919,31,48,25,46,55,42,38,40,39,41,30553,47,29,30,26],"class_list":{"0":"post-151606","1":"post","2":"type-post","3":"status-publish","4":"format-standard","5":"has-post-thumbnail","7":"category-naglowki","8":"tag-billy_crystal","9":"tag-breaking-news","10":"tag-breakingnews","11":"tag-featured-news","12":"tag-featurednews","13":"tag-headlines","14":"tag-larry_david","15":"tag-latest-news","16":"tag-latestnews","17":"tag-naglowki","18":"tag-najnowsze_wiadomosci_kultura","19":"tag-najwazniejsze-artykuly","20":"tag-nat_styl","21":"tag-news","22":"tag-omp","23":"tag-phx","24":"tag-pl","25":"tag-poland","26":"tag-polish","27":"tag-polska","28":"tag-polski","29":"tag-rob_reiner","30":"tag-screening_general","31":"tag-top-stories","32":"tag-topstories","33":"tag-wiadomosci"},"share_on_mastodon":{"url":"https:\/\/pubeurope.com\/@pl\/115722655276842486","error":""},"_links":{"self":[{"href":"https:\/\/www.europesays.com\/pl\/wp-json\/wp\/v2\/posts\/151606","targetHints":{"allow":["GET"]}}],"collection":[{"href":"https:\/\/www.europesays.com\/pl\/wp-json\/wp\/v2\/posts"}],"about":[{"href":"https:\/\/www.europesays.com\/pl\/wp-json\/wp\/v2\/types\/post"}],"author":[{"embeddable":true,"href":"https:\/\/www.europesays.com\/pl\/wp-json\/wp\/v2\/users\/2"}],"replies":[{"embeddable":true,"href":"https:\/\/www.europesays.com\/pl\/wp-json\/wp\/v2\/comments?post=151606"}],"version-history":[{"count":0,"href":"https:\/\/www.europesays.com\/pl\/wp-json\/wp\/v2\/posts\/151606\/revisions"}],"wp:featuredmedia":[{"embeddable":true,"href":"https:\/\/www.europesays.com\/pl\/wp-json\/wp\/v2\/media\/151607"}],"wp:attachment":[{"href":"https:\/\/www.europesays.com\/pl\/wp-json\/wp\/v2\/media?parent=151606"}],"wp:term":[{"taxonomy":"category","embeddable":true,"href":"https:\/\/www.europesays.com\/pl\/wp-json\/wp\/v2\/categories?post=151606"},{"taxonomy":"post_tag","embeddable":true,"href":"https:\/\/www.europesays.com\/pl\/wp-json\/wp\/v2\/tags?post=151606"}],"curies":[{"name":"wp","href":"https:\/\/api.w.org\/{rel}","templated":true}]}}