{"id":151610,"date":"2025-12-15T08:33:12","date_gmt":"2025-12-15T08:33:12","guid":{"rendered":"https:\/\/www.europesays.com\/pl\/151610\/"},"modified":"2025-12-15T08:33:12","modified_gmt":"2025-12-15T08:33:12","slug":"monika-olejnik-ujawnila-co-jej-pomoglo-w-chorobie-nie-bede-wam-sciemniac","status":"publish","type":"post","link":"https:\/\/www.europesays.com\/pl\/151610\/","title":{"rendered":"Monika Olejnik ujawni\u0142a, co jej pomog\u0142o w chorobie. &#8222;Nie b\u0119d\u0119 wam \u015bciemnia\u0107&#8221;"},"content":{"rendered":"<p class=\"Paragraph_desktopParagraph__U31Gm\">Monika Olejnik otwarcie m\u00f3wi\u0142a o swoich zmaganiach z nowotworem piersi. O diagnozie, kt\u00f3ra by\u0142a dla niej wstrz\u0105sem, poinformowa\u0142a w 2024 r. Z tego powodu <a href=\"https:\/\/plejada.pl\/newsy\/monika-olejnik-zabrala-glos-rok-po-operacji-nowotworu-przeszla-kolejne-badania\/8kes488\" id=\"80181a4f-6465-4619-bc32-79725396ff17\" rel=\"nofollow noopener\" target=\"_blank\">musia\u0142a przej\u015b\u0107 piln\u0105 operacj\u0119<\/a>. Od tamtej pory dziennikarka zach\u0119ca internaut\u00f3w do regularnych bada\u0144 oraz prowadzenia zdrowego stylu \u017cycia.<\/p>\n<p class=\"Paragraph_desktopParagraph__U31Gm\">&#8222;Diagnoza \u2014 to jest rak by\u0142a dla mnie wstrz\u0105sem. Nie podda\u0142am si\u0119, walczy\u0142am i dzisiaj bardzo was \u2014 prosz\u0119, badajcie si\u0119 i nie poddawajcie si\u0119 po badaniach! To mo\u017ce nam uratowa\u0107 \u017cycie. Zawsze b\u0119d\u0119 wam o tym przypomina\u0107 \u2014 namawiajcie rodzin\u0119 i przyjaci\u00f3\u0142 na badania&#8221; \u2014 napisa\u0142a w maju br.<\/p>\n<ul class=\"OchatFollowUps_wrapper__1ry7X\">\n<li class=\"OchatFollowUps_item__Dhyly OchatFollowUps_itemDesktop__R6aBv\">Jakie do\u015bwiadczenia dzieli Monika Olejnik w kontek\u015bcie swojej choroby?<\/li>\n<li class=\"OchatFollowUps_item__Dhyly OchatFollowUps_itemDesktop__R6aBv\">Jakie badania zaleca Monika Olejnik?<\/li>\n<li class=\"OchatFollowUps_item__Dhyly OchatFollowUps_itemDesktop__R6aBv\">Jaki sport pom\u00f3g\u0142 Monice Olejnik w walce z chorob\u0105?<\/li>\n<li class=\"OchatFollowUps_item__Dhyly OchatFollowUps_itemDesktop__R6aBv\">Jakie by\u0142y skutki diagnozy Moniki Olejnik?<\/li>\n<\/ul>\n<p>Monika Olejnik wspomnia\u0142a o chorobie. &#8222;Nie b\u0119d\u0119 wam \u015bciemnia\u0107&#8221; <\/p>\n<p class=\"Paragraph_desktopParagraph__U31Gm\">Monika Olejnik cz\u0119sto publikuje chwile ze swojego \u017cycia zawodowego, jak i prywatnego w mediach spo\u0142eczno\u015bciowych. W najnowszym wpisie pokaza\u0142a, w jaki spos\u00f3b uprawia sport, kt\u00f3ry, jak podkre\u015bli\u0142a, bardzo pom\u00f3g\u0142 jej w trakcie choroby, a szczeg\u00f3lnie po przebytej operacji.<\/p>\n<blockquote>\n<p class=\"Paragraph_desktopParagraph__U31Gm\">Nie b\u0119d\u0119 wam \u015bciemnia\u0107, has\u0142o #RakNieWyrok ma sens, je\u015bli wasz sport jest blisko kultury. Wieloletnie, systematyczne treningi bardzo mi pomog\u0142y w mojej chorobie i po operacji! Dzi\u0119ki temu w chwilach s\u0142abo\u015bci nie podda\u0142am si\u0119<\/p>\n<\/blockquote>\n<p class=\"Paragraph_desktopParagraph__U31Gm\">\u2014 napisa\u0142a. Pod wpisem nie brakowa\u0142o komentarzy od internaut\u00f3w, kt\u00f3rzy w pe\u0142ni poparli postaw\u0119 dziennikarki.<\/p>\n<blockquote>\n<p class=\"Paragraph_desktopParagraph__U31Gm\">Jest si\u0119 czego uczy\u0107 i jest od kogo! Tak w\u0142a\u015bnie robi\u0119, od lat!<\/p>\n<\/blockquote>\n<p class=\"Paragraph_desktopParagraph__U31Gm\">&#8222;Ja te\u017c si\u0119 staram [\u017cy\u0107] aktywnie. Nawet na wakacjach&#8221;, &#8222;Jest pani w super kondycji. Nic tylko na\u015bladowa\u0107!&#8221;, &#8222;Super forma, oby tak dalej&#8221; \u2014 czytamy.<\/p>\n<p><img decoding=\"async\" class=\"Image_image__0tuHp Image_autoHeight__f2n87 \" height=\"587\" width=\"391\" src=\"https:\/\/www.europesays.com\/pl\/wp-content\/uploads\/2025\/12\/usWk9kpTURBXy81MzFlNTNkMDlhZDU0NzgwNzhlNjM4NWUxMzY1OWRjNC5qcGeSlQLNA6wAwsOVAgDNAkvCw94AA6EwAaExAaEzw.jpeg\" alt=\"Monika Olejnik\" loading=\"lazy\" \/>Jacek Kurnikowski \/ AKPA<\/p>\n<p>Monika Olejnik<\/p>\n<p class=\"Paragraph_desktopParagraph__U31Gm\">Dzi\u0119kujemy, \u017ce przeczyta\u0142a\u015b\/e\u015b nasz artyku\u0142 do ko\u0144ca. W serwisie Plejada.pl ka\u017cdego dnia piszemy o najwa\u017cniejszych wydarzeniach show-biznesowych. B\u0105d\u017a na bie\u017c\u0105co! <a rel=\"nofollow noopener\" href=\"https:\/\/profile.google.com\/cp\/Cg0vZy8xMWJ6X19wdHBx\" id=\"e1bdf2db-08a6-4f3c-b1c1-a08ace4b6a1d\" target=\"_blank\">Obserwuj<\/a> Plejad\u0119 w Wiadomo\u015bciach Google. Odwied\u017a nas tak\u017ce na <a rel=\"nofollow noopener\" href=\"https:\/\/www.facebook.com\/plejadapl\" id=\"0f707f82-2168-451a-941c-58a51f28eedb\" target=\"_blank\">Facebooku<\/a>, <a rel=\"nofollow noopener\" href=\"https:\/\/www.instagram.com\/plejadapl\/\" id=\"70289833-78eb-474c-985e-4bb3b45784b0\" target=\"_blank\">Instagramie<\/a>, <a rel=\"nofollow noopener\" href=\"https:\/\/www.youtube.com\/c\/plejada\" id=\"c98dc045-e854-4d9b-98e9-2c087adaced1\" target=\"_blank\">YouTube<\/a> oraz <a rel=\"nofollow noopener\" href=\"https:\/\/www.tiktok.com\/@plejada_pl\" id=\"80136cf8-039e-49d8-912e-9928a85673a6\" target=\"_blank\">TikToku<\/a>.<\/p>\n<p class=\"Paragraph_desktopParagraph__U31Gm\">Chcesz podzieli\u0107 si\u0119 ciekawym newsem lub zaproponowa\u0107 temat? Skontaktuj si\u0119 z nami, pisz\u0105c e-maila na adres: <a href=\"https:\/\/www.onet.pl\/styl-zycia\/plejada\/monika-olejnik-ujawnila-co-jej-pomoglo-w-chorobie-nie-bede-wam-sciemniac\/mailto:plejada@redakcjaonet.pl\" id=\"b5ed5c5f-f874-4c53-b9c0-fa82c2151654\" rel=\"nofollow noopener\" target=\"_blank\">plejada@redakcjaonet.pl<\/a>.<\/p>\n<p><script async src=\"\/\/www.instagram.com\/embed.js\"><\/script><script async src=\"\/\/www.tiktok.com\/embed.js\"><\/script><\/p>\n","protected":false},"excerpt":{"rendered":"Monika Olejnik otwarcie m\u00f3wi\u0142a o swoich zmaganiach z nowotworem piersi. O diagnozie, kt\u00f3ra by\u0142a dla niej wstrz\u0105sem, poinformowa\u0142a&hellip;\n","protected":false},"author":2,"featured_media":151611,"comment_status":"","ping_status":"","sticky":false,"template":"","format":"standard","meta":{"footnotes":""},"categories":[22],"tags":[122,67,13707,53,9506,52,68,51,55,42,38,40,39,41,123,47,196,50],"class_list":{"0":"post-151610","1":"post","2":"type-post","3":"status-publish","4":"format-standard","5":"has-post-thumbnail","7":"category-rozrywka","8":"tag-entertainment","9":"tag-intextvideo_splayer","10":"tag-monika_olejnik","11":"tag-new_header","12":"tag-nowotwor_rak_onkologia_onkolog","13":"tag-onet3","14":"tag-onet3d","15":"tag-onet3d_2i","16":"tag-phx","17":"tag-pl","18":"tag-poland","19":"tag-polish","20":"tag-polska","21":"tag-polski","22":"tag-rozrywka","23":"tag-screening_general","24":"tag-styl_zycia","25":"tag-v2021"},"share_on_mastodon":{"url":"https:\/\/pubeurope.com\/@pl\/115722663099405616","error":""},"_links":{"self":[{"href":"https:\/\/www.europesays.com\/pl\/wp-json\/wp\/v2\/posts\/151610","targetHints":{"allow":["GET"]}}],"collection":[{"href":"https:\/\/www.europesays.com\/pl\/wp-json\/wp\/v2\/posts"}],"about":[{"href":"https:\/\/www.europesays.com\/pl\/wp-json\/wp\/v2\/types\/post"}],"author":[{"embeddable":true,"href":"https:\/\/www.europesays.com\/pl\/wp-json\/wp\/v2\/users\/2"}],"replies":[{"embeddable":true,"href":"https:\/\/www.europesays.com\/pl\/wp-json\/wp\/v2\/comments?post=151610"}],"version-history":[{"count":0,"href":"https:\/\/www.europesays.com\/pl\/wp-json\/wp\/v2\/posts\/151610\/revisions"}],"wp:featuredmedia":[{"embeddable":true,"href":"https:\/\/www.europesays.com\/pl\/wp-json\/wp\/v2\/media\/151611"}],"wp:attachment":[{"href":"https:\/\/www.europesays.com\/pl\/wp-json\/wp\/v2\/media?parent=151610"}],"wp:term":[{"taxonomy":"category","embeddable":true,"href":"https:\/\/www.europesays.com\/pl\/wp-json\/wp\/v2\/categories?post=151610"},{"taxonomy":"post_tag","embeddable":true,"href":"https:\/\/www.europesays.com\/pl\/wp-json\/wp\/v2\/tags?post=151610"}],"curies":[{"name":"wp","href":"https:\/\/api.w.org\/{rel}","templated":true}]}}