{"id":151616,"date":"2025-12-15T08:36:06","date_gmt":"2025-12-15T08:36:06","guid":{"rendered":"https:\/\/www.europesays.com\/pl\/151616\/"},"modified":"2025-12-15T08:36:06","modified_gmt":"2025-12-15T08:36:06","slug":"nocne-ataki-dronow-pod-moskwa-do-sieci-trafily-nagrania-eksplozji-onet","status":"publish","type":"post","link":"https:\/\/www.europesays.com\/pl\/151616\/","title":{"rendered":"Nocne ataki dron\u00f3w pod Moskw\u0105. Do sieci trafi\u0142y nagrania eksplozji &#8211; Onet"},"content":{"rendered":"<ol>\n<li><a href=\"https:\/\/news.google.com\/rss\/articles\/CBMixwFBVV95cUxQclh5aGZEM0xZX0EwYnk1NU9EMHRXOHJkUEJVQmNlYXVZVldCZzQ1MHdqSURkSGtBaHRFQlh6b3RVeUJPSjl1MWdadDFKamI5dl85OVVwV3RsU3h2b05yWTFSeU9FQTRtaER5cXpSRmI4Wl9TUThpbkpFTWFxd3J6c3RtNkUxczZPMTZ0RDlHa1ZaZVItTl80RzJYYldodUFkYWptWGNYR3RtRWtEWm1pZ1Y5NjAyYWl6S3IxNGFSQ3Q4bTFWR01J?oc=5\" target=\"_blank\" rel=\"nofollow noopener\">Nocne ataki dron\u00f3w pod Moskw\u0105. Do sieci trafi\u0142y nagrania eksplozji<\/a>&nbsp;&nbsp;Onet<\/li>\n<li><a href=\"https:\/\/news.google.com\/rss\/articles\/CBMiugFBVV95cUxQWkZjSmppcVlqQmRVS3lCM09pelpaWkxUV1Z3UWtBTlYzcFQ2MEhkM3l0Z0lDWjlqZGhSX1dCdzZDUG9BWUltUlRaTEFKSjk2VWVXTmFTY2VlaFlpYlF5OUtVN3hXb3BlOXpEcDdnLW10dHNlUjFhUUFIR0xLYmRUZlY5NGh0WDVqUWpwRlFMZkNTTUxDY2JpLVM0MUhUb1RpTUx3V0xjRV9UZFRHT2NXWmRhU2xrSjVvMmc?oc=5\" target=\"_blank\" rel=\"nofollow noopener\">Nocny atak na Rosj\u0119. Zaatakowane Moskwa i Bie\u0142gorod, mieszka\u0144cy o przerwie w dostawach pr\u0105du<\/a>&nbsp;&nbsp;Wydarzenia w INTERIA.PL<\/li>\n<li><a href=\"https:\/\/news.google.com\/rss\/articles\/CBMilwFBVV95cUxPMjl0dnIwbUY3NTFCZzZWLURXSXZlVUgxU2JxX0lPb2loN040SldFN09ESmZRRG9BOFg2Z1c3cjBqUzl0MkJYNGE1SXRXTEhsMThXV2ZIOUpwVnNhdWxoWTJURkpLSG1lMXlFTklqcDZqbS1vM1o1bVpnYWczdGUzOTVoeUN0SmNEa083VzhKYmdMMUFkR1Nv?oc=5\" target=\"_blank\" rel=\"nofollow noopener\">Drony w pobli\u017cu Moskwy. Operacja ukrai\u0144skiej armii<\/a>&nbsp;&nbsp;WP Wiadomo\u015bci<\/li>\n<li><a href=\"https:\/\/news.google.com\/rss\/articles\/CBMisgFBVV95cUxPWGhnTWtQRlZLc19RUFU4SWgtODNUQUx4V25yMEwzQW1iNXFGUFpDN09fWXNHVVV3OHBlTHRDOWRVOFdWNkVOZ3F1UUlGdjd2U1M0OUtCcktzSXlOWXlHNlJVZXBfZ0RzakhKelhoQVRoLVEyQWowX0dxdnZBalctaVliWjNCTm9YMlBRLXBvay1rbEMwVmxNRGVpWUo2bVZDMnEwWGlGdzhKa3VTUHd4Qk53?oc=5\" target=\"_blank\" rel=\"nofollow noopener\">Udane ataki Ukrainy na rosyjskie cele. To zak\u0142\u00f3ci dostawy broni<\/a>&nbsp;&nbsp;Business Insider Polska<\/li>\n<li><a href=\"https:\/\/news.google.com\/rss\/articles\/CBMiowFBVV95cUxOWWdvcHdsZU9CWUE5REtXdWh5SFpRUi1nY0x3WDNsYVU3dVlqT19YcmllMEFhdHU3YzRtbGljQVFqTnZPSTd2QlZFWkdzVlpySlp6XzBwalhzUWRPMVo3WUt2VktmcFNyVnBldDZKTHhiYkRkeUdYUDNTOHh6M01HaUtlSmh3a0haWk16WTRGUGlrU2pXRk4xYUduNUI2Q2dGSlRr?oc=5\" target=\"_blank\" rel=\"nofollow noopener\">Atak ukrai\u0144skich dron\u00f3w na Rosj\u0119. Po\u017car magazynu paliw i parali\u017c lotnisk<\/a>&nbsp;&nbsp;TVP Wilno<\/li>\n<\/ol>\n","protected":false},"excerpt":{"rendered":"Nocne ataki dron\u00f3w pod Moskw\u0105. Do sieci trafi\u0142y nagrania eksplozji&nbsp;&nbsp;Onet Nocny atak na Rosj\u0119. Zaatakowane Moskwa i Bie\u0142gorod,&hellip;\n","protected":false},"author":2,"featured_media":151617,"comment_status":"","ping_status":"","sticky":false,"template":"","format":"standard","meta":{"footnotes":""},"categories":[14],"tags":[32,33,165,27,67,64,34,35,4349,28,31,53,25,52,68,51,55,40,41,47,80,29,30,65,50,26,82,83,84],"class_list":{"0":"post-151616","1":"post","2":"type-post","3":"status-publish","4":"format-standard","5":"has-post-thumbnail","7":"category-swiat","8":"tag-breaking-news","9":"tag-breakingnews","10":"tag-drony_dron","11":"tag-headlines","12":"tag-intextvideo_splayer","13":"tag-inwazja_rosji_na_ukraine_2014_","14":"tag-latest-news","15":"tag-latestnews","16":"tag-moskwa_miasto","17":"tag-naglowki","18":"tag-najwazniejsze-artykuly","19":"tag-new_header","20":"tag-news","21":"tag-onet3","22":"tag-onet3d","23":"tag-onet3d_2i","24":"tag-phx","25":"tag-polish","26":"tag-polski","27":"tag-screening_general","28":"tag-swiat","29":"tag-top-stories","30":"tag-topstories","31":"tag-update_me","32":"tag-v2021","33":"tag-wiadomosci","34":"tag-world","35":"tag-world-news","36":"tag-worldnews"},"share_on_mastodon":{"url":"https:\/\/pubeurope.com\/@pl\/115722674806842170","error":""},"_links":{"self":[{"href":"https:\/\/www.europesays.com\/pl\/wp-json\/wp\/v2\/posts\/151616","targetHints":{"allow":["GET"]}}],"collection":[{"href":"https:\/\/www.europesays.com\/pl\/wp-json\/wp\/v2\/posts"}],"about":[{"href":"https:\/\/www.europesays.com\/pl\/wp-json\/wp\/v2\/types\/post"}],"author":[{"embeddable":true,"href":"https:\/\/www.europesays.com\/pl\/wp-json\/wp\/v2\/users\/2"}],"replies":[{"embeddable":true,"href":"https:\/\/www.europesays.com\/pl\/wp-json\/wp\/v2\/comments?post=151616"}],"version-history":[{"count":0,"href":"https:\/\/www.europesays.com\/pl\/wp-json\/wp\/v2\/posts\/151616\/revisions"}],"wp:featuredmedia":[{"embeddable":true,"href":"https:\/\/www.europesays.com\/pl\/wp-json\/wp\/v2\/media\/151617"}],"wp:attachment":[{"href":"https:\/\/www.europesays.com\/pl\/wp-json\/wp\/v2\/media?parent=151616"}],"wp:term":[{"taxonomy":"category","embeddable":true,"href":"https:\/\/www.europesays.com\/pl\/wp-json\/wp\/v2\/categories?post=151616"},{"taxonomy":"post_tag","embeddable":true,"href":"https:\/\/www.europesays.com\/pl\/wp-json\/wp\/v2\/tags?post=151616"}],"curies":[{"name":"wp","href":"https:\/\/api.w.org\/{rel}","templated":true}]}}