{"id":151618,"date":"2025-12-15T08:37:05","date_gmt":"2025-12-15T08:37:05","guid":{"rendered":"https:\/\/www.europesays.com\/pl\/151618\/"},"modified":"2025-12-15T08:37:05","modified_gmt":"2025-12-15T08:37:05","slug":"prognoza-pogody-na-poniedzialek-wyz-frieda-blisko-polski","status":"publish","type":"post","link":"https:\/\/www.europesays.com\/pl\/151618\/","title":{"rendered":"Prognoza pogody na poniedzia\u0142ek. Wy\u017c Frieda blisko Polski"},"content":{"rendered":"<p class=\"typography ids-typeset-body ids-typeset-body--preset-large link paragraph ids-paragraph ids-paragraph--default\">Grudzie\u0144\u00a0jest znacznie cieplejszy ni\u017c zwykle. Najwy\u017csza anomalia temperatur panuje we wschodniej po\u0142owie Polski, gdzie miejscami jest o nawet ponad 6 stopni wi\u0119cej ni\u017c zazwyczaj. W poniedzia\u0142ek tylko lokalnie rano by\u0142y mrozy, potem ich zabraknie &#8211; wynika z prognozy Instytutu Meteorologii i Gospodarki Wodnej.<\/p>\n<p>Pogoda z mg\u0142ami i m\u017cawk\u0105. S\u0142o\u0144ce nie dotrze wsz\u0119dzie<\/p>\n<p class=\"typography ids-typeset-body ids-typeset-body--preset-large link paragraph ids-paragraph ids-paragraph--default\">Pomimo oddzia\u0142ywania wy\u017cu Frieda\u00a0w wi\u0119kszo\u015bci Polski b\u0119dzie pochmurnie z wi\u0119kszymi przeja\u015bnieniami. Zdecydowanie pogodniej b\u0119dzie na po\u0142udniu i po\u0142udniowym zachodzie &#8211; tam miejscami mo\u017ce panowa\u0107 bezchmurna aura.<\/p>\n<p class=\"typography ids-typeset-body ids-typeset-body--preset-large link paragraph ids-paragraph ids-paragraph--default\">Rano na po\u0142udniu mog\u0105 wyst\u0119powa\u0107 lokalne mg\u0142y osadzaj\u0105ce szad\u017a i ograniczaj\u0105ce widzialno\u015b\u0107 do oko\u0142o 200 metr\u00f3w. W Beskidzie Niskim i Bieszczadach mo\u017ce pada\u0107 nieprzyjemna m\u017cawka.<\/p>\n<p class=\"typography ids-typeset-body ids-typeset-body--preset-large link paragraph ids-paragraph ids-paragraph--default\">Pierwsze godziny dnia najmro\u017aniejsze by\u0142y w Jeleniej G\u00f3rze, gdzie o godz. 8:00 zanotowano\u00a0-5,2 st. C. Temperatury szybko jednak wzrosn\u0105 i w poniedzia\u0142ek wynios\u0105 od 3-4 stopni na po\u0142udniu i wschodzie do 7 stopni Celsjusza na p\u00f3\u0142nocnym zachodzie. Miejscami na terenach podg\u00f3rskich mo\u017ce by\u0107 oko\u0142o 2 st. C.<\/p>\n<p class=\"typography ids-typeset-body ids-typeset-body--preset-large link paragraph ids-paragraph ids-paragraph--default\">Temperatury odczuwalnej nie obni\u017cy zbytnio wiatr, kt\u00f3ry b\u0119dzie przewa\u017cnie s\u0142aby i umiarkowany. Mocniej powieje w g\u00f3rach: w Bieszczadach porywy osi\u0105gn\u0105 55 km\/h, a wysoko w Karpatach 60 km\/h.<\/p>\n<p>Korzystnie za dnia, mgli\u015bcie i mro\u017anie w nocy<\/p>\n<p class=\"typography ids-typeset-body ids-typeset-body--preset-large link paragraph ids-paragraph ids-paragraph--default\">Dzi\u0119ki wy\u017cowi pogoda b\u0119dzie korzystnie\u00a0wp\u0142ywa\u0107 na nasz organizm. Gorzej pod tym wzgl\u0119dem b\u0119dzie w miejscach, w kt\u00f3rych pojawi\u0105 si\u0119 lokalne mg\u0142y\u00a0i ograniczona widzialno\u015b\u0107 &#8211; w\u00f3wczas warunki mog\u0105 si\u0119 przej\u015bciowo pogorszy\u0107 do niekorzystnych. Na mg\u0142y trzeba te\u017c b\u0119dzie uwa\u017ca\u0107 w nocy.<\/p>\n<p><img decoding=\"async\" class=\"ids-image-holder__img\" loading=\"lazy\" alt=\"Mapa Polski ukazuj\u0105ca korzystne, oboj\u0119tne lub niekorzystne warunki biometeorologiczne na dzie\u0144 15-12-2025, z zaznaczonymi regionami o r\u00f3\u017cnych typach warunk\u00f3w oraz legend\u0105 obja\u015bniaj\u0105c\u0105 symbole i zmiany biotopu.\" title=\"Wy\u017c Frieda sprawi, \u017ce w ca\u0142ym kraju przez wi\u0119kszo\u015b\u0107 dnia warunki b\u0119d\u0105 korzystne\" width=\"1060\" height=\"720\" src=\"https:\/\/www.europesays.com\/pl\/wp-content\/uploads\/2025\/12\/000M2QTTE210YS32-C323-F4.webp.webp\"\/><\/p>\n<p>Wy\u017c Frieda sprawi, \u017ce w ca\u0142ym kraju przez wi\u0119kszo\u015b\u0107 dnia warunki b\u0119d\u0105 korzystneIMGW materia\u0142 zewn\u0119trzny<\/p>\n<p class=\"typography ids-typeset-body ids-typeset-body--preset-large link paragraph ids-paragraph ids-paragraph--default\">Po zachodzie s\u0142o\u0144ca lokalnie, przede wszystkim na po\u0142udniu,\u00a0wr\u00f3c\u0105 mg\u0142y osadzaj\u0105ce szad\u017a i ograniczaj\u0105ce widzialno\u015b\u0107 do 300 metr\u00f3w. Miejscami mg\u0142y mog\u0105 ogranicza\u0107 widzialno\u015b\u0107 do oko\u0142o 100 metr\u00f3w. Noc b\u0119dzie te\u017c mro\u017ana: na terenach podg\u00f3rskich b\u0119dzie od -5 do -3 stopni, a lokalnie w w dolinach karpackich do -7 stopni Celsjusza.<\/p>\n<p>&#8222;Wydarzenia&#8221;: Spotkanie z &#8222;\u017cyw\u0105 ksi\u0105\u017ck\u0105&#8221;. Niezwyk\u0142a inicjatywa w GdyniPolsat News<\/p>\n<p><a class=\"ids-undecorated-link source ids-page-info--source__link\" href=\"https:\/\/www.interia.pl\" rel=\"nofollow noopener\" target=\"_blank\"><img decoding=\"async\" class=\"ids-image-holder__img\" loading=\"lazy\" alt=\"\" title=\"\" height=\"24px\" src=\"https:\/\/www.europesays.com\/pl\/wp-content\/uploads\/2025\/12\/1765749733_358_0009A60QQ5I2TYF7-C202-F4.webp.webp\"\/><\/a><\/p>\n<p>Masz sugestie, uwagi albo widzisz b\u0142\u0105d? Napisz do nas<\/p>\n","protected":false},"excerpt":{"rendered":"Grudzie\u0144\u00a0jest znacznie cieplejszy ni\u017c zwykle. Najwy\u017csza anomalia temperatur panuje we wschodniej po\u0142owie Polski, gdzie miejscami jest o nawet&hellip;\n","protected":false},"author":2,"featured_media":151619,"comment_status":"","ping_status":"","sticky":false,"template":"","format":"standard","meta":{"footnotes":""},"categories":[12],"tags":[32,33,36,37,27,34,35,28,31,25,42,38,40,39,41,29,30,26],"class_list":{"0":"post-151618","1":"post","2":"type-post","3":"status-publish","4":"format-standard","5":"has-post-thumbnail","7":"category-polska","8":"tag-breaking-news","9":"tag-breakingnews","10":"tag-featured-news","11":"tag-featurednews","12":"tag-headlines","13":"tag-latest-news","14":"tag-latestnews","15":"tag-naglowki","16":"tag-najwazniejsze-artykuly","17":"tag-news","18":"tag-pl","19":"tag-poland","20":"tag-polish","21":"tag-polska","22":"tag-polski","23":"tag-top-stories","24":"tag-topstories","25":"tag-wiadomosci"},"share_on_mastodon":{"url":"https:\/\/pubeurope.com\/@pl\/115722679071272587","error":""},"_links":{"self":[{"href":"https:\/\/www.europesays.com\/pl\/wp-json\/wp\/v2\/posts\/151618","targetHints":{"allow":["GET"]}}],"collection":[{"href":"https:\/\/www.europesays.com\/pl\/wp-json\/wp\/v2\/posts"}],"about":[{"href":"https:\/\/www.europesays.com\/pl\/wp-json\/wp\/v2\/types\/post"}],"author":[{"embeddable":true,"href":"https:\/\/www.europesays.com\/pl\/wp-json\/wp\/v2\/users\/2"}],"replies":[{"embeddable":true,"href":"https:\/\/www.europesays.com\/pl\/wp-json\/wp\/v2\/comments?post=151618"}],"version-history":[{"count":0,"href":"https:\/\/www.europesays.com\/pl\/wp-json\/wp\/v2\/posts\/151618\/revisions"}],"wp:featuredmedia":[{"embeddable":true,"href":"https:\/\/www.europesays.com\/pl\/wp-json\/wp\/v2\/media\/151619"}],"wp:attachment":[{"href":"https:\/\/www.europesays.com\/pl\/wp-json\/wp\/v2\/media?parent=151618"}],"wp:term":[{"taxonomy":"category","embeddable":true,"href":"https:\/\/www.europesays.com\/pl\/wp-json\/wp\/v2\/categories?post=151618"},{"taxonomy":"post_tag","embeddable":true,"href":"https:\/\/www.europesays.com\/pl\/wp-json\/wp\/v2\/tags?post=151618"}],"curies":[{"name":"wp","href":"https:\/\/api.w.org\/{rel}","templated":true}]}}