{"id":151620,"date":"2025-12-15T08:38:04","date_gmt":"2025-12-15T08:38:04","guid":{"rendered":"https:\/\/www.europesays.com\/pl\/151620\/"},"modified":"2025-12-15T08:38:04","modified_gmt":"2025-12-15T08:38:04","slug":"dariusz-michalczewski-wylozyl-karty-na-stol-oto-co-powiedzial-o-niemcach","status":"publish","type":"post","link":"https:\/\/www.europesays.com\/pl\/151620\/","title":{"rendered":"Dariusz Michalczewski wy\u0142o\u017cy\u0142 karty na st\u00f3\u0142. Oto co powiedzia\u0142 o Niemcach"},"content":{"rendered":"<p>Dariusz Michalczewski jasno o Polsce <\/p>\n<p class=\"Paragraph_desktopParagraph__Fd2e9\">Dariusz Michalczewski podobnie jak wielu innych Polak\u00f3w, chc\u0105c rozwija\u0107 swoj\u0105 sportow\u0105 karier\u0119, zdecydowa\u0142 si\u0119 na wyjazd za granic\u0119 \u2014 postawi\u0142 na Niemcy, gdzie otrzyma\u0142 tamtejsze obywatelstwo i \u015bwi\u0119ci\u0142 najwi\u0119ksze triumfy. Obecnie Polak miesza z rodzin\u0105 w Polsce i nie ukrywa, \u017ce nasz kraj nie odstaje od Niemiec, jest wr\u0119cz przeciwnie, o czym wspomnia\u0142 w &#8222;Kanale Zero&#8221;. Dodaje natomiast, \u017ce jest rozczarowany tym, co dzieje u naszych zachodnich s\u0105siad\u00f3w.<\/p>\n<p class=\"VideoPlayerText_videoPlayerText__zrtJk\">Dalszy ci\u0105g materia\u0142u pod wideo<\/p>\n<p>Michalczewski nie hamowa\u0142 si\u0119. Jasno o &#8222;syfie&#8221; w Niemczech<\/p>\n<p class=\"Paragraph_desktopParagraph__Fd2e9\">&#8222;Prosz\u0119 ci\u0119, mamy to samo co oni, tylko 20 lat nowsze. Mamy wszystko lepsze. W Niemczech zrobi\u0142 si\u0119 syf. Mamy lepsze drogi, lepsze stadiony, lepsze boiska, lepsze kina, lepsze baseny, centra handlowe. Mamy wszystko od nich lepsze. To samo, co oni mieli, ale 20 lat nowsze&#8221; \u2014 powiedzia\u0142 Dariusz Michalczewski w &#8222;Kanale Zero&#8221;, jasno daj\u0105c do zrozumienia, \u017ce w Polsce jego zdaniem nie jest \u017ale.<\/p>\n<p class=\"Paragraph_desktopParagraph__Fd2e9\">&#8222;Naprawd\u0119 jestem rozczarowany tym wszystkim, co tam si\u0119 dzieje. Wiadomo, jak tak tego przez d\u0142u\u017cszy czas nie widzia\u0142em, bo wszyscy m\u00f3wili Darek, \u017ce tu si\u0119 robi syf. Ja m\u00f3wi\u0142em, co wy gadacie. Oni tak, ale ty Darek przebywasz w najlepszych restauracjach, po najlepszych centrach handlowych chodzisz i nie widzisz tych rogatek. I rzeczywi\u015bcie mieli racje&#8221; \u2014 doda\u0142 57-latek, kt\u00f3ry jak m\u00f3wi do\u015b\u0107 niedawno, zauwa\u017cy\u0142, co si\u0119 dzieje w Niemczech.<\/p>\n<p class=\"Paragraph_desktopParagraph__Fd2e9\">&#8222;Ja si\u0119 temu przygl\u0105dn\u0105\u0142em, jak ostatnio mia\u0142em troch\u0119 czasu. By\u0142em w Hamburgu, w Budapeszcie, mia\u0142em czas na spacery. My mamy naprawd\u0119 bajk\u0119, Gda\u0144sk, czy Warszawa, czy Wroc\u0142aw, czy Pozna\u0144, to naprawd\u0119 my jeste\u015bmy czo\u0142\u00f3wka europejska. [&#8230;] Jeste\u015bmy super&#8217; \u2014 nie kry\u0142 Michalczewski we wspomnianej rozmowie.<\/p>\n","protected":false},"excerpt":{"rendered":"Dariusz Michalczewski jasno o Polsce Dariusz Michalczewski podobnie jak wielu innych Polak\u00f3w, chc\u0105c rozwija\u0107 swoj\u0105 sportow\u0105 karier\u0119, zdecydowa\u0142&hellip;\n","protected":false},"author":2,"featured_media":151621,"comment_status":"","ping_status":"","sticky":false,"template":"","format":"standard","meta":{"footnotes":""},"categories":[5],"tags":[2514,32,33,26818,36,37,27,67,34,35,28,31,25,129,42,38,40,39,41,136,128,47,135,29,30,26,130],"class_list":{"0":"post-151620","1":"post","2":"type-post","3":"status-publish","4":"format-standard","5":"has-post-thumbnail","7":"category-naglowki","8":"tag-boks","9":"tag-breaking-news","10":"tag-breakingnews","11":"tag-dariusz_michalczewski","12":"tag-featured-news","13":"tag-featurednews","14":"tag-headlines","15":"tag-intextvideo_splayer","16":"tag-latest-news","17":"tag-latestnews","18":"tag-naglowki","19":"tag-najwazniejsze-artykuly","20":"tag-news","21":"tag-ofsajd","22":"tag-pl","23":"tag-poland","24":"tag-polish","25":"tag-polska","26":"tag-polski","27":"tag-ps_detal_new","28":"tag-psv2","29":"tag-screening_general","30":"tag-sport_sport","31":"tag-top-stories","32":"tag-topstories","33":"tag-wiadomosci","34":"tag-wiadomosci_sportowe"},"share_on_mastodon":{"url":"https:\/\/pubeurope.com\/@pl\/115722682984470241","error":""},"_links":{"self":[{"href":"https:\/\/www.europesays.com\/pl\/wp-json\/wp\/v2\/posts\/151620","targetHints":{"allow":["GET"]}}],"collection":[{"href":"https:\/\/www.europesays.com\/pl\/wp-json\/wp\/v2\/posts"}],"about":[{"href":"https:\/\/www.europesays.com\/pl\/wp-json\/wp\/v2\/types\/post"}],"author":[{"embeddable":true,"href":"https:\/\/www.europesays.com\/pl\/wp-json\/wp\/v2\/users\/2"}],"replies":[{"embeddable":true,"href":"https:\/\/www.europesays.com\/pl\/wp-json\/wp\/v2\/comments?post=151620"}],"version-history":[{"count":0,"href":"https:\/\/www.europesays.com\/pl\/wp-json\/wp\/v2\/posts\/151620\/revisions"}],"wp:featuredmedia":[{"embeddable":true,"href":"https:\/\/www.europesays.com\/pl\/wp-json\/wp\/v2\/media\/151621"}],"wp:attachment":[{"href":"https:\/\/www.europesays.com\/pl\/wp-json\/wp\/v2\/media?parent=151620"}],"wp:term":[{"taxonomy":"category","embeddable":true,"href":"https:\/\/www.europesays.com\/pl\/wp-json\/wp\/v2\/categories?post=151620"},{"taxonomy":"post_tag","embeddable":true,"href":"https:\/\/www.europesays.com\/pl\/wp-json\/wp\/v2\/tags?post=151620"}],"curies":[{"name":"wp","href":"https:\/\/api.w.org\/{rel}","templated":true}]}}