{"id":151622,"date":"2025-12-15T08:39:05","date_gmt":"2025-12-15T08:39:05","guid":{"rendered":"https:\/\/www.europesays.com\/pl\/151622\/"},"modified":"2025-12-15T08:39:05","modified_gmt":"2025-12-15T08:39:05","slug":"tylko-spojrz-kto-uciekl-z-rosji-to-nie-pomylka-juz-ma-nowa-flage-przeglad-sportowy-onet","status":"publish","type":"post","link":"https:\/\/www.europesays.com\/pl\/151622\/","title":{"rendered":"Tylko sp\u00f3jrz, kto uciek\u0142 z Rosji. To nie pomy\u0142ka, ju\u017c ma now\u0105 flag\u0119 &#8211; Przegl\u0105d Sportowy Onet"},"content":{"rendered":"<ol>\n<li><a href=\"https:\/\/news.google.com\/rss\/articles\/CBMisAFBVV95cUxQVUxjNFoyc1hVTE9tSGllUWwtQ3IxdXVIcW5wS1ZuSHVkRFpIRDZrSk9aNnh2QmpjRnBHaXpMdDBjNDN0M1JKU3pxa01SQUtnVUVaY2NYVWtfaGxFOV9Xak9lSlV6QTN1aXZscG1UbkdFXzZfa2FDQTEwcFVrZWlLNkszTnNsd0haWmJOcGRDdjI5T3RsWEJpVDB1OFhQX0ZwRWFJbFFKMm5FVjF6Szl0Rw?oc=5\" target=\"_blank\" rel=\"nofollow noopener\">Tylko sp\u00f3jrz, kto uciek\u0142 z Rosji. To nie pomy\u0142ka, ju\u017c ma now\u0105 flag\u0119<\/a>&nbsp;&nbsp;Przegl\u0105d Sportowy Onet<\/li>\n<li><a href=\"https:\/\/news.google.com\/rss\/articles\/CBMirgFBVV95cUxNWHl2WGVzc2ZqN0l0a2NLRjVfT2dFc0JXRTNpQWdFTkNCTV9xN2FPd3RJTExmWHF1cmdocnl2MXRmQmwyZGdyclZXOXloVFNiNnZkZjhpX3MwdHk4aEJtS1hZUGgwRGIxbkVybHAwOWZlcmR3VjZMT0paa1VwWDFVUHNQRkdKYTR3MlB6cXpNN2xXX3BYSC0yMzZFMkhjc1liWTZQU19XRmZST083dUE?oc=5\" target=\"_blank\" rel=\"nofollow noopener\">Kolejny cios dla Rosjan, WTA potwierdza. Finalistka z Brisbane ju\u017c podj\u0119\u0142a decyzj\u0119<\/a>&nbsp;&nbsp;Sport w INTERIA.PL<\/li>\n<li><a href=\"https:\/\/news.google.com\/rss\/articles\/CBMirwFBVV95cUxOWU82bkRfaUxGN0R3aVg4UzhyY0ZxZzdGUm82QmF2cGRqajRjUV9oTVc4TmlMZkkxRWprRDEzWWhmcjVfUkVxRUZYRDZlRlprbUJ1YnNFLXJlZjFqQkVtSG55TFMxT0VGMnNJOUg2SGRXdG9kWjBHVjgzUUFwallyWFlVOFRyclZ3a1FUaWdnX0stZkV3RFJ2NUNiUkJCWS00bkw5TEVYZktWd29JV3pF?oc=5\" target=\"_blank\" rel=\"nofollow noopener\">Kolejni Rosjanie uciekaj\u0105 do tego kraju. 'Widzimy, co si\u0119 dzieje&#8217; Tenis<\/a>&nbsp;&nbsp;Sport.pl<\/li>\n<li><a href=\"https:\/\/news.google.com\/rss\/articles\/CBMiuAFBVV95cUxPLXMtN2dIdmNOZXhPWVoyTGtoUC1KY1E3bE5CdG0zUm54eC1ybkpPRVN5NmdURkpsWVdhd1B2Z2tEN3FKZFJTeDVreUU4eUZzNmRhQXFMTjVDSHlDdUl4bDFIMGtqNmlOczhNZkxyQ0MtS3VDNGkyNk1qcFR1RmRZcjZZMUVmN2hmc2ZiYkNBck0tbjNGRllrVEJIZVhRbHllaEd1eDBhWWlFTFZXYmNpeEc5YU82ZXR2?oc=5\" target=\"_blank\" rel=\"nofollow noopener\">Pochodzi z Moskwy, nie chce ju\u017c gra\u0107 dla Rosji. Ona te\u017c zmieni\u0142a obywatelstwo<\/a>&nbsp;&nbsp;SportoweFakty<\/li>\n<li><a href=\"https:\/\/news.google.com\/rss\/articles\/CBMiwAFBVV95cUxNQi1LZG9JdlFxVXEwcmtJTFViWmMtb2JfVkNsZThSOFI3OVFpRHpyRG9vdTMteXNnaFItNUptSDhyUm9kOHRxcUFSd3hYTlcyMUx5d2tGaDgzdGdiN1ZaVUJJQ0xVb19reUVGa2dWNkdwS0dDem1HTWVqQ0Y2bTkyQXJmN3R0ZEtlT1BaSnN6U2l4bE1KRmFJQjNrUFRCQlJwcVR1RHRLUWFwRGk0anRZYU1MenBpUlc2MVY4bWg0Q3I?oc=5\" target=\"_blank\" rel=\"nofollow noopener\">Anastasija Potapowa zmienia obywatelstwo. Przeszkadza\u0142a jej ukrai\u0144ska flaga, opuszcza Rosj\u0119<\/a>&nbsp;&nbsp;TVN24<\/li>\n<\/ol>\n","protected":false},"excerpt":{"rendered":"Tylko sp\u00f3jrz, kto uciek\u0142 z Rosji. To nie pomy\u0142ka, ju\u017c ma now\u0105 flag\u0119&nbsp;&nbsp;Przegl\u0105d Sportowy Onet Kolejny cios dla&hellip;\n","protected":false},"author":2,"featured_media":151623,"comment_status":"","ping_status":"","sticky":false,"template":"","format":"standard","meta":{"footnotes":""},"categories":[24],"tags":[67,42,38,30557,40,39,41,136,128,4658,47,127,135,126,156,19620,130],"class_list":{"0":"post-151622","1":"post","2":"type-post","3":"status-publish","4":"format-standard","5":"has-post-thumbnail","7":"category-sport","8":"tag-intextvideo_splayer","9":"tag-pl","10":"tag-poland","11":"tag-polina_kudiermietowa","12":"tag-polish","13":"tag-polska","14":"tag-polski","15":"tag-ps_detal_new","16":"tag-psv2","17":"tag-rosjanie","18":"tag-screening_general","19":"tag-sport","20":"tag-sport_sport","21":"tag-sports","22":"tag-tenis","23":"tag-uzbekistan","24":"tag-wiadomosci_sportowe"},"share_on_mastodon":{"url":"https:\/\/pubeurope.com\/@pl\/115722686778806308","error":""},"_links":{"self":[{"href":"https:\/\/www.europesays.com\/pl\/wp-json\/wp\/v2\/posts\/151622","targetHints":{"allow":["GET"]}}],"collection":[{"href":"https:\/\/www.europesays.com\/pl\/wp-json\/wp\/v2\/posts"}],"about":[{"href":"https:\/\/www.europesays.com\/pl\/wp-json\/wp\/v2\/types\/post"}],"author":[{"embeddable":true,"href":"https:\/\/www.europesays.com\/pl\/wp-json\/wp\/v2\/users\/2"}],"replies":[{"embeddable":true,"href":"https:\/\/www.europesays.com\/pl\/wp-json\/wp\/v2\/comments?post=151622"}],"version-history":[{"count":0,"href":"https:\/\/www.europesays.com\/pl\/wp-json\/wp\/v2\/posts\/151622\/revisions"}],"wp:featuredmedia":[{"embeddable":true,"href":"https:\/\/www.europesays.com\/pl\/wp-json\/wp\/v2\/media\/151623"}],"wp:attachment":[{"href":"https:\/\/www.europesays.com\/pl\/wp-json\/wp\/v2\/media?parent=151622"}],"wp:term":[{"taxonomy":"category","embeddable":true,"href":"https:\/\/www.europesays.com\/pl\/wp-json\/wp\/v2\/categories?post=151622"},{"taxonomy":"post_tag","embeddable":true,"href":"https:\/\/www.europesays.com\/pl\/wp-json\/wp\/v2\/tags?post=151622"}],"curies":[{"name":"wp","href":"https:\/\/api.w.org\/{rel}","templated":true}]}}