{"id":151624,"date":"2025-12-15T08:40:11","date_gmt":"2025-12-15T08:40:11","guid":{"rendered":"https:\/\/www.europesays.com\/pl\/151624\/"},"modified":"2025-12-15T08:40:11","modified_gmt":"2025-12-15T08:40:11","slug":"elzbieta-dmoch-wreszcie-pobiera-tantiemy-za-utwory-dwa-plus-jeden","status":"publish","type":"post","link":"https:\/\/www.europesays.com\/pl\/151624\/","title":{"rendered":"El\u017cbieta Dmoch wreszcie pobiera tantiemy za utwory Dwa plus jeden"},"content":{"rendered":"<p class=\"typography ids-typeset-body ids-typeset-body--preset-large link paragraph ids-paragraph ids-paragraph--default\"><a href=\"https:\/\/www.pomponik.pl\/tagi-elzbieta-dmoch,tId,201385\" target=\"_blank\" rel=\"nofollow noopener\">El\u017cbieta Dmoch<\/a> utalentowana wokalistka i wsp\u00f3\u0142autorka przeboj\u00f3w zespo\u0142u <a href=\"https:\/\/www.pomponik.pl\/tagi-dwa-plus-jeden,tId,243905\" target=\"_blank\" rel=\"nofollow noopener\">Dwa plus jeden<\/a>, jak kultowe &#8222;Wind\u0105 do nieba&#8221; czy &#8222;Chod\u017a, pomaluj m\u00f3j \u015bwiat&#8221;, od kilku lat znajduje si\u0119 pod opiek\u0105 Polskiej Fundacji Muzycznej (PFM).<\/p>\n<p class=\"typography ids-typeset-body ids-typeset-body--preset-large link paragraph ids-paragraph ids-paragraph--default\">Zanim jednak uda\u0142o si\u0119 j\u0105 przekona\u0107, by przyj\u0119\u0142a pomoc, sytuacja artystki by\u0142a bardzo trudna.<\/p>\n<p>El\u017cbieta Dmoch by\u0142a w trudnej sytuacji<\/p>\n<p class=\"typography ids-typeset-body ids-typeset-body--preset-large link paragraph ids-paragraph ids-paragraph--default\">Po \u015bmierci ukochanego, Janusza Kruka w 1992 roku, pogr\u0105\u017cona w rozpaczy artystka odci\u0119\u0142a si\u0119 od \u015bwiata, \u017cyj\u0105c z oszcz\u0119dno\u015bci w swoim mieszkaniu na warszawskim \u017boliborzu.<\/p>\n<p class=\"typography ids-typeset-body ids-typeset-body--preset-large link paragraph ids-paragraph ids-paragraph--default\">Kiedy pieni\u0105dze si\u0119 sko\u0144czy\u0142y, przeprowadzi\u0142a si\u0119 do nieogrzewanego domu bez bie\u017c\u0105cej wody we wsi G\u0142adk\u00f3w ko\u0142o Tarczyna. Po tym, gdy TVN wyemitowa\u0142 w programie &#8222;Uwaga&#8221; materia\u0142 o jej \u017cyciu, osoby z bran\u017cy muzycznej zainteresowa\u0142y si\u0119 losem Dmoch. Obecnie pozostaje pod opiek\u0105 PFM oraz fan\u00f3w, kt\u00f3rzy wystarali si\u0119 dla niej o ma\u0142e mieszkanko na Saskiej K\u0119pie.<\/p>\n<p>Fani nie zapomnieli o El\u017cbiecie Dmoch<\/p>\n<p class=\"typography ids-typeset-body ids-typeset-body--preset-large link paragraph ids-paragraph ids-paragraph--default\">Dzi\u0119ki ich hojno\u015bci uda\u0142o si\u0119 odnowi\u0107 kuchni\u0119 i \u0142azienk\u0119, a z czasem r\u00f3wnie\u017c przedpok\u00f3j i pok\u00f3j dzienny. Niestety, w mi\u0119dzyczasie pogorszy\u0142o si\u0119 zdrowie artystki. Musi korzysta\u0107 z chodzika, co utrudnia jej codzienne funkcjonowanie, jak cho\u0107by zaopatrzenie lod\u00f3wki w produkty spo\u017cywcze. W tym te\u017c pomagaj\u0105 jej fani. Jak t\u0142umaczy\u0142 prezes PFM, Tomasz Kope\u0107 w rozmowie z &#8222;Faktem&#8221;:<\/p>\n<p class=\"typography ids-typeset-body ids-typeset-body--preset-large link paragraph ids-paragraph ids-paragraph--default\">&#8222;W ka\u017cdym tygodniu kto\u015b j\u0105 odwiedza. Poza tym ca\u0142y czas jeste\u015bmy pod telefonem, wi\u0119c pani Ela zawsze mo\u017ce do nas zadzwoni\u0107. Oko\u0142o siedmiu, o\u015bmiu os\u00f3b stara si\u0119 El\u017cbiecie pomaga\u0107 w zakupach, czy w sprz\u0105taniu&#8221;.<\/p>\n<p class=\"typography ids-typeset-body ids-typeset-body--preset-large link paragraph ids-paragraph ids-paragraph--default\">Pozosta\u0142a jeszcze jedna kwestia do rozwi\u0105zania: tantiemy. Chocia\u017c bowiem utwory, kt\u00f3rych wsp\u00f3\u0142tw\u00f3rczyni\u0105 by\u0142a Dmoch, bywaj\u0105 cz\u0119sto wykorzystywane przez tw\u00f3rc\u00f3w film\u00f3w i seriali, np. piosenka &#8222;Chod\u017a, pomaluj m\u00f3j \u015bwiat&#8221; znalaz\u0142a si\u0119 w czo\u0142\u00f3wce serialu &#8222;Magda M&#8221;,\u00a0artystka nie otrzymywa\u0142a za nie pieni\u0119dzy.<\/p>\n<p>El\u017cbieta Dmoch wreszcie zacz\u0119\u0142a dostawa\u0107 tantiemy<\/p>\n<p class=\"typography ids-typeset-body ids-typeset-body--preset-large link paragraph ids-paragraph ids-paragraph--default\">Dopiero niedawno Polskie Nagrania, b\u0119d\u0105ce obecnie cz\u0119\u015bci\u0105 Warner Music, sporz\u0105dzi\u0142y aneksy do podpisanych przed laty um\u00f3w. Jak t\u0142umaczy prezes Kope\u0107 w rozmowie z &#8222;Telemagazynem&#8221;:<\/p>\n<p class=\"typography ids-typeset-body ids-typeset-body--preset-large link paragraph ids-paragraph ids-paragraph--default\">&#8222;Repertuar zespo\u0142u Dwa plus jeden zacz\u0105\u0142 by\u0107 u\u017cyczany licencyjne na potrzeby m.in. film\u00f3w i seriali. Z tego tytu\u0142u pani El\u017cbieta Dmoch otrzymuje stosowne wynagrodzenie. Kwoty wp\u0142ywaj\u0105 na konto nieregularnie i s\u0105 zale\u017cne od tego, jak d\u0142ugo dany utw\u00f3r jest wykorzystywany w produkcji. Czasami jest to 30 sekund, czasami pojawia si\u0119 w tle jakiej\u015b sceny serialowej lub filmowej. R\u00f3\u017cnie to bywa&#8221;.<\/p>\n<p class=\"typography ids-typeset-body ids-typeset-body--preset-large link paragraph ids-paragraph ids-paragraph--default\">Akurat teraz utw\u00f3r &#8222;Wind\u0105 do nieba&#8221; mo\u017cna us\u0142ysze\u0107\u00a0w zwiastunie drugiej cz\u0119\u015bci filmu &#8222;Dalej jazda&#8221;, a na konto Dmoch wp\u0142ywaj\u0105 za to pieni\u0105dze. Jak t\u0142umaczy prezes PFM:<\/p>\n<p class=\"typography ids-typeset-body ids-typeset-body--preset-large link paragraph ids-paragraph ids-paragraph--default\">&#8222;Cz\u0142onkowie zespo\u0142u Dwa plus jeden, w tym El\u017cbieta Dmoch, otrzymuj\u0105 stosowne, zgodne z t\u0105 umow\u0105, wynagrodzenia. To s\u0105 utwory sprzed lat, bardzo du\u017co utwor\u00f3w archiwalnych zasila \u015bcie\u017cki d\u017awi\u0119kowe seriali i film\u00f3w&#8221;.<\/p>\n<p class=\"typography ids-typeset-body ids-typeset-body--preset-large link paragraph ids-paragraph ids-paragraph--default\">Zobacz te\u017c:<\/p>\n<p class=\"typography ids-typeset-body ids-typeset-body--preset-large link paragraph ids-paragraph ids-paragraph--default\"><a href=\"https:\/\/www.pomponik.pl\/plotki\/news-elzbieta-dmoch-odezwala-sie-do-fanow-nie-jest-dobrze,nId,22435216\" target=\"_blank\" rel=\"nofollow noopener\">El\u017cbieta Dmoch odezwa\u0142a si\u0119 do fan\u00f3w. Nie jest dobrze<\/a><\/p>\n<p class=\"typography ids-typeset-body ids-typeset-body--preset-large link paragraph ids-paragraph ids-paragraph--default\"><a href=\"https:\/\/www.pomponik.pl\/plotki\/news-emerytura-elzbiety-dmoch-wprawia-w-oslupienie-taka-kwote-dos,nId,7998281\" target=\"_blank\" rel=\"nofollow noopener\">Emerytura El\u017cbiety Dmoch wprawia w os\u0142upienie. Tak\u0105 kwot\u0119 dostaje co miesi\u0105c<\/a><\/p>\n<p class=\"typography ids-typeset-body ids-typeset-body--preset-large link paragraph ids-paragraph ids-paragraph--default\"><a href=\"https:\/\/www.pomponik.pl\/plotki\/news-nowe-doniesienia-ws-elzbiety-dmoch-opiekun-potwierdza-tak-wy,nId,7998185\" target=\"_blank\" rel=\"nofollow noopener\">Nowe doniesienia ws. El\u017cbiety Dmoch. Opiekun potwierdza: &#8222;Tak wygl\u0105da codzienno\u015b\u0107&#8221;<\/a><\/p>\n<p>Gosia Socha ujawni\u0142a prawd\u0119 o Wieniawie. Czy \u015bwi\u0119ta zrobi cateringiem?pomponik.pl<\/p>\n","protected":false},"excerpt":{"rendered":"El\u017cbieta Dmoch utalentowana wokalistka i wsp\u00f3\u0142autorka przeboj\u00f3w zespo\u0142u Dwa plus jeden, jak kultowe &#8222;Wind\u0105 do nieba&#8221; czy &#8222;Chod\u017a,&hellip;\n","protected":false},"author":2,"featured_media":151625,"comment_status":"","ping_status":"","sticky":false,"template":"","format":"standard","meta":{"footnotes":""},"categories":[22],"tags":[122,42,38,40,39,41,123],"class_list":{"0":"post-151624","1":"post","2":"type-post","3":"status-publish","4":"format-standard","5":"has-post-thumbnail","7":"category-rozrywka","8":"tag-entertainment","9":"tag-pl","10":"tag-poland","11":"tag-polish","12":"tag-polska","13":"tag-polski","14":"tag-rozrywka"},"share_on_mastodon":{"url":"https:\/\/pubeurope.com\/@pl\/115722690833817396","error":""},"_links":{"self":[{"href":"https:\/\/www.europesays.com\/pl\/wp-json\/wp\/v2\/posts\/151624","targetHints":{"allow":["GET"]}}],"collection":[{"href":"https:\/\/www.europesays.com\/pl\/wp-json\/wp\/v2\/posts"}],"about":[{"href":"https:\/\/www.europesays.com\/pl\/wp-json\/wp\/v2\/types\/post"}],"author":[{"embeddable":true,"href":"https:\/\/www.europesays.com\/pl\/wp-json\/wp\/v2\/users\/2"}],"replies":[{"embeddable":true,"href":"https:\/\/www.europesays.com\/pl\/wp-json\/wp\/v2\/comments?post=151624"}],"version-history":[{"count":0,"href":"https:\/\/www.europesays.com\/pl\/wp-json\/wp\/v2\/posts\/151624\/revisions"}],"wp:featuredmedia":[{"embeddable":true,"href":"https:\/\/www.europesays.com\/pl\/wp-json\/wp\/v2\/media\/151625"}],"wp:attachment":[{"href":"https:\/\/www.europesays.com\/pl\/wp-json\/wp\/v2\/media?parent=151624"}],"wp:term":[{"taxonomy":"category","embeddable":true,"href":"https:\/\/www.europesays.com\/pl\/wp-json\/wp\/v2\/categories?post=151624"},{"taxonomy":"post_tag","embeddable":true,"href":"https:\/\/www.europesays.com\/pl\/wp-json\/wp\/v2\/tags?post=151624"}],"curies":[{"name":"wp","href":"https:\/\/api.w.org\/{rel}","templated":true}]}}