{"id":15163,"date":"2025-09-25T11:37:09","date_gmt":"2025-09-25T11:37:09","guid":{"rendered":"https:\/\/www.europesays.com\/pl\/15163\/"},"modified":"2025-09-25T11:37:09","modified_gmt":"2025-09-25T11:37:09","slug":"von-der-leyen-wplynela-na-trumpa-ws-ukrainy-i-rosji","status":"publish","type":"post","link":"https:\/\/www.europesays.com\/pl\/15163\/","title":{"rendered":"Von der Leyen wp\u0142yn\u0119\u0142a na Trumpa ws. Ukrainy i Rosji?"},"content":{"rendered":"\n<p>&#13;<br \/>\nWed\u0142ug portalu, po\u00a0tym jak w\u00a0sierpniu <a href=\"https:\/\/dorzeczy.pl\/swiat\/771486\/ukraina-rakiety-putina-uszkodzily-budynek-ue-w-kijowie.html\" rel=\"nofollow noopener\" target=\"_blank\">rosyjska rakieta uszkodzi\u0142a budynek przedstawicielstwa UE w\u00a0Kijowie<\/a>, przewodnicz\u0105ca Komisji Europejskiej Ursula von der Leyen, nie\u00a0czekaj\u0105c na\u00a0oficjalne kana\u0142y dyplomatyczne, zadzwoni\u0142a bezpo\u015brednio do\u00a0prezydenta USA Donalda Trumpa, t\u0142umacz\u0105c mu do\u00a0czego zdolny jest Putin, kt\u00f3ry nie\u00a0dotrzymuje s\u0142owa. &#13;\n<\/p>\n<p>&#13;<br \/>\nW ocenie Politico, bezpo\u015brednie kontakty von der Leyen i\u00a0Trumpa maj\u0105 coraz wi\u0119ksze znaczenie geopolityczne, cho\u0107 na\u00a0pocz\u0105tku jego drugiej kadencji wydawa\u0142o si\u0119, \u017ce\u00a0UE zostanie raczej pomini\u0119ta w\u00a0dyplomatycznej rozgrywce dotycz\u0105cej wojny na\u00a0Ukrainie. &#13;\n<\/p>\n<p>&#13;<br \/>\n&#8222;Ale od\u00a0czerwca co\u015b si\u0119 zmieni\u0142o i\u00a0obaj przyw\u00f3dcy utrzymuj\u0105 teraz regularny kontakt. Trump obsypuje von der Leyen komplementami takimi jak \u00abfantastyczna\u00bb i\u00a0\u00abniesamowita\u00bb, a\u00a0europejscy dyplomaci uwa\u017caj\u0105, \u017ce\u00a0chemia mi\u0119dzy nimi odgrywa rol\u0119 w\u00a0chwiejnym stanowisku Trumpa wobec Putina&#8221; \u2013\u00a0czytamy w\u00a0tek\u015bcie. &#13;\n<\/p>\n<p>&#13;<br \/>\nJego autorzy twierdz\u0105, \u017ce\u00a0niespodziewana i\u00a0ostra zmiana tonu Trumpa w\u00a0stosunku do\u00a0Putina, kt\u00f3ry przedstawi\u0142 Rosj\u0119 jako &#8222;papierowego tygrysa&#8221; maj\u0105cego problem z\u00a0dor\u00f3wnaniem &#8222;wielkiemu duchowi&#8221; Ukrai\u0144c\u00f3w \u2013\u00a0nast\u0105pi\u0142a po\u00a0rozmowach z\u00a0prezydentem Ukrainy Wo\u0142odymyrem Ze\u0142enskim i\u00a0von der Leyen. &#13;\n<\/p>\n<p>&#13;<br \/>\n<img decoding=\"async\" src=\"https:\/\/www.europesays.com\/pl\/wp-content\/uploads\/2025\/09\/de32dd8d5056aa38793396f5719d.jpeg\" alt=\"Przewodnicz\u0105ca KE Ursula von der Leyen i\u00a0prezydent USA Donald Trump\" width=\"320\" height=\"240\" data-width=\"2311\" data-height=\"1734\" data-schema=\"DORZECZY\" loading=\"lazy\"\/>&#13;\n<\/p>\n<p>Wojna na\u00a0Ukrainie. Von der Leyen wp\u0142yn\u0119\u0142a na\u00a0Trumpa? <\/p>\n<p>&#13;<br \/>\nUnijny urz\u0119dnik cytowany przez portal powiedzia\u0142, \u017ce\u00a0proukrai\u0144skie przes\u0142anie Trumpa na\u00a0portalu Truth Social nast\u0105pi\u0142o po\u00a0dog\u0142\u0119bnej rozmowie z\u00a0von der Leyen na\u00a0temat sankcji, kt\u00f3ra odby\u0142a si\u0119 w\u00a0obecno\u015bci sekretarza stanu USA Marco Rubio. \u2013\u00a0Dyskusja koncentrowa\u0142a si\u0119 g\u0142\u00f3wnie na\u00a0zaostrzeniu presji na\u00a0Rosj\u0119 \u2013\u00a0doda\u0142o \u017ar\u00f3d\u0142o. &#13;\n<\/p>\n<p>&#13;<br \/>\nInny urz\u0119dnik przekaza\u0142, \u017ce\u00a0kluczowym momentem zwrotnym w\u00a0relacjach obojga polityk\u00f3w by\u0142 czerwcowy szczyt G7 w\u00a0Kanadzie, gdzie von der Leyen i\u00a0Trump odbyli dwustronn\u0105 rozmow\u0119, kt\u00f3rej tematem by\u0142a dalsza cz\u0119\u015b\u0107 umowy handlowej mi\u0119dzy UE a\u00a0USA. &#13;\n<\/p>\n<p>&#13;<br \/>\nZdaniem portalu, sukces von der Leyen jako &#8222;twarzy&#8221; Europy wynika cz\u0119\u015bciowo z\u00a0niejasnego pojmowania jej obowi\u0105zk\u00f3w przez Trumpa, kt\u00f3ry jeszcze niedawno chwali\u0142 j\u0105 za\u00a0rol\u0119 w\u00a0&#8222;kierowaniu wieloma r\u00f3\u017cnymi pa\u0144stwami&#8221;. &#13;\n<\/p>\n<p>&#13;<br \/>\n&#8222;Relacja ta\u00a0oznacza, \u017ce\u00a0(von der Leyen \u2013\u00a0red.) nadal musi i\u015b\u0107 na\u00a0du\u017ce ust\u0119pstwa wobec USA \u2013\u00a0zw\u0142aszcza w\u00a0kwestiach handlu i\u00a0wielkich firm technologicznych \u2013\u00a0ale\u00a0je\u015bli chodzi o\u00a0kluczowe interesy bezpiecze\u0144stwa, urz\u0119dnicy UE uwa\u017caj\u0105, \u017ce\u00a0jest ona w\u00a0centrum zainteresowania (Trumpa \u2013\u00a0red.)&#8221; \u2013\u00a0wskazano w\u00a0materiale. &#13;\n<\/p>\n<p>&#13;<br \/>\nCzytaj te\u017c:<br \/><a href=\"https:\/\/dorzeczy.pl\/swiat\/783936\/wojna-na-ukrainie-cla-trumpa-zaczynaja-przynosic-owoce.html\" rel=\"follow nofollow noopener\" data-schema=\"DORZECZY\" data-image=\"https:\/\/img.dorzeczy.pl\/_thumb\/7e\/7a\/b6db7f6ef7852fe9a94afa1bc0bf.jpeg\" target=\"_blank\">Ukraina sprawi\u0142a, \u017ce\u00a0\u200b\u200bpomys\u0142 Trumpa dotycz\u0105cy Rosji zadzia\u0142a\u0142<\/a>&#13;<\/p>\n","protected":false},"excerpt":{"rendered":"&#13; Wed\u0142ug portalu, po\u00a0tym jak w\u00a0sierpniu rosyjska rakieta uszkodzi\u0142a budynek przedstawicielstwa UE w\u00a0Kijowie, przewodnicz\u0105ca Komisji Europejskiej Ursula von&hellip;\n","protected":false},"author":2,"featured_media":15164,"comment_status":"","ping_status":"","sticky":false,"template":"","format":"standard","meta":{"footnotes":""},"categories":[14],"tags":[32,33,1835,98,27,34,35,28,31,25,102,40,41,87,80,29,30,5504,26,2278,82,83,84],"class_list":{"0":"post-15163","1":"post","2":"type-post","3":"status-publish","4":"format-standard","5":"has-post-thumbnail","7":"category-swiat","8":"tag-breaking-news","9":"tag-breakingnews","10":"tag-donald-trump","11":"tag-dorzeczy","12":"tag-headlines","13":"tag-latest-news","14":"tag-latestnews","15":"tag-naglowki","16":"tag-najwazniejsze-artykuly","17":"tag-news","18":"tag-opinie","19":"tag-polish","20":"tag-polski","21":"tag-rosja","22":"tag-swiat","23":"tag-top-stories","24":"tag-topstories","25":"tag-ursula-von-der-leyen","26":"tag-wiadomosci","27":"tag-wojna-na-ukrainie","28":"tag-world","29":"tag-world-news","30":"tag-worldnews"},"share_on_mastodon":{"url":"","error":""},"_links":{"self":[{"href":"https:\/\/www.europesays.com\/pl\/wp-json\/wp\/v2\/posts\/15163","targetHints":{"allow":["GET"]}}],"collection":[{"href":"https:\/\/www.europesays.com\/pl\/wp-json\/wp\/v2\/posts"}],"about":[{"href":"https:\/\/www.europesays.com\/pl\/wp-json\/wp\/v2\/types\/post"}],"author":[{"embeddable":true,"href":"https:\/\/www.europesays.com\/pl\/wp-json\/wp\/v2\/users\/2"}],"replies":[{"embeddable":true,"href":"https:\/\/www.europesays.com\/pl\/wp-json\/wp\/v2\/comments?post=15163"}],"version-history":[{"count":0,"href":"https:\/\/www.europesays.com\/pl\/wp-json\/wp\/v2\/posts\/15163\/revisions"}],"wp:featuredmedia":[{"embeddable":true,"href":"https:\/\/www.europesays.com\/pl\/wp-json\/wp\/v2\/media\/15164"}],"wp:attachment":[{"href":"https:\/\/www.europesays.com\/pl\/wp-json\/wp\/v2\/media?parent=15163"}],"wp:term":[{"taxonomy":"category","embeddable":true,"href":"https:\/\/www.europesays.com\/pl\/wp-json\/wp\/v2\/categories?post=15163"},{"taxonomy":"post_tag","embeddable":true,"href":"https:\/\/www.europesays.com\/pl\/wp-json\/wp\/v2\/tags?post=15163"}],"curies":[{"name":"wp","href":"https:\/\/api.w.org\/{rel}","templated":true}]}}