{"id":151632,"date":"2025-12-15T08:44:08","date_gmt":"2025-12-15T08:44:08","guid":{"rendered":"https:\/\/www.europesays.com\/pl\/151632\/"},"modified":"2025-12-15T08:44:08","modified_gmt":"2025-12-15T08:44:08","slug":"wieczorne-potracenie-na-podhalu-kobieta-w-ciezkim-stanie-w-szpitalu-onet","status":"publish","type":"post","link":"https:\/\/www.europesays.com\/pl\/151632\/","title":{"rendered":"Wieczorne potr\u0105cenie na Podhalu. Kobieta w ci\u0119\u017ckim stanie w szpitalu &#8211; Onet"},"content":{"rendered":"<ol>\n<li><a href=\"https:\/\/news.google.com\/rss\/articles\/CBMivwFBVV95cUxOdmZ3SVk1UVZTUzlrMTZHSEVnYmI5c2YwZzAwbmVmdlRzY1gtaFJiWWF5S1lyM185TGNmQzI0bnFxMWtfUFhDR0VJYWp4Rm1vV09fR1NSVXZjWjQyOEQzbnhyamthLXctU2tDdXgybU9kUUhiSUJzNllGTTh3Q2FzVzM1YXMzZG9VWmJaMkZsZHpzRzNvRlkwVW80XzRMU1JFV1JaMjNFc3JZa0FZcXN4b0s2Wk5fam1DZkNQQ2R5bw?oc=5\" target=\"_blank\" rel=\"nofollow noopener\">Wieczorne potr\u0105cenie na Podhalu. Kobieta w ci\u0119\u017ckim stanie w szpitalu<\/a>&nbsp;&nbsp;Onet<\/li>\n<li><a href=\"https:\/\/news.google.com\/rss\/articles\/CBMi6AFBVV95cUxQY1Nub0xCWlY3NWhTaXlDdW1PZ3VkNVJUbVVDeEl3Tk9TcWQyT1N3bk16Y2VlYkt3Q1lBU3dmRWpWbW9sTVFESkVXUWNLWnp0cnRJNXRLakFHLXZvWG9rTjNZRl9aeEloc1I3amhQd054NEpqd1Jod2NGWFNsMW1ZbFF6d09uUXlQWFlMR1F0UlVfTVBnaHBMSFJXeFBVNkE3RHY0SnhUeXFRRGZxN2s1WjBqTjFNbExaTi03QnV5cnR4OXNUWE4zOXhWMFluTk14MEFITzBpYTdPY1F3SC1iaFJsdzBqUnBO?oc=5\" target=\"_blank\" rel=\"nofollow noopener\">Wypadek w Z\u0119bie. Potr\u0105cona kobieta z ci\u0119\u017ckimi obra\u017ceniami trafi\u0142a do szpitala. Droga jest cz\u0119\u015bciowo zablokowana<\/a>&nbsp;&nbsp;Gazeta Krakowska<\/li>\n<li><a href=\"https:\/\/news.google.com\/rss\/articles\/CBMixgFBVV95cUxQZUVtZzZGRlZRVDFLLXpLLVVJLWV4Q1A5X0p6SnRSb3ZDeTlFRzRkSkN0R2dyU2ZOWDlXSW9mdjVwVU1PeXpYS2ZQX3NGclFDQ0I3RHpWUG4wbzJhZ2Vxek5BVnE5S21FMGczRmRxeF9CRWhWYnNZRkhaTG9NQ0pod2ZZdEkzVnNCcU9WZkR2clVCNDdKYnY4a19nTjB5RGlTOHBBSUwxbzVpTVZqb2hFaGhjeE1Zd2RGcG9wRWNiUXZtNEExRXc?oc=5\" target=\"_blank\" rel=\"nofollow noopener\">Koszmarne potr\u0105cenie pieszej. Kobieta z licznymi obra\u017ceniami trafi\u0142a do szpitala<\/a>&nbsp;&nbsp;Super Express<\/li>\n<li><a href=\"https:\/\/news.google.com\/rss\/articles\/CBMiPEFVX3lxTFBiMExhUkx5VU1HUGFKVFZWMkgxZ3pOaUYtUDlGcXNYZ0l0Ny1ISXl6eTQ3Vk1OYTQtbWlWYw?oc=5\" target=\"_blank\" rel=\"nofollow noopener\">[24tp.pl] Potr\u0105cenie pieszej w Z\u0119bie. Droga cz\u0119\u015bciowo zablokowana<\/a>&nbsp;&nbsp;Tygodnik Podhala\u0144ski<\/li>\n<li><a href=\"https:\/\/news.google.com\/rss\/articles\/CBMijgFBVV95cUxPLUlxZE1sWkc1dDZiVGRBRWhDbzBhdVVtQTRKajRMczRldWFNak5qU1VUbmk5NTVJMHlDZUQ4ai1GZW94QnVrdHNTWldtNWtSOE1zeHpfSXF0SVlNd1JGSEZtUTV1a0daU1F3d1BOellXclhmYzNiYjk0V1lYUWw2ZW9rZkJXT2NrZ0MwSHRB?oc=5\" target=\"_blank\" rel=\"nofollow noopener\">Auto potr\u0105ci\u0142o kobiet\u0119 na Podhalu. Jej stan jest powa\u017cny<\/a>&nbsp;&nbsp;G\u0142os24 &#8211; Ma\u0142opolski Portal Informacyjny<\/li>\n<\/ol>\n","protected":false},"excerpt":{"rendered":"Wieczorne potr\u0105cenie na Podhalu. Kobieta w ci\u0119\u017ckim stanie w szpitalu&nbsp;&nbsp;Onet Wypadek w Z\u0119bie. Potr\u0105cona kobieta z ci\u0119\u017ckimi obra\u017ceniami&hellip;\n","protected":false},"author":2,"featured_media":151633,"comment_status":"","ping_status":"","sticky":false,"template":"","format":"standard","meta":{"footnotes":""},"categories":[12],"tags":[32,33,36,37,8889,27,369,34,35,28,31,53,25,52,68,51,55,42,38,40,39,41,47,29,30,50,26],"class_list":{"0":"post-151632","1":"post","2":"type-post","3":"status-publish","4":"format-standard","5":"has-post-thumbnail","7":"category-polska","8":"tag-breaking-news","9":"tag-breakingnews","10":"tag-featured-news","11":"tag-featurednews","12":"tag-glos24","13":"tag-headlines","14":"tag-kk","15":"tag-latest-news","16":"tag-latestnews","17":"tag-naglowki","18":"tag-najwazniejsze-artykuly","19":"tag-new_header","20":"tag-news","21":"tag-onet3","22":"tag-onet3d","23":"tag-onet3d_2i","24":"tag-phx","25":"tag-pl","26":"tag-poland","27":"tag-polish","28":"tag-polska","29":"tag-polski","30":"tag-screening_general","31":"tag-top-stories","32":"tag-topstories","33":"tag-v2021","34":"tag-wiadomosci"},"share_on_mastodon":{"url":"","error":""},"_links":{"self":[{"href":"https:\/\/www.europesays.com\/pl\/wp-json\/wp\/v2\/posts\/151632","targetHints":{"allow":["GET"]}}],"collection":[{"href":"https:\/\/www.europesays.com\/pl\/wp-json\/wp\/v2\/posts"}],"about":[{"href":"https:\/\/www.europesays.com\/pl\/wp-json\/wp\/v2\/types\/post"}],"author":[{"embeddable":true,"href":"https:\/\/www.europesays.com\/pl\/wp-json\/wp\/v2\/users\/2"}],"replies":[{"embeddable":true,"href":"https:\/\/www.europesays.com\/pl\/wp-json\/wp\/v2\/comments?post=151632"}],"version-history":[{"count":0,"href":"https:\/\/www.europesays.com\/pl\/wp-json\/wp\/v2\/posts\/151632\/revisions"}],"wp:featuredmedia":[{"embeddable":true,"href":"https:\/\/www.europesays.com\/pl\/wp-json\/wp\/v2\/media\/151633"}],"wp:attachment":[{"href":"https:\/\/www.europesays.com\/pl\/wp-json\/wp\/v2\/media?parent=151632"}],"wp:term":[{"taxonomy":"category","embeddable":true,"href":"https:\/\/www.europesays.com\/pl\/wp-json\/wp\/v2\/categories?post=151632"},{"taxonomy":"post_tag","embeddable":true,"href":"https:\/\/www.europesays.com\/pl\/wp-json\/wp\/v2\/tags?post=151632"}],"curies":[{"name":"wp","href":"https:\/\/api.w.org\/{rel}","templated":true}]}}