{"id":151634,"date":"2025-12-15T08:45:11","date_gmt":"2025-12-15T08:45:11","guid":{"rendered":"https:\/\/www.europesays.com\/pl\/151634\/"},"modified":"2025-12-15T08:45:11","modified_gmt":"2025-12-15T08:45:11","slug":"tak-niemcy-mowia-o-polsce-wszyscy-sa-pod-wrazeniem","status":"publish","type":"post","link":"https:\/\/www.europesays.com\/pl\/151634\/","title":{"rendered":"Tak Niemcy m\u00f3wi\u0105 o Polsce. &#8222;Wszyscy s\u0105 pod wra\u017ceniem&#8221;"},"content":{"rendered":"<p>W trakcie rozmowy z\u00a0&#8222;Faktem&#8221; ambasador Niemiec w\u00a0Polsce Miguel Berger by\u0142 pytany cho\u0107by o\u00a0to, co m\u00f3g\u0142by powiedzie\u0107 tym Polakom, kt\u00f3rzy obawiaj\u0105 si\u0119, \u017ce Niemcy wci\u0105\u017c uwa\u017caj\u0105 Polsk\u0119 za mniejszego partnera.<\/p>\n<p>&#8222;Trzy \u015bwiaty Johna Scherera&#8221;. Ekspertka zach\u0119ca, by\u00a0wypr\u00f3bowa\u0107 <\/p>\n<p>Nast\u0119pnie spostrzeg\u0142, \u017ce &#8222;wszyscy w\u00a0Niemczech s\u0105 pod wra\u017ceniem ogromnego sukcesu, jaki odnios\u0142a Polska&#8221;.<\/p>\n<p>Dyplomata spostrzeg\u0142, \u017ce modyfikacjom ulegaj\u0105 relacje gospodarcze Niemiec i\u00a0Polski. Zauwa\u017cy\u0142, \u017ce w\u00a0niemieckiej izbie gospodarczej 40 proc. firm to te z\u00a0Polski i\u00a0\u017ce coraz wi\u0119cej polskich startup\u00f3w inwestuje w\u00a0Niemczech.<\/p>\n","protected":false},"excerpt":{"rendered":"W trakcie rozmowy z\u00a0&#8222;Faktem&#8221; ambasador Niemiec w\u00a0Polsce Miguel Berger by\u0142 pytany cho\u0107by o\u00a0to, co m\u00f3g\u0142by powiedzie\u0107 tym Polakom,&hellip;\n","protected":false},"author":2,"featured_media":151635,"comment_status":"","ping_status":"","sticky":false,"template":"","format":"standard","meta":{"footnotes":""},"categories":[5],"tags":[32,33,36,37,27,34,35,28,31,25,42,38,40,39,41,29,30,26],"class_list":{"0":"post-151634","1":"post","2":"type-post","3":"status-publish","4":"format-standard","5":"has-post-thumbnail","7":"category-naglowki","8":"tag-breaking-news","9":"tag-breakingnews","10":"tag-featured-news","11":"tag-featurednews","12":"tag-headlines","13":"tag-latest-news","14":"tag-latestnews","15":"tag-naglowki","16":"tag-najwazniejsze-artykuly","17":"tag-news","18":"tag-pl","19":"tag-poland","20":"tag-polish","21":"tag-polska","22":"tag-polski","23":"tag-top-stories","24":"tag-topstories","25":"tag-wiadomosci"},"share_on_mastodon":{"url":"https:\/\/pubeurope.com\/@pl\/115722710209975920","error":""},"_links":{"self":[{"href":"https:\/\/www.europesays.com\/pl\/wp-json\/wp\/v2\/posts\/151634","targetHints":{"allow":["GET"]}}],"collection":[{"href":"https:\/\/www.europesays.com\/pl\/wp-json\/wp\/v2\/posts"}],"about":[{"href":"https:\/\/www.europesays.com\/pl\/wp-json\/wp\/v2\/types\/post"}],"author":[{"embeddable":true,"href":"https:\/\/www.europesays.com\/pl\/wp-json\/wp\/v2\/users\/2"}],"replies":[{"embeddable":true,"href":"https:\/\/www.europesays.com\/pl\/wp-json\/wp\/v2\/comments?post=151634"}],"version-history":[{"count":0,"href":"https:\/\/www.europesays.com\/pl\/wp-json\/wp\/v2\/posts\/151634\/revisions"}],"wp:featuredmedia":[{"embeddable":true,"href":"https:\/\/www.europesays.com\/pl\/wp-json\/wp\/v2\/media\/151635"}],"wp:attachment":[{"href":"https:\/\/www.europesays.com\/pl\/wp-json\/wp\/v2\/media?parent=151634"}],"wp:term":[{"taxonomy":"category","embeddable":true,"href":"https:\/\/www.europesays.com\/pl\/wp-json\/wp\/v2\/categories?post=151634"},{"taxonomy":"post_tag","embeddable":true,"href":"https:\/\/www.europesays.com\/pl\/wp-json\/wp\/v2\/tags?post=151634"}],"curies":[{"name":"wp","href":"https:\/\/api.w.org\/{rel}","templated":true}]}}