{"id":151644,"date":"2025-12-15T08:50:09","date_gmt":"2025-12-15T08:50:09","guid":{"rendered":"https:\/\/www.europesays.com\/pl\/151644\/"},"modified":"2025-12-15T08:50:09","modified_gmt":"2025-12-15T08:50:09","slug":"rezyser-narzeczonej-dla-ksiecia-odnaleziony-martwy-wraz-z-zona-podejrzenie-morderstwa","status":"publish","type":"post","link":"https:\/\/www.europesays.com\/pl\/151644\/","title":{"rendered":"Re\u017cyser 'Narzeczonej dla ksi\u0119cia&#8217; odnaleziony martwy wraz z \u017con\u0105. Podejrzenie morderstwa"},"content":{"rendered":"<p class=\"art_paragraph\">78-letni ameryka\u0144ski aktor, re\u017cyser oraz producent filmowy wraz z 68-letni\u0105 \u017con\u0105 Michele zostali znalezieni martwi w swoim domu w Los Angeles. Funkcjonariusze policji badaj\u0105 okoliczno\u015bci zdarzenia pod k\u0105tem prawdopodobnego zab\u00f3jstwa.<\/p>\n<p> Rob Reiner nie \u017cyje. Zosta\u0142 znaleziony martwy wraz z \u017con\u0105, trwa \u015bledztwo<\/p>\n<p class=\"art_paragraph\">O zdarzeniu poinformowa\u0142 rzecznik rodziny filmowca. &#8222;Z g\u0142\u0119bokim smutkiem og\u0142aszamy tragiczn\u0105 \u015bmier\u0107 Michele i Roba Reiner\u00f3w. Jeste\u015bmy zrozpaczeni t\u0105 strat\u0105&#8221; &#8211; przekaza\u0142 mediom w o\u015bwiadczeniu.<\/p>\n<p class=\"art_paragraph\">Portal Deadline przekaza\u0142, \u017ce oboje najprawdopodobniej zostali d\u017agni\u0119ci no\u017cem. Oboje mieli na ciele rany k\u0142ute. \u0179r\u00f3d\u0142a w organach \u015bcigania poinformowa\u0142y gazet\u0119 &#8222;The Times&#8221;, \u017ce w zwi\u0105zku ze \u015bmierci\u0105 ofiar przes\u0142uchano cz\u0142onka rodziny Reiner\u00f3w. Magazyn People nieoficjalnie donosi, \u017ce by\u0142 to syn pary &#8211; Nick. Policja nie potwierdzi\u0142a jeszcze tej informacji, nikogo tak\u017ce nie aresztowano.<\/p>\n<p> Rob Reiner i jego \u017cona Michele nie \u017cyj\u0105. Zostali znalezieni z ranami k\u0142utymi we w\u0142asnym domu<\/p>\n<p class=\"art_paragraph\">Rob Reiner by\u0142 synem znanego komika Carla Reinera. Aktor, re\u017cyser i producent filmowy otrzyma\u0142 w\u0142asn\u0105 gwiazd\u0119 w Alei Gwiazd w Los Angeles w 1999 roku. Rozpoczyna\u0142 karier\u0119 aktorsk\u0105 w sitcomie &#8222;All in the Family&#8221;, gdzie zagra\u0142 Meathheada. Za rol\u0119 otrzyma\u0142 dwie Emmy i pi\u0119\u0107 nominacji do Z\u0142otego Globu.<\/p>\n<p class=\"art_paragraph\">W roli re\u017cysera Reiner zadebiutowa\u0142 <a href=\"https:\/\/kultura.gazeta.pl\/kultura\/0,114438.html#anchorLink\" rel=\"nofollow noopener\" target=\"_blank\">filmem<\/a> &#8222;Oto Spinal Tap&#8221; o fikcyjnym zespole heavymetalowym. Potem zrealizowa\u0142 komedi\u0119 romantyczn\u0105 &#8222;Pewna sprawa&#8221;, &#8222;Narzeczon\u0105 dla ksi\u0119cia&#8221; oraz &#8222;Kiedy Harry pozna\u0142 Sally&#8221;. W 1992 roku stan\u0105\u0142 za kamer\u0105 wojskowego <a href=\"https:\/\/kultura.gazeta.pl\/dramat#anchorLink\" rel=\"nofollow noopener\" target=\"_blank\">dramatu<\/a> s\u0105dowego &#8222;Ludzie honoru&#8221;, kt\u00f3ry otrzyma\u0142 nominacj\u0119 do Oscara.<\/p>\n","protected":false},"excerpt":{"rendered":"78-letni ameryka\u0144ski aktor, re\u017cyser oraz producent filmowy wraz z 68-letni\u0105 \u017con\u0105 Michele zostali znalezieni martwi w swoim domu&hellip;\n","protected":false},"author":2,"featured_media":151645,"comment_status":"","ping_status":"","sticky":false,"template":"","format":"standard","meta":{"footnotes":""},"categories":[14],"tags":[32,33,27,34,35,28,31,25,40,41,80,29,30,26,82,83,84],"class_list":{"0":"post-151644","1":"post","2":"type-post","3":"status-publish","4":"format-standard","5":"has-post-thumbnail","7":"category-swiat","8":"tag-breaking-news","9":"tag-breakingnews","10":"tag-headlines","11":"tag-latest-news","12":"tag-latestnews","13":"tag-naglowki","14":"tag-najwazniejsze-artykuly","15":"tag-news","16":"tag-polish","17":"tag-polski","18":"tag-swiat","19":"tag-top-stories","20":"tag-topstories","21":"tag-wiadomosci","22":"tag-world","23":"tag-world-news","24":"tag-worldnews"},"share_on_mastodon":{"url":"","error":""},"_links":{"self":[{"href":"https:\/\/www.europesays.com\/pl\/wp-json\/wp\/v2\/posts\/151644","targetHints":{"allow":["GET"]}}],"collection":[{"href":"https:\/\/www.europesays.com\/pl\/wp-json\/wp\/v2\/posts"}],"about":[{"href":"https:\/\/www.europesays.com\/pl\/wp-json\/wp\/v2\/types\/post"}],"author":[{"embeddable":true,"href":"https:\/\/www.europesays.com\/pl\/wp-json\/wp\/v2\/users\/2"}],"replies":[{"embeddable":true,"href":"https:\/\/www.europesays.com\/pl\/wp-json\/wp\/v2\/comments?post=151644"}],"version-history":[{"count":0,"href":"https:\/\/www.europesays.com\/pl\/wp-json\/wp\/v2\/posts\/151644\/revisions"}],"wp:featuredmedia":[{"embeddable":true,"href":"https:\/\/www.europesays.com\/pl\/wp-json\/wp\/v2\/media\/151645"}],"wp:attachment":[{"href":"https:\/\/www.europesays.com\/pl\/wp-json\/wp\/v2\/media?parent=151644"}],"wp:term":[{"taxonomy":"category","embeddable":true,"href":"https:\/\/www.europesays.com\/pl\/wp-json\/wp\/v2\/categories?post=151644"},{"taxonomy":"post_tag","embeddable":true,"href":"https:\/\/www.europesays.com\/pl\/wp-json\/wp\/v2\/tags?post=151644"}],"curies":[{"name":"wp","href":"https:\/\/api.w.org\/{rel}","templated":true}]}}