{"id":151648,"date":"2025-12-15T08:52:11","date_gmt":"2025-12-15T08:52:11","guid":{"rendered":"https:\/\/www.europesays.com\/pl\/151648\/"},"modified":"2025-12-15T08:52:11","modified_gmt":"2025-12-15T08:52:11","slug":"to-jest-karygodne-brutalne-podsumowanie","status":"publish","type":"post","link":"https:\/\/www.europesays.com\/pl\/151648\/","title":{"rendered":"To jest karygodne. Brutalne podsumowanie"},"content":{"rendered":"<p>Po kolejnej pora\u017cce Legii Warszawa przed dziennikarzami stan\u0105\u0142 Rafa\u0142 Augustyniak, kt\u00f3ry nie gryz\u0142 si\u0119 w j\u0119zyk. &#8211; Co czujemy? Przede wszystkim wstyd. Nie mo\u017ce to tak wygl\u0105da\u0107 &#8211; us\u0142yszeli\u015bmy.<\/p>\n<p>11. mecz bez wygranej, znowu pora\u017cka i zimowanie w strefie spadkowej PKO BP Ekstraklasy. Legia Warszawa idzie na dno, a nastroje s\u0105 fatalne &#8211; zar\u00f3wno w\u015br\u00f3d kibic\u00f3w, jak i pi\u0142karzy. Po niedzielnej kl\u0119sce z Piastem g\u0142os zabra\u0142 kapitan sto\u0142ecznych Rafa\u0142 Augustyniak.<\/p>\n<p>Dalsza cz\u0119\u015b\u0107 tekstu pod wideo<\/p>\n<p>Pomocnik nie owija\u0142 w bawe\u0142n\u0119 i przekaza\u0142, jak czuje si\u0119 zesp\u00f3\u0142 i co s\u0105dzi o fatalnej serii bez zwyci\u0119stwa.<\/p>\n<p>&#8211; Co czujemy? Przede wszystkim wstyd. Nie mo\u017ce to tak wygl\u0105da\u0107. To jest karygodne, \u017ce przez dwa miesi\u0105ce nie potrafimy wygra\u0107 meczu. Wszyscy ci, kt\u00f3rzy dobrze \u017cycz\u0105 Legii, nie zas\u0142uguj\u0105 na to. (&#8230;) Nie wiem, czy przygniot\u0142o nas to mentalnie&#8230; Czasami, tak jak dzisiaj, schodzimy do szatni po przegranym meczu, patrzymy na siebie i tak naprawd\u0119 nie wiemy, co powiedzie\u0107 &#8211; gorzko przyzna\u0142.<\/p>\n<p>Augustyniak zauwa\u017cy\u0142, \u017ce ostatnie dwa miesi\u0105ce by\u0142y fatalne, a dru\u017cynie &#8211; cho\u0107 nie jest to usprawiedliwienie &#8211; nie pomog\u0142o zamieszanie z trenerskim &#8222;bezkr\u00f3lewiem&#8221;.<\/p>\n<p>&#8211; Te dwa miesi\u0105ce s\u0105 fatalne. Odej\u015bcie trenera Iordanescu i te wszystkie zawirowania, czy zostanie Inaki Astiz, czy b\u0119dzie trener Papszun, to wszystko te\u017c na nas oddzia\u0142ywa\u0142o. Cho\u0107 nie mo\u017cemy si\u0119 tym t\u0142umaczy\u0107, powinni\u015bmy wzi\u0105\u0107 ca\u0142\u0105 odpowiedzialno\u015b\u0107, a nie zrzuca\u0107 to na zarz\u0105d &#8211; podkre\u015bli\u0142. &#8211; Trzeba si\u0119 uderzy\u0107 w pier\u015b. Jedynym rozwi\u0105zaniem b\u0119dzie odci\u0119cie si\u0119 od tego wszystkiego, oddzieli\u0107 grub\u0105 kresk\u0105 ten rok i wej\u015b\u0107 w nowy z wiar\u0105 w to, \u017ce mo\u017cemy wygrywa\u0107. Sytuacja w tabeli PUNKTOWO nie jest tak fatalna, jest sp\u0142aszczona, cho\u0107 to nas nie usprawiedliwia, musimy odbi\u0107 si\u0119 od dna.<\/p>\n<p>Zdaniem do\u015bwiadczonego pi\u0142karza legionistom przyda si\u0119 nadchodz\u0105ca przerwa zimowa, chocia\u017c nie \u0142udzi si\u0119 on, \u017ce przyj\u015bcie Marka Papszuna odmieni zesp\u00f3\u0142 w mig.<\/p>\n<p>&#8211; Ta przerwa to jedyny plus. Odpoczniemy od siebie i od tego wszystkiego i wejdziemy w Nowy Rok z nadziejami, \u017ce to by\u0142 tylko z\u0142y sen, i zaczniemy wygrywa\u0107. To nie tak, \u017ce przyjdzie nowy trener, strzeli palcami i nagle wszystko b\u0119dzie super. Nie mo\u017cemy powt\u00f3rzy\u0107 takiej rundy, bo to si\u0119 mo\u017ce sko\u0144czy\u0107&#8230; nawet nie chc\u0119 m\u00f3wi\u0107 czym &#8211; powiedzia\u0142.<\/p>\n<p>Augustyniak odni\u00f3s\u0142 si\u0119 te\u017c do kwestii lider\u00f3w w tej dru\u017cynie. U\u017cy\u0142 przy tym wymownego por\u00f3wnania.<\/p>\n<p>&#8211; Czy Legii brakuje lidera? Ci\u0119\u017ckie pytanie, ka\u017cdy powinien wzi\u0105\u0107 odpowiedzialno\u015b\u0107 za siebie. Je\u015bli zespo\u0142owi nie idzie, nie strzelamy bramek, czasami w obronie tracimy kuriozalne bramki, to ci\u0119\u017cko tutaj o lider\u00f3w. Wrzuciliby\u015bmy tutaj Messiego czy Ronaldo, najlepszych pi\u0142karzy na \u015bwiecie, to te\u017c by za du\u017co nie wymy\u015blili. To taka sytuacja, \u017ce te\u017c dru\u017cyna kreuje lider\u00f3w&#8230;<\/p>\n<p>Zawodnik Legii zabra\u0142 te\u017c g\u0142os ws. zachowania kibic\u00f3w, kt\u00f3rzy reagowali na gr\u0119 gwizdami, a tak\u017ce stan\u0105\u0142 w obronie krytykowanego Milety Rajovicia.<\/p>\n<p>&#8211; Gdybym by\u0142 kibicem i widzia\u0142 to wszystko, to te\u017c bym nie chcia\u0142 na mecze przychodzi\u0107 i jako\u015b odreagowa\u0107 to wszystko. Mog\u0105 czu\u0107 frustracj\u0119, \u017ce ona si\u0119gn\u0119\u0142a zenitu. Rajovi\u0107? Nie ma co si\u0119 nad ch\u0142opakiem pastwi\u0107, naprawd\u0119 jest na niego du\u017cy hejt, nie zas\u0142uguje na niego. Ka\u017cdy na ko\u0144cu jest cz\u0142owiekiem. To nie tak, \u017ce on sam przegrywa nam mecz &#8211; skwitowa\u0142, wyra\u017caj\u0105c nadziej\u0119, \u017ce Legii uda si\u0119 zako\u0144czy\u0107 rok wygran\u0105 z Lincoln w Lidze Konferencji.<\/p>\n<p>Ogl\u0105daj program po meczu Legia &#8211; Piast na kanale Meczyki:<\/p>\n<p><img decoding=\"async\" src=\"https:\/\/www.europesays.com\/pl\/wp-content\/uploads\/2025\/12\/1765788731_347_hq720.webp.webp\" alt=\"\" loading=\"lazy\" style=\"width:100%;object-fit:contain;height:100%;\" class=\"yt-embed-placeholder\"\/><\/p>\n","protected":false},"excerpt":{"rendered":"Po kolejnej pora\u017cce Legii Warszawa przed dziennikarzami stan\u0105\u0142 Rafa\u0142 Augustyniak, kt\u00f3ry nie gryz\u0142 si\u0119 w j\u0119zyk. &#8211; Co&hellip;\n","protected":false},"author":2,"featured_media":151649,"comment_status":"","ping_status":"","sticky":false,"template":"","format":"standard","meta":{"footnotes":""},"categories":[5],"tags":[32,33,36,37,27,34,35,28,31,25,42,38,40,39,41,29,30,26],"class_list":{"0":"post-151648","1":"post","2":"type-post","3":"status-publish","4":"format-standard","5":"has-post-thumbnail","7":"category-naglowki","8":"tag-breaking-news","9":"tag-breakingnews","10":"tag-featured-news","11":"tag-featurednews","12":"tag-headlines","13":"tag-latest-news","14":"tag-latestnews","15":"tag-naglowki","16":"tag-najwazniejsze-artykuly","17":"tag-news","18":"tag-pl","19":"tag-poland","20":"tag-polish","21":"tag-polska","22":"tag-polski","23":"tag-top-stories","24":"tag-topstories","25":"tag-wiadomosci"},"share_on_mastodon":{"url":"https:\/\/pubeurope.com\/@pl\/115722737897146378","error":""},"_links":{"self":[{"href":"https:\/\/www.europesays.com\/pl\/wp-json\/wp\/v2\/posts\/151648","targetHints":{"allow":["GET"]}}],"collection":[{"href":"https:\/\/www.europesays.com\/pl\/wp-json\/wp\/v2\/posts"}],"about":[{"href":"https:\/\/www.europesays.com\/pl\/wp-json\/wp\/v2\/types\/post"}],"author":[{"embeddable":true,"href":"https:\/\/www.europesays.com\/pl\/wp-json\/wp\/v2\/users\/2"}],"replies":[{"embeddable":true,"href":"https:\/\/www.europesays.com\/pl\/wp-json\/wp\/v2\/comments?post=151648"}],"version-history":[{"count":0,"href":"https:\/\/www.europesays.com\/pl\/wp-json\/wp\/v2\/posts\/151648\/revisions"}],"wp:featuredmedia":[{"embeddable":true,"href":"https:\/\/www.europesays.com\/pl\/wp-json\/wp\/v2\/media\/151649"}],"wp:attachment":[{"href":"https:\/\/www.europesays.com\/pl\/wp-json\/wp\/v2\/media?parent=151648"}],"wp:term":[{"taxonomy":"category","embeddable":true,"href":"https:\/\/www.europesays.com\/pl\/wp-json\/wp\/v2\/categories?post=151648"},{"taxonomy":"post_tag","embeddable":true,"href":"https:\/\/www.europesays.com\/pl\/wp-json\/wp\/v2\/tags?post=151648"}],"curies":[{"name":"wp","href":"https:\/\/api.w.org\/{rel}","templated":true}]}}