{"id":151650,"date":"2025-12-15T08:53:09","date_gmt":"2025-12-15T08:53:09","guid":{"rendered":"https:\/\/www.europesays.com\/pl\/151650\/"},"modified":"2025-12-15T08:53:09","modified_gmt":"2025-12-15T08:53:09","slug":"ps-w-lyzwiarstwie-szybkim-natalia-jabrzyk-i-marcin-bachanek-ze-zlotym-medalem-w-sztafecie-mieszanej-sport-tvp-pl","status":"publish","type":"post","link":"https:\/\/www.europesays.com\/pl\/151650\/","title":{"rendered":"P\u015a w \u0142y\u017cwiarstwie szybkim. Natalia Jabrzyk i Marcin Bachanek ze z\u0142otym medalem w sztafecie mieszanej &#8211; sport.tvp.pl"},"content":{"rendered":"<ol>\n<li><a href=\"https:\/\/news.google.com\/rss\/articles\/CBMiyAFBVV95cUxQcHJieUtPaGtUbVpZc1lDSWZpc3BEMzJFNTY3a2c2VEJ6Q2JNeDgzNWJNQ250Z2laNFhVOGpuanNKN0Z3NGEweG9yM1VhU2xmcUtON1AwMEhlOTZYeVU2eFNrRzJMZnNjWXR2WTZtcU9hbFhwXzhjTm80Wl8zQnN6RW91ZVY0dGFnVWpra0tieDFoMjdHWWtLYjBZaDcycVR4RllSV3Q3c3ZjcHQwbGxZV3JGWkJoSWpuN2xBXzZYYmJFMC1YWjBXR9IBzgFBVV95cUxQcW1qVHZ5MFh0ZlVSbGo3Q1RSMVR2enh6dDZhSFY4VnhlNEx5QkVwd0gwajcyWE1pVGdxcmd6Mnhka2I1bFhYRXNLUzh1ZDJ1RUdLYnRNOXNQVDVIMmxMNWhzVXFIRDJWQ2JoQ3pyRnUzYVNvdW5Lb2kyNC1uempCTS11NWRoWkhyaVZtWVlnaVRidGZjWXlDNEhiOC03ZHdOVTRBS1dfZEtCel9uZldlaTJpUnB3dDl5eEZkUm1ZR0hDcVFvZUstN29CbHZEdw?oc=5\" target=\"_blank\" rel=\"nofollow noopener\">P\u015a w \u0142y\u017cwiarstwie szybkim. Natalia Jabrzyk i Marcin Bachanek ze z\u0142otym medalem w sztafecie mieszanej<\/a>&nbsp;&nbsp;sport.tvp.pl<\/li>\n<li><a href=\"https:\/\/news.google.com\/rss\/articles\/CBMi1AFBVV95cUxOU1kza3VjelU3NlVUTDRscGg2M3dlWUU0S0hWcFNWMV92SkVEWUdObjA4ajFnQnFNTERWOFdqbTFHZFpfM2VQNnpjb0N6eWtyUGhQSjlYRnZZT0hhQWtrb2RuaVZpaVVDT1FBemRnbUVra1J3ZUhld3RhcVZQbkk2ZFlIQ3BqSnhReXRpSGQ5bE9acl9ZYU1jM2R2MXo5Qzd6V1drZWE0eGdkemwzeWVQeUExak1XdUdpUm5XeldfdVN2SEtYZ05hd3pkUS04Zk5UeW5GbA?oc=5\" target=\"_blank\" rel=\"nofollow noopener\">0,001 od z\u0142ota! Polak milimetry od wygranej z wielkim mistrzem. Co za bieg!<\/a>&nbsp;&nbsp;Przegl\u0105d Sportowy Onet<\/li>\n<li><a href=\"https:\/\/news.google.com\/rss\/articles\/CBMiswJBVV95cUxOeC1OWWx2Vkt0aXFUNi05ZXZTVVI5Vm1TZlJMUE95al84b0I4SXFHUWxCanFON0NaU2FFLWotZk80MkU5aWREWDBHak1WTllZckdnMzZJcGFXVG9mYThITTRkZUxxNFc4eUhVcDM0OU9RSEJTN3JjeGs0cmVNNU12bG0xYmNZT2ZpUWUwU2dra2V3bWRpUW54czEzclE4TkdrWElxbkFKeTRmVXQyeWhWUGFZMmN1X2NVU3Nzai1lNHFDSXl3dnRIVUJzM1NPNV9DZ0tVUEdYc2ZmcElScmFGZkdSSVFvWkVHRzIwUUNoNXRkSGMxNFpYa3NhZi01aXEwcnpiSG1KQ1YtWGgzRlhlcVp0OG1FeDBWSWljSnFlMHR3RGN2WHJiNEU5WTE4dXVuRk5V?oc=5\" target=\"_blank\" rel=\"nofollow noopener\">Pech Polaka w Pucharze \u015awiata. Zdecydowa\u0142a jedna tysi\u0119czna sekundy<\/a>&nbsp;&nbsp;Eurosport Polska<\/li>\n<li><a href=\"https:\/\/news.google.com\/rss\/articles\/CBMiswFBVV95cUxQUnk5MnJGVFgwM0poaTVPU051b3ZpekZrWFllQWJIRHFEemQ4MVgxM2xnQktRQl92bl8zR0dfTjc1YWdaNTY0QnpHc0d5UGFFQl8wOGRIejJMNzB1d1hJelFyUXV6eUlXQ1Raazg4VU1HZWdCUWZHdGVNSmJtTjRiNjBFZkdNakFZOFNUbktnT3ppaFBYUzFUeThkSFJuajBFVC05VUl2c2hPVWNMaldkdlAxUQ?oc=5\" target=\"_blank\" rel=\"nofollow noopener\">Nie do wiary, ile zabrak\u0142o Polakowi do z\u0142otego medalu. Fotofinisz pokaza\u0142 prawd\u0119<\/a>&nbsp;&nbsp;Sport.pl<\/li>\n<li><a href=\"https:\/\/news.google.com\/rss\/articles\/CBMiqAFBVV95cUxQZ21weld4MWdwRHhGT0pzY2FUcnBBOHVnTUpra2pTaHE5cDBzcU12WGlYRUhZSWh2dHE1TkdubS00OXRESnJhcTJMckJ3VXRwWHVLbTRJTFIzNlBSVkxoQ044RFVIV0lJV09taTJzeXAzOUNQOElrOHRCcG5tNk4zVTN3b1BHNWp2dFI3WlZFWHJZdFc2WDc4aUxCeUs2RFRZYklNclFaSUM?oc=5\" target=\"_blank\" rel=\"nofollow noopener\">0,001 sekundy zdecydowa\u0142o. Pasjonuj\u0105cy b\u00f3j \u017burka i Stolza w Hamar<\/a>&nbsp;&nbsp;Polskie Radio 24<\/li>\n<\/ol>\n","protected":false},"excerpt":{"rendered":"P\u015a w \u0142y\u017cwiarstwie szybkim. Natalia Jabrzyk i Marcin Bachanek ze z\u0142otym medalem w sztafecie mieszanej&nbsp;&nbsp;sport.tvp.pl 0,001 od z\u0142ota!&hellip;\n","protected":false},"author":2,"featured_media":151651,"comment_status":"","ping_status":"","sticky":false,"template":"","format":"standard","meta":{"footnotes":""},"categories":[24],"tags":[18256,30560,30559,42,38,40,39,41,30562,127,334,126,447,30561],"class_list":{"0":"post-151650","1":"post","2":"type-post","3":"status-publish","4":"format-standard","5":"has-post-thumbnail","7":"category-sport","8":"tag-lyzwiarstwo-szybkie","9":"tag-marcin-bachanek","10":"tag-natalia-jabrzyk","11":"tag-pl","12":"tag-poland","13":"tag-polish","14":"tag-polska","15":"tag-polski","16":"tag-ps-w-lyzwiarstwie-szybkim","17":"tag-sport","18":"tag-sport-tvp-pl","19":"tag-sports","20":"tag-sporty-zimowe","21":"tag-sztafeta-mieszana"},"share_on_mastodon":{"url":"https:\/\/pubeurope.com\/@pl\/115722741988074129","error":""},"_links":{"self":[{"href":"https:\/\/www.europesays.com\/pl\/wp-json\/wp\/v2\/posts\/151650","targetHints":{"allow":["GET"]}}],"collection":[{"href":"https:\/\/www.europesays.com\/pl\/wp-json\/wp\/v2\/posts"}],"about":[{"href":"https:\/\/www.europesays.com\/pl\/wp-json\/wp\/v2\/types\/post"}],"author":[{"embeddable":true,"href":"https:\/\/www.europesays.com\/pl\/wp-json\/wp\/v2\/users\/2"}],"replies":[{"embeddable":true,"href":"https:\/\/www.europesays.com\/pl\/wp-json\/wp\/v2\/comments?post=151650"}],"version-history":[{"count":0,"href":"https:\/\/www.europesays.com\/pl\/wp-json\/wp\/v2\/posts\/151650\/revisions"}],"wp:featuredmedia":[{"embeddable":true,"href":"https:\/\/www.europesays.com\/pl\/wp-json\/wp\/v2\/media\/151651"}],"wp:attachment":[{"href":"https:\/\/www.europesays.com\/pl\/wp-json\/wp\/v2\/media?parent=151650"}],"wp:term":[{"taxonomy":"category","embeddable":true,"href":"https:\/\/www.europesays.com\/pl\/wp-json\/wp\/v2\/categories?post=151650"},{"taxonomy":"post_tag","embeddable":true,"href":"https:\/\/www.europesays.com\/pl\/wp-json\/wp\/v2\/tags?post=151650"}],"curies":[{"name":"wp","href":"https:\/\/api.w.org\/{rel}","templated":true}]}}