{"id":151652,"date":"2025-12-15T08:54:13","date_gmt":"2025-12-15T08:54:13","guid":{"rendered":"https:\/\/www.europesays.com\/pl\/151652\/"},"modified":"2025-12-15T08:54:13","modified_gmt":"2025-12-15T08:54:13","slug":"cezary-zak-mial-wyjatkowa-relacje-z-piotrem-machalica-poruszajace-slowa-w-rocznice-smierci","status":"publish","type":"post","link":"https:\/\/www.europesays.com\/pl\/151652\/","title":{"rendered":"Cezary \u017bak mia\u0142 wyj\u0105tkow\u0105 relacj\u0119 z Piotrem Machalic\u0105. Poruszaj\u0105ce s\u0142owa w rocznic\u0119 \u015bmierci"},"content":{"rendered":"<p class=\"Paragraph_desktopParagraph__U31Gm\"><a href=\"https:\/\/plejada.pl\/temat\/piotr-machalica\/lf0tcy5\" id=\"6db0ca06-ef06-4493-9982-0db5d26bb4c4\" rel=\"nofollow noopener\" target=\"_blank\">Piotr Machalica<\/a> zmar\u0142 14 grudnia 2020 r. w wieku 65 lat. W pi\u0105t\u0105 rocznic\u0119 \u015bmierci aktora, wracaj\u0105 s\u0142owa <a href=\"https:\/\/plejada.pl\/temat\/cezary-zak-aktor\/4kw44fg\" id=\"2cae345e-824e-4f64-8b0a-248401fc4cd9\" rel=\"nofollow noopener\" target=\"_blank\">Cezarego \u017baka<\/a>, kt\u00f3re od lat wzruszaj\u0105 fan\u00f3w obu aktor\u00f3w. Tu\u017c po \u015bmierci kolegi gwiazdor &#8222;Rancza&#8221; w rozmowie z WP nie kry\u0142, jak bliska by\u0142a to relacja. <\/p>\n<blockquote>\n<p class=\"Paragraph_desktopParagraph__U31Gm\">Chcia\u0142bym my\u015ble\u0107 o sobie, \u017ce by\u0142em dla niego koleg\u0105. On dla mnie by\u0142 kim\u015b bardzo wa\u017cnym \u2014 przyjacielem, mo\u017ce nawet kim\u015b wi\u0119cej: bratni\u0105 dusz\u0105. By\u0142 kim\u015b, komu mog\u0142em powierzy\u0107 nawet swoje najintymniejsze sprawy, zawsze mog\u0142em na nim polega\u0107 i mu ufa\u0107<\/p>\n<\/blockquote>\n<ul class=\"OchatFollowUps_wrapper__1ry7X\">\n<li class=\"OchatFollowUps_item__Dhyly OchatFollowUps_itemDesktop__R6aBv\">Jakie wspomnienie Cezary \u017bak ma o Piotrze Machalicy?<\/li>\n<li class=\"OchatFollowUps_item__Dhyly OchatFollowUps_itemDesktop__R6aBv\">Ile lat min\u0119\u0142o od \u015bmierci Piotra Machalicy?<\/li>\n<li class=\"OchatFollowUps_item__Dhyly OchatFollowUps_itemDesktop__R6aBv\">Co Cezary \u017bak napisa\u0142 na Instagramie z okazji rocznicy \u015bmierci przyjaciela?<\/li>\n<li class=\"OchatFollowUps_item__Dhyly OchatFollowUps_itemDesktop__R6aBv\">Jakie cechy charakteru Piotra Machalicy podkre\u015bla\u0142 Cezary \u017bak?<\/li>\n<\/ul>\n<p>Cezary \u017bak mia\u0142 wyj\u0105tkow\u0105 relacj\u0119 z Piotrem Machalic\u0105. &#8222;To by\u0142 facet niezwykle rzetelny&#8221; <\/p>\n<p class=\"Paragraph_desktopParagraph__U31Gm\">Cezary \u017bak wielokrotnie podkre\u015bla\u0142, \u017ce Piotr Machalica by\u0142 cz\u0142owiekiem bardzo prawdziwym, ale te\u017c bardzo kruchym emocjonalnie. Wspominaj\u0105c jego charakter i wyst\u0119py wokalne, m\u00f3wi\u0142: <\/p>\n<blockquote>\n<p class=\"Paragraph_desktopParagraph__U31Gm\">Przekona\u0142em si\u0119, \u017ce jest te\u017c \u015bwietnym pie\u015bniarzem. Niezwykle prawdziwym, czasami a\u017c nadwra\u017cliwym, bo wiem, \u017ce te pie\u015bni go bardzo du\u017co kosztowa\u0142y<\/p>\n<\/blockquote>\n<p class=\"Paragraph_desktopParagraph__U31Gm\">Jak dodawa\u0142, ta cecha by\u0142a jednocze\u015bnie si\u0142\u0105 i ci\u0119\u017carem aktora. W tej samej rozmowie z dum\u0105 podkre\u015bla\u0142 zawodow\u0105 uczciwo\u015b\u0107 przyjaciela:<\/p>\n<blockquote>\n<p class=\"Paragraph_desktopParagraph__U31Gm\">To by\u0142 facet niezwykle rzetelny w uprawianiu zawodu. Nie chodzi\u0142 na bok, nie dotyka\u0142 fa\u0142szywych nut nigdy. Ju\u017c anegdotyczna si\u0119 sta\u0142a opowie\u015b\u0107 o tym, \u017ce Piotrek zawsze jako ostatni nauczy\u0142 si\u0119 tekstu. Te\u017c si\u0119 tym wkurza\u0142 przez ca\u0142y okres pr\u00f3b, ale potem wychodzi\u0142 na premierze i gra\u0142. I to jak gra\u0142. Wiem, \u017ce to go te\u017c kosztowa\u0142o<\/p>\n<\/blockquote>\n<p><img decoding=\"async\" class=\"Image_image__0tuHp Image_autoHeight__f2n87 \" height=\"587\" width=\"390\" src=\"https:\/\/www.europesays.com\/pl\/wp-content\/uploads\/2025\/12\/_ahk9kpTURBXy8yODU0MDczZjM3ODM4MDg5N2IyOTBmZmJkNTY5YjRhYy5qcGeSlQLNA6wAwsOVAgDNAkvCw94AA6EwAaExAaEzw.jpeg\" alt=\"Piotr Machalica\" loading=\"lazy\" \/>MW Media<\/p>\n<p>Piotr Machalica<\/p>\n<p class=\"Paragraph_desktopParagraph__U31Gm\">Jednym z najbardziej przejmuj\u0105cych wspomnie\u0144 jest moment, w kt\u00f3rym Cezary \u017bak dowiedzia\u0142 si\u0119 o \u015bmierci Piotra Machalicy. \u2014 Potem przyszed\u0142 ten moment, ten smutny telefon p\u00f3\u017ano w nocy. I ta my\u015bl, \u017ce ju\u017c go nie ma. I \u017ce zawsze jest za wcze\u015bnie na takie wiadomo\u015bci. Aktor nie ukrywa\u0142 te\u017c gorzkiej refleksji zwi\u0105zanej z pandemi\u0105: &#8222;potem mia\u0142em jeszcze tak\u0105 refleksj\u0119, \u017ce sp\u00f3\u017ani\u0142 si\u0119 na szczepienie tylko dwa miesi\u0105ce&#8221;.<\/p>\n<p>Cezary \u017bak nie zapomnia\u0142 o swoim przyjacielu. Napisa\u0142 jedno zdanie, kt\u00f3re wyj\u0105tkowo porusza <\/p>\n<p class=\"Paragraph_desktopParagraph__U31Gm\">Tak\u017ce 14 grudnia 2025 r. Cezary \u017bak nie zapomnia\u0142 o Piotrze Machalicy. W relacji udost\u0119pnionej na Instagramie opublikowa\u0142 jego zdj\u0119cie i doda\u0142 kr\u00f3tkie, ale niezwykle wymowne zdanie, kt\u00f3re najlepiej oddaje t\u0119sknot\u0119 za przyjacielem: <\/p>\n<blockquote>\n<p class=\"Paragraph_desktopParagraph__U31Gm\">To ju\u017c pi\u0119\u0107 lat stoi jego puste krzes\u0142o w garderobie<\/p>\n<\/blockquote>\n<p><img decoding=\"async\" class=\"Image_image__0tuHp Image_autoHeight__f2n87 \" height=\"587\" width=\"323\" src=\"https:\/\/www.europesays.com\/pl\/wp-content\/uploads\/2025\/12\/beak9kpTURBXy8zYmQ4YTIwMTIxNWEzMTNhMTBhZmEwZWU3ZGVkOWY5ZC5wbmeSlQLNA6wAwsOVAgDNAkvCw94AA6EwAaExAaEzw.jpeg\" alt=\"Cezary \u017bak wspomina Piotra Machalic\u0119\" loading=\"lazy\" \/>instagram.com\/cezaryzak.official<\/p>\n<p>Cezary \u017bak wspomina Piotra Machalic\u0119<\/p>\n<p class=\"Paragraph_desktopParagraph__U31Gm\">Dzi\u0119kujemy, \u017ce przeczyta\u0142a\u015b\/e\u015b nasz artyku\u0142 do ko\u0144ca. W serwisie Plejada.pl ka\u017cdego dnia piszemy o najwa\u017cniejszych wydarzeniach show-biznesowych. B\u0105d\u017a na bie\u017c\u0105co! <a rel=\"nofollow noopener\" href=\"https:\/\/profile.google.com\/cp\/Cg0vZy8xMWJ6X19wdHBx\" id=\"30f9aa48-49df-4fa0-94a7-192c694c4140\" target=\"_blank\">Obserwuj<\/a> Plejad\u0119 w Google. Odwied\u017a nas tak\u017ce na <a rel=\"nofollow noopener\" href=\"https:\/\/www.facebook.com\/plejadapl\" id=\"769dd97e-4429-4a69-b6f6-df873e141fa8\" target=\"_blank\">Facebooku<\/a>, <a rel=\"nofollow noopener\" href=\"https:\/\/www.instagram.com\/plejadapl\/\" id=\"1e57c71b-2d28-4f74-a215-a4ed8f084159\" target=\"_blank\">Instagramie<\/a>, <a rel=\"nofollow noopener\" href=\"https:\/\/www.youtube.com\/c\/plejada\" id=\"b43ba91f-7b36-43a0-aacd-b87e69720534\" target=\"_blank\">YouTubie<\/a> oraz <a rel=\"nofollow noopener\" href=\"https:\/\/www.tiktok.com\/@plejada_pl\" id=\"e7d34835-49a7-40a9-b749-8157fa291979\" target=\"_blank\">TikToku<\/a>.<\/p>\n<p class=\"Paragraph_desktopParagraph__U31Gm\">Chcesz podzieli\u0107 si\u0119 ciekawym newsem lub zaproponowa\u0107 temat? Skontaktuj si\u0119 z nami, pisz\u0105c maila na adres: <a href=\"https:\/\/www.onet.pl\/styl-zycia\/plejada\/cezary-zak-mial-wyjatkowa-relacje-z-piotrem-machalica-poruszajace-slowa-w-rocznice\/mailto:plejada@redakcjaonet.pl\" id=\"e27e8527-6439-4de7-ad8d-8dbf1db2211d\" rel=\"nofollow noopener\" target=\"_blank\">plejada@redakcjaon<\/a><a rel=\"nofollow noopener\" href=\"http:\/\/et.pl\" id=\"8a787086-272a-444c-bbb8-93aa37fc6b38\" target=\"_blank\">et.pl<\/a>.<\/p>\n<p><script async src=\"\/\/www.instagram.com\/embed.js\"><\/script><script async src=\"\/\/www.tiktok.com\/embed.js\"><\/script><\/p>\n","protected":false},"excerpt":{"rendered":"Piotr Machalica zmar\u0142 14 grudnia 2020 r. w wieku 65 lat. W pi\u0105t\u0105 rocznic\u0119 \u015bmierci aktora, wracaj\u0105 s\u0142owa&hellip;\n","protected":false},"author":2,"featured_media":151653,"comment_status":"","ping_status":"","sticky":false,"template":"","format":"standard","meta":{"footnotes":""},"categories":[22],"tags":[8934,122,67,261,53,52,68,51,55,5694,42,38,40,39,41,123,47,65,50],"class_list":{"0":"post-151652","1":"post","2":"type-post","3":"status-publish","4":"format-standard","5":"has-post-thumbnail","7":"category-rozrywka","8":"tag-cezary_zak_aktor","9":"tag-entertainment","10":"tag-intextvideo_splayer","11":"tag-kultura","12":"tag-new_header","13":"tag-onet3","14":"tag-onet3d","15":"tag-onet3d_2i","16":"tag-phx","17":"tag-piotr_machalica","18":"tag-pl","19":"tag-poland","20":"tag-polish","21":"tag-polska","22":"tag-polski","23":"tag-rozrywka","24":"tag-screening_general","25":"tag-update_me","26":"tag-v2021"},"share_on_mastodon":{"url":"https:\/\/pubeurope.com\/@pl\/115722745884157148","error":""},"_links":{"self":[{"href":"https:\/\/www.europesays.com\/pl\/wp-json\/wp\/v2\/posts\/151652","targetHints":{"allow":["GET"]}}],"collection":[{"href":"https:\/\/www.europesays.com\/pl\/wp-json\/wp\/v2\/posts"}],"about":[{"href":"https:\/\/www.europesays.com\/pl\/wp-json\/wp\/v2\/types\/post"}],"author":[{"embeddable":true,"href":"https:\/\/www.europesays.com\/pl\/wp-json\/wp\/v2\/users\/2"}],"replies":[{"embeddable":true,"href":"https:\/\/www.europesays.com\/pl\/wp-json\/wp\/v2\/comments?post=151652"}],"version-history":[{"count":0,"href":"https:\/\/www.europesays.com\/pl\/wp-json\/wp\/v2\/posts\/151652\/revisions"}],"wp:featuredmedia":[{"embeddable":true,"href":"https:\/\/www.europesays.com\/pl\/wp-json\/wp\/v2\/media\/151653"}],"wp:attachment":[{"href":"https:\/\/www.europesays.com\/pl\/wp-json\/wp\/v2\/media?parent=151652"}],"wp:term":[{"taxonomy":"category","embeddable":true,"href":"https:\/\/www.europesays.com\/pl\/wp-json\/wp\/v2\/categories?post=151652"},{"taxonomy":"post_tag","embeddable":true,"href":"https:\/\/www.europesays.com\/pl\/wp-json\/wp\/v2\/tags?post=151652"}],"curies":[{"name":"wp","href":"https:\/\/api.w.org\/{rel}","templated":true}]}}