{"id":151656,"date":"2025-12-15T08:57:09","date_gmt":"2025-12-15T08:57:09","guid":{"rendered":"https:\/\/www.europesays.com\/pl\/151656\/"},"modified":"2025-12-15T08:57:09","modified_gmt":"2025-12-15T08:57:09","slug":"czechy-andrej-babisz-powolany-na-premiera-po-kilku-latach","status":"publish","type":"post","link":"https:\/\/www.europesays.com\/pl\/151656\/","title":{"rendered":"Czechy. Andrej Babisz powo\u0142any na premiera po kilku latach"},"content":{"rendered":"<p class=\"typography ids-typeset-body ids-typeset-body--preset-large link paragraph ids-paragraph ids-paragraph--default\">71-letni miliarder i za\u0142o\u017cyciel partii ANO Andrej Babisz zosta\u0142 premierem po raz drugi. Wcze\u015bniej pe\u0142ni\u0142 t\u0119 funkcj\u0119 w latach 2017-2021. Prezydent Petr Pavel mianowa\u0142 Babisza na szefa rz\u0105du w ubieg\u0142y wtorek.<\/p>\n<p class=\"typography ids-typeset-body ids-typeset-body--preset-large link paragraph ids-paragraph ids-paragraph--default\">W sk\u0142adzie gabinetu znalaz\u0142o si\u0119 15 ministr\u00f3w, z czego 13 to m\u0119\u017cczy\u017ani. Dziewi\u0119ciu ministr\u00f3w nale\u017cy do partii ANO, a trzech do partii Kierowcy dla Siebie, kt\u00f3rej lider Petr Macinka zostanie jednocze\u015bnie ministrem spraw zagranicznych i ministrem \u015brodowiska. Pozosta\u0142e trzy stanowiska obejm\u0105 niezale\u017cni eksperci wskazani przez parti\u0119 Wolno\u015b\u0107 i Demokracja Bezpo\u015brednia.<\/p>\n<p class=\"typography ids-typeset-body ids-typeset-body--preset-large link paragraph ids-paragraph ids-paragraph--default\">Prezydent zapowiada\u0142, \u017ce mianuje lidera ANO na premiera tylko je\u015bli poinformuje on jak zamierza po\u0142\u0105czy\u0107 funkcj\u0119 szefa rz\u0105du oraz prezesa grupy biznesowej Agrofert, w sk\u0142ad kt\u00f3rej wchodzi ponad 200 firm m.in. z bran\u017cy chemicznej, spo\u017cywczej czy rolniczej. Babisz zapowiedzia\u0142 wtedy, \u017ce przeniesie swoj\u0105 sp\u00f3\u0142k\u0119 do niezale\u017cnie zarz\u0105dzanej struktury powierniczej i nie b\u0119dzie jej w\u0142a\u015bcicielem, a po jego \u015bmierci firm\u0119 przejm\u0105 jego dzieci.<\/p>\n<p class=\"typography ids-typeset-body ids-typeset-body--preset-large link paragraph ids-paragraph ids-paragraph--default\">&#8222;Postanowi\u0142em nieodwracalnie zrezygnowa\u0107 z firmy Agrofert, z kt\u00f3r\u0105 nie b\u0119d\u0119 mia\u0142 nic wsp\u00f3lnego i nigdy wi\u0119cej nie b\u0119d\u0119 jej w\u0142a\u015bcicielem&#8221; &#8211; zapowiedzia\u0142.<\/p>\n<p>Andrej Babisz ponownie premierem. Stworzy rz\u0105d koalicyjny<\/p>\n<p class=\"typography ids-typeset-body ids-typeset-body--preset-large link paragraph ids-paragraph ids-paragraph--default\">ANO, kt\u00f3ra wygra\u0142a pa\u017adziernikowe wybory parlamentarne w Czechach stworzy\u0142a rz\u0105d koalicyjny ze skrajnie prawicow\u0105 i prorosyjsk\u0105 parti\u0105 Wolno\u015b\u0107 i Demokracja Bezpo\u015brednia (SPD) oraz ugrupowaniem Kierowcy dla Siebie, kt\u00f3re sprzeciwia si\u0119 przede wszystkim unijnej polityce klimatycznej.<\/p>\n<p class=\"typography ids-typeset-body ids-typeset-body--preset-large link paragraph ids-paragraph ids-paragraph--default\">Liderem SPD jest budz\u0105cy kontrowersje Tomio Okamura, kt\u00f3ry zosta\u0142 wybrany na przewodnicz\u0105cego Izby Poselskiej Parlamentu. Jedn\u0105 z pierwszych jego decyzji by\u0142o zdj\u0119cie z budynku parlamentu ukrai\u0144skiej flagi.<\/p>\n<p class=\"typography ids-typeset-body ids-typeset-body--preset-large link paragraph ids-paragraph ids-paragraph--default\">Partia Babisza pocz\u0105tkowo prezentowa\u0142a pogl\u0105dy centrowe i liberalne, jednak z czasem sta\u0142a si\u0119 bardziej konserwatywna. Symbolem zmiany pogl\u0105d\u00f3w mo\u017ce by\u0107 opuszczenie przez ANO liberalnej grupy Odnowi\u0107 Europ\u0119 w Parlamencie Europejskim i do\u0142\u0105czenie do Patriot\u00f3w za Europ\u0105 &#8211; grupy, do kt\u00f3rej nale\u017c\u0105 r\u00f3wnie\u017c europos\u0142owie Konfederacji czy w\u0119gierskiego Fideszu. Nowy premier zapowiedzia\u0142 m.in., \u017ce jego rz\u0105d podniesie emerytury i pensje, ograniczy pomoc wojskow\u0105 dla Ukrainy oraz b\u0119dzie sprzeciwia\u0142 si\u0119 unijnej polityce migracyjnej.<\/p>\n<p class=\"typography ids-typeset-body ids-typeset-body--preset-large link paragraph ids-paragraph ids-paragraph--default\">Wi\u0119cej informacji wkr\u00f3tce.\u00a0<\/p>\n<p>&#8222;Wydarzenia&#8221;: Wr\u00f3ci powszechny pob\u00f3r? Ministerstwo stawia spraw\u0119 jasnoPolsat News<\/p>\n<p><a class=\"ids-undecorated-link source ids-page-info--source__link\" href=\"https:\/\/www.interia.pl\" rel=\"nofollow noopener\" target=\"_blank\"><img decoding=\"async\" class=\"ids-image-holder__img\" loading=\"lazy\" alt=\"\" title=\"\" height=\"24px\" src=\"https:\/\/www.europesays.com\/pl\/wp-content\/uploads\/2025\/12\/1765749733_358_0009A60QQ5I2TYF7-C202-F4.webp.webp\"\/><\/a><\/p>\n<p>Masz sugestie, uwagi albo widzisz b\u0142\u0105d? Napisz do nas<\/p>\n","protected":false},"excerpt":{"rendered":"71-letni miliarder i za\u0142o\u017cyciel partii ANO Andrej Babisz zosta\u0142 premierem po raz drugi. Wcze\u015bniej pe\u0142ni\u0142 t\u0119 funkcj\u0119 w&hellip;\n","protected":false},"author":2,"featured_media":151657,"comment_status":"","ping_status":"","sticky":false,"template":"","format":"standard","meta":{"footnotes":""},"categories":[14],"tags":[32,33,27,34,35,28,31,25,40,41,80,29,30,26,82,83,84],"class_list":{"0":"post-151656","1":"post","2":"type-post","3":"status-publish","4":"format-standard","5":"has-post-thumbnail","7":"category-swiat","8":"tag-breaking-news","9":"tag-breakingnews","10":"tag-headlines","11":"tag-latest-news","12":"tag-latestnews","13":"tag-naglowki","14":"tag-najwazniejsze-artykuly","15":"tag-news","16":"tag-polish","17":"tag-polski","18":"tag-swiat","19":"tag-top-stories","20":"tag-topstories","21":"tag-wiadomosci","22":"tag-world","23":"tag-world-news","24":"tag-worldnews"},"share_on_mastodon":{"url":"https:\/\/pubeurope.com\/@pl\/115722757577107842","error":""},"_links":{"self":[{"href":"https:\/\/www.europesays.com\/pl\/wp-json\/wp\/v2\/posts\/151656","targetHints":{"allow":["GET"]}}],"collection":[{"href":"https:\/\/www.europesays.com\/pl\/wp-json\/wp\/v2\/posts"}],"about":[{"href":"https:\/\/www.europesays.com\/pl\/wp-json\/wp\/v2\/types\/post"}],"author":[{"embeddable":true,"href":"https:\/\/www.europesays.com\/pl\/wp-json\/wp\/v2\/users\/2"}],"replies":[{"embeddable":true,"href":"https:\/\/www.europesays.com\/pl\/wp-json\/wp\/v2\/comments?post=151656"}],"version-history":[{"count":0,"href":"https:\/\/www.europesays.com\/pl\/wp-json\/wp\/v2\/posts\/151656\/revisions"}],"wp:featuredmedia":[{"embeddable":true,"href":"https:\/\/www.europesays.com\/pl\/wp-json\/wp\/v2\/media\/151657"}],"wp:attachment":[{"href":"https:\/\/www.europesays.com\/pl\/wp-json\/wp\/v2\/media?parent=151656"}],"wp:term":[{"taxonomy":"category","embeddable":true,"href":"https:\/\/www.europesays.com\/pl\/wp-json\/wp\/v2\/categories?post=151656"},{"taxonomy":"post_tag","embeddable":true,"href":"https:\/\/www.europesays.com\/pl\/wp-json\/wp\/v2\/tags?post=151656"}],"curies":[{"name":"wp","href":"https:\/\/api.w.org\/{rel}","templated":true}]}}