{"id":151658,"date":"2025-12-15T08:58:11","date_gmt":"2025-12-15T08:58:11","guid":{"rendered":"https:\/\/www.europesays.com\/pl\/151658\/"},"modified":"2025-12-15T08:58:11","modified_gmt":"2025-12-15T08:58:11","slug":"dziadek-z-trzylatkiem-znikneli-na-kilka-godzin-szczesliwy-final","status":"publish","type":"post","link":"https:\/\/www.europesays.com\/pl\/151658\/","title":{"rendered":"Dziadek z trzylatkiem znikn\u0119li na kilka godzin. Szcz\u0119\u015bliwy fina\u0142"},"content":{"rendered":"<p class=\"Paragraph_desktopParagraph__U31Gm\">Kilka dni temu oficer dy\u017curny Komendy Rejonowej Policji na Bielanach otrzyma\u0142 zg\u0142oszenie o zagini\u0119ciu dziadka oraz jego trzyletniego wnuka. Z relacji rodziny wynika\u0142o, \u017ce m\u0119\u017cczyzna z zaawansowan\u0105 demencj\u0105 mia\u0142 poczeka\u0107 na \u017con\u0119, aby wsp\u00f3lnie wyj\u015b\u0107 na spacer, jednak samodzielnie opu\u015bci\u0142 mieszkanie. Po oko\u0142o dw\u00f3ch godzinach brak kontaktu wzbudzi\u0142 powa\u017cny niepok\u00f3j bliskich.<\/p>\n<p>Natychmiastowe dzia\u0142ania policjant\u00f3w <\/p>\n<p class=\"Paragraph_desktopParagraph__U31Gm\">Po otrzymaniu informacji o zagini\u0119ciu natychmiast og\u0142oszono alarm. Do poszukiwa\u0144 skierowano wszystkich dost\u0119pnych funkcjonariuszy, do akcji w\u0142\u0105czono r\u00f3wnie\u017c przewodnika z psem s\u0142u\u017cbowym. Policjanci na bie\u017c\u0105co analizowali zapisy monitoringu miejskiego, sprawdzaj\u0105c mo\u017cliwe trasy przemieszczania si\u0119 m\u0119\u017cczyzny z dzieckiem.<\/p>\n<ul class=\"OchatFollowUps_wrapper__1ry7X\">\n<li class=\"OchatFollowUps_item__Dhyly OchatFollowUps_itemDesktop__R6aBv\">Gdzie znikn\u0119li dziadek i wnuczek?<\/li>\n<li class=\"OchatFollowUps_item__Dhyly OchatFollowUps_itemDesktop__R6aBv\">Jak d\u0142ugo trwa\u0142y poszukiwania?<\/li>\n<li class=\"OchatFollowUps_item__Dhyly OchatFollowUps_itemDesktop__R6aBv\">Gdzie odnaleziono dziadka z wnuczkiem?<\/li>\n<li class=\"OchatFollowUps_item__Dhyly OchatFollowUps_itemDesktop__R6aBv\">Jak policjanci zaj\u0119li si\u0119 dzieckiem po odnalezieniu?<\/li>\n<\/ul>\n<p class=\"Paragraph_desktopParagraph__U31Gm\">Gdy zapada\u0142 ju\u017c zmrok, funkcjonariusze zauwa\u017cyli na jednej z kamer m\u0119\u017cczyzn\u0119 z ma\u0142ym dzieckiem. Policjanci niezw\u0142ocznie udali si\u0119 we wskazane miejsce i odnale\u017ali zaginionego dziadka wraz z wnuczkiem na przystanku autobusowym.<\/p>\n<p>Bezpiecze\u0144stwo dziecka priorytetem <\/p>\n<p class=\"Paragraph_desktopParagraph__U31Gm\">Do czasu przybycia rodzic\u00f3w trzylatkiem zaj\u0119li si\u0119 policjanci. Funkcjonariusze zadbali, aby ch\u0142opiec czu\u0142 si\u0119 bezpiecznie i spokojnie, a oczekiwanie na rodzin\u0119 nie by\u0142o dla niego stresuj\u0105ce.<\/p>\n<p class=\"Paragraph_desktopParagraph__U31Gm\">\u2014 Ka\u017cde zg\u0142oszenie zagini\u0119cia, zw\u0142aszcza dotycz\u0105ce ma\u0142ych dzieci, traktowane jest priorytetowo. W takich sytuacjach czas ma kluczowe znaczenie, dlatego policjanci dzia\u0142aj\u0105 szybko i z pe\u0142nym zaanga\u017cowaniem, aby zapewni\u0107 bezpiecze\u0144stwo osobom najbardziej nara\u017conym \u2014 podkre\u015bla podinspektor Elwira Koz\u0142owska.<\/p>\n","protected":false},"excerpt":{"rendered":"Kilka dni temu oficer dy\u017curny Komendy Rejonowej Policji na Bielanach otrzyma\u0142 zg\u0142oszenie o zagini\u0119ciu dziadka oraz jego trzyletniego&hellip;\n","protected":false},"author":2,"featured_media":151659,"comment_status":"","ping_status":"","sticky":false,"template":"","format":"standard","meta":{"footnotes":""},"categories":[12],"tags":[32,33,36,37,27,369,34,35,28,31,53,25,52,68,51,55,42,38,40,39,41,47,29,30,8908,50,26],"class_list":{"0":"post-151658","1":"post","2":"type-post","3":"status-publish","4":"format-standard","5":"has-post-thumbnail","7":"category-polska","8":"tag-breaking-news","9":"tag-breakingnews","10":"tag-featured-news","11":"tag-featurednews","12":"tag-headlines","13":"tag-kk","14":"tag-latest-news","15":"tag-latestnews","16":"tag-naglowki","17":"tag-najwazniejsze-artykuly","18":"tag-new_header","19":"tag-news","20":"tag-onet3","21":"tag-onet3d","22":"tag-onet3d_2i","23":"tag-phx","24":"tag-pl","25":"tag-poland","26":"tag-polish","27":"tag-polska","28":"tag-polski","29":"tag-screening_general","30":"tag-top-stories","31":"tag-topstories","32":"tag-tu_stolica","33":"tag-v2021","34":"tag-wiadomosci"},"share_on_mastodon":{"url":"https:\/\/pubeurope.com\/@pl\/115722761353410220","error":""},"_links":{"self":[{"href":"https:\/\/www.europesays.com\/pl\/wp-json\/wp\/v2\/posts\/151658","targetHints":{"allow":["GET"]}}],"collection":[{"href":"https:\/\/www.europesays.com\/pl\/wp-json\/wp\/v2\/posts"}],"about":[{"href":"https:\/\/www.europesays.com\/pl\/wp-json\/wp\/v2\/types\/post"}],"author":[{"embeddable":true,"href":"https:\/\/www.europesays.com\/pl\/wp-json\/wp\/v2\/users\/2"}],"replies":[{"embeddable":true,"href":"https:\/\/www.europesays.com\/pl\/wp-json\/wp\/v2\/comments?post=151658"}],"version-history":[{"count":0,"href":"https:\/\/www.europesays.com\/pl\/wp-json\/wp\/v2\/posts\/151658\/revisions"}],"wp:featuredmedia":[{"embeddable":true,"href":"https:\/\/www.europesays.com\/pl\/wp-json\/wp\/v2\/media\/151659"}],"wp:attachment":[{"href":"https:\/\/www.europesays.com\/pl\/wp-json\/wp\/v2\/media?parent=151658"}],"wp:term":[{"taxonomy":"category","embeddable":true,"href":"https:\/\/www.europesays.com\/pl\/wp-json\/wp\/v2\/categories?post=151658"},{"taxonomy":"post_tag","embeddable":true,"href":"https:\/\/www.europesays.com\/pl\/wp-json\/wp\/v2\/tags?post=151658"}],"curies":[{"name":"wp","href":"https:\/\/api.w.org\/{rel}","templated":true}]}}