{"id":151660,"date":"2025-12-15T08:59:14","date_gmt":"2025-12-15T08:59:14","guid":{"rendered":"https:\/\/www.europesays.com\/pl\/151660\/"},"modified":"2025-12-15T08:59:14","modified_gmt":"2025-12-15T08:59:14","slug":"nie-mozemy-pozwolic-sobie-na-naiwnosc","status":"publish","type":"post","link":"https:\/\/www.europesays.com\/pl\/151660\/","title":{"rendered":"nie mo\u017cemy pozwoli\u0107 sobie na naiwno\u015b\u0107"},"content":{"rendered":"<p><a href=\"https:\/\/wiadomosci.onet.pl\/swiat\/bialorus-uwalnia-123-wiezniow-politycznych-wsrod-nich-zdobywca-pokojowego-nobla\/478gey8\" id=\"ffac7793-61f1-40d9-9e5e-9ea8883a35b0\" rel=\"nofollow noopener\" target=\"_blank\">W sobot\u0119 bia\u0142oruskie w\u0142adze og\u0142osi\u0142y zwolnienie 123 wi\u0119\u017ani\u00f3w politycznych.<\/a> W grupie tej znale\u017ali si\u0119 m.in. obywatel Polski Roman Ga\u0142uza, opozycjonistka Maryja Kalesnikawa, niedosz\u0142y kandydat na prezydenta Bia\u0142orusi Wiktar Babaryka, dzia\u0142acz Centrum Obrony Praw Cz\u0142owieka &#8222;Wiasna&#8221; U\u0142ad\u017a \u0141abkowicz oraz laureat Pokojowej Nagrody Nobla Ale\u015b Bialacki. Wci\u0105\u017c jednak na wolno\u015b\u0107 nie wyszed\u0142 Andrzej Poczobut, dzia\u0142acz Zwi\u0105zku Polak\u00f3w na Bia\u0142orusi.<\/p>\n<p><img decoding=\"async\" src=\"https:\/\/www.europesays.com\/pl\/wp-content\/uploads\/2025\/12\/5TTk9lBaHR0cHM6Ly9vY2RuLmV1L3B1bHNjbXMvTURBXy9lZmEyYmExODRkODNkNjUzYjFjMTBlNWRmYmQ4MTcwMC5qcGeRlQLNB.jpeg\" height=\"595\" width=\"940\" alt=\"Ale\u015b Bialacki (w \u015brodku) przemawia do medi\u00f3w oraz swoich zwolennik\u00f3w przed ambasad\u0105 USA w Wilnie na Litwie (13 grudnia 2025 r.)\" loading=\"lazy\" class=\"ods-c-image__img ods-c-image__img--viewport-width\"\/><\/p>\n<p>Ale\u015b Bialacki (w \u015brodku) przemawia do medi\u00f3w oraz swoich zwolennik\u00f3w przed ambasad\u0105 USA w Wilnie na Litwie (13 grudnia 2025 r.)VALDA KALNINA \/ PAP<\/p>\n<p>Decyzja Mi\u0144ska o wypuszczeniu wi\u0119\u017ani\u00f3w politycznych z r\u00f3\u017cnych kraj\u00f3w jest wynikiem porozumienia zawartego ze Stanami Zjednoczonymi. W pi\u0105tek w bia\u0142oruskiej stolicy Aleksander \u0141ukaszenko spotka\u0142 si\u0119 z delegacj\u0105 kierowan\u0105 przez Johna Coale\u2019a, specjalnego wys\u0142annika prezydenta USA Donalda Trumpa.<\/p>\n<p>O zacie\u015bnienie relacji Waszyngtonu z Mi\u0144skiem pytam prof. Dariusza Kozerawskiego, pu\u0142kownika rezerwy, pracownika naukowego na Uniwersytecie Jagiello\u0144skim.<\/p>\n<p>\u2014 Amerykanie maj\u0105 \u015bwiadomo\u015b\u0107, \u017ce tego typu dzia\u0142ania ocieplaj\u0105 wizerunek \u0141ukaszenki \u2014 przypomn\u0119, wizerunek dyktatora, kt\u00f3ry udost\u0119pni\u0142 terytorium w\u0142asnego pa\u0144stwa mocarstwu, jakim jest Rosja, by przeprowadzi\u0142o inwazj\u0119 na suwerenn\u0105 i niepodleg\u0142\u0105 Ukrain\u0119. To fakt bezsporny \u2014 zaznacza rozm\u00f3wca Onetu.<\/p>\n<p class=\"ods-c-paragraph \">Prof. Kozerawski zaznacza, \u017ce &#8222;dzi\u015b widzimy, \u017ce administracja ameryka\u0144ska obra\u0142a inn\u0105 strategi\u0119 i stara si\u0119 nawi\u0105za\u0107 dialog, a nawet wsp\u00f3\u0142prac\u0119 z Federacj\u0105 Rosyjsk\u0105&#8221;. \u2014 Jednocze\u015bnie mamy pe\u0142n\u0105 \u015bwiadomo\u015b\u0107, \u017ce polityka zagraniczna Bia\u0142orusi pozostaje w du\u017cej mierze zale\u017cna od Kremla i Mi\u0144sk nie prowadzi samodzielnej polityki zagranicznej. Oczywi\u015bcie nie twierdz\u0119, \u017ce kwestia zwolnienia tych 123 os\u00f3b by\u0142a w pe\u0142ni uzgadniana z Moskw\u0105, ale jestem przekonany, \u017ce W\u0142adimir Putin zosta\u0142 wcze\u015bniej poinformowany o planowanych dzia\u0142aniach \u2014 podkre\u015bla.<\/p>\n<p>Dalszy ci\u0105g artyku\u0142u pod materia\u0142em wideo<\/p>\n<p class=\"ods-c-paragraph \">Ekspert akcentuje, \u017ce tego rodzaju gesty ocieplaj\u0105 zar\u00f3wno wizerunek samej Bia\u0142orusi, jak i ca\u0142ego bloku, kt\u00f3remu przewodzi Kreml. \u2014 W ko\u0144cu Mi\u0144sk prowadzi polityk\u0119 zbie\u017cn\u0105 z polityk\u0105 Putina \u2014 \u015bwiadcz\u0105 o tym cho\u0107by du\u017ce mi\u0119dzynarodowe \u0107wiczenia Zapad i wiele innych przedsi\u0119wzi\u0119\u0107. Podsumowuj\u0105c, mamy do czynienia z pr\u00f3b\u0105 poprawy wizerunku w oczach opinii publicznej, zw\u0142aszcza europejskiej \u2014 dodaje.<\/p>\n<p class=\"ods-c-paragraph \">Jako drugi aspekt, m\u00f3j rozm\u00f3wca wymienia kwestie stricte polityczne i gospodarcze. \u2014 Mi\u0144skowi zale\u017cy po prostu na z\u0142agodzeniu lub zniesieniu sankcji, kt\u00f3re wyj\u0105tkowo dotkliwie uderzaj\u0105 w bia\u0142orusk\u0105 gospodark\u0119. Sytuacja, zw\u0142aszcza w obszarze eksportu, jest tam daleka od po\u017c\u0105danej przez w\u0142adze pa\u0144stwa \u2014 podkre\u015bla.<\/p>\n<p class=\"ods-c-paragraph \">\u2014 Trzeci, niezwykle istotny element polityczny polega na tym, \u017ce \u0141ukaszenko po prostu pozbywa si\u0119 os\u00f3b dla siebie niewygodnych. Wi\u0119kszo\u015b\u0107 zatrzymanych, a nast\u0119pnie zwolnionych, to ludzie, kt\u00f3rzy w mniejszym lub wi\u0119kszym stopniu aktywnie wyst\u0119powali przeciwko jego autorytarnemu re\u017cimowi. Teraz gdy zostali zmuszeni do opuszczenia kraju, ich wp\u0142yw na sytuacj\u0119 wewn\u0119trzn\u0105 na Bia\u0142orusi b\u0119dzie znacz\u0105co ograniczony \u2014 zauwa\u017ca prof. Kozerawski.<\/p>\n<p>&#8222;Nie mo\u017cemy pozwoli\u0107 sobie na naiwno\u015b\u0107&#8221;<\/p>\n<p class=\"ods-c-paragraph \">Wyk\u0142adowca UJ wymienia jeszcze jedn\u0105 spraw\u0119. Chodzi o aspekt emocjonalny sobotnich wydarze\u0144. \u2014 To naprawd\u0119 dobrze, \u017ce kolejna grupa dzia\u0142aczy wychodzi na wolno\u015b\u0107. Z ludzkiego punktu widzenia mo\u017cemy si\u0119 z tego cieszy\u0107. Jednak mimo pozytywnych emocji nie mo\u017cemy pozwoli\u0107 sobie na naiwno\u015b\u0107. Tego typu dzia\u0142ania wpisuj\u0105 si\u0119 bowiem <a href=\"https:\/\/wiadomosci.onet.pl\/swiat\/usa-maja-nowa-strategie-bezpieczenstwa-piec-kluczowych-wnioskow\/559p73b\" id=\"f47904fb-b6fd-4326-9f8b-24e7aa5f5617\" rel=\"nofollow noopener\" target=\"_blank\">w now\u0105 strategi\u0119 bezpiecze\u0144stwa Stan\u00f3w Zjednoczonych<\/a>, kt\u00f3ra ma pokaza\u0107, \u017ce zar\u00f3wno Bia\u0142oru\u015b, jak i Federacja Rosyjska s\u0105 pa\u0144stwami otwartymi i gotowymi do dialogu. Jest to element \u015bwiadomego ocieplania ich wizerunku \u2014 argumentuje.<\/p>\n<p class=\"ods-c-paragraph \">Prof. Kozerawski przestrzega, \u017ce my, pa\u0144stwa wschodniej flanki oraz ca\u0142a Europa Zachodnia nie powinni\u015bmy temu ulega\u0107. \u2014 Oczywi\u015bcie powinni\u015bmy zabiega\u0107 o uwalnianie wi\u0119\u017ani\u00f3w politycznych, bo to le\u017cy w naszym interesie, ale jednocze\u015bnie nie mo\u017cemy da\u0107 si\u0119 zwie\u015b\u0107 narracji, kt\u00f3r\u0105 prezentuje dyplomacja ameryka\u0144ska, czy przede wszystkim bia\u0142oruska. Sam fakt zwolnienia wi\u0119\u017ani\u00f3w nie oznacza, \u017ce Bia\u0142oru\u015b staje si\u0119 bardziej demokratyczna, otwarta czy pluralistyczna. Nie \u015bwiadczy te\u017c o tym, by Federacja Rosyjska zmienia\u0142a swoj\u0105 polityk\u0119 wobec NATO, Polski czy ca\u0142ej wschodniej flanki Sojuszu \u2014 zaznacza ekspert.<\/p>\n<p>&#8222;Niewiele wi\u0119cej mo\u017cemy zrobi\u0107 na tym etapie&#8221;<\/p>\n<p class=\"ods-c-paragraph \">Pytam mojego rozm\u00f3wc\u0119, czy nasz kraj powinien zmieni\u0107 spos\u00f3b prowadzenia swojej polityki wzgl\u0119dem Mi\u0144ska. \u2014 Polska, moim zdaniem, prowadzi w tej kwestii bardzo sensown\u0105 i konsekwentn\u0105 polityk\u0119. Wspieramy demokratyczn\u0105 i niepodleg\u0142o\u015bciow\u0105 opozycj\u0119 bia\u0142orusk\u0105 \u2014 i robimy to w spos\u00f3b sta\u0142y oraz widoczny. Swiat\u0142ana Cichanouska planuje przenie\u015b\u0107 si\u0119 z Wilna do Warszawy; pojawiaj\u0105 si\u0119 takie doniesienia prasowe, zobaczymy, czy rzeczywi\u015bcie do tego dojdzie. Sam fakt, \u017ce rozwa\u017ca taki krok, \u015bwiadczy jednak o jej pozytywnym stosunku do dzia\u0142a\u0144, kt\u00f3re Polska podejmuje na rzecz opozycji bia\u0142oruskiej, zar\u00f3wno tych politycznych, jak i dyplomatycznych \u2014 wyja\u015bnia ekspert.<\/p>\n<p>   <img decoding=\"async\" src=\"https:\/\/www.europesays.com\/pl\/wp-content\/uploads\/2025\/12\/_-xk9lBaHR0cHM6Ly9vY2RuLmV1L3B1bHNjbXMvTURBXy85YTE1Nzk2OGE2OGM0ZjJlODJlNGRkOWIwOWY4OGE4My5qcGeSlQMAA.jpeg\" height=\"542\" width=\"940\" alt=\"Swiat\u0142ana Cichanouska przemawia do medi\u00f3w przed ambasad\u0105 USA w Wilnie na Litwie (13 grudnia 2025 r.)\" loading=\"lazy\" class=\"ods-c-image__img ods-c-image__img--viewport-width\"\/><\/p>\n<p>Swiat\u0142ana Cichanouska przemawia do medi\u00f3w przed ambasad\u0105 USA w Wilnie na Litwie (13 grudnia 2025 r.)VALDA KALNINA \/ PAP<\/p>\n<p class=\"ods-c-paragraph \">By\u0142y wojskowy podkre\u015bla, \u017ce Polska nie powinna w swojej polityce nic zmienia\u0107. \u2014 Uwa\u017cam, \u017ce niewiele wi\u0119cej mo\u017cemy zrobi\u0107 na tym etapie. Mo\u017cemy natomiast nadal wspiera\u0107 opozycj\u0119, otacza\u0107 opiek\u0105 rodziny dysydent\u00f3w, przyjmowa\u0107 \u2014 je\u015bli tylko b\u0119d\u0105 tego chcieli \u2014 osoby zwalniane z bia\u0142oruskich wi\u0119zie\u0144 i udziela\u0107 im potrzebnej pomocy \u2014 m\u00f3wi.<\/p>\n<p class=\"ods-c-paragraph \">\u2014 W naszym interesie jest to, aby Bia\u0142oru\u015b sta\u0142a si\u0119 w przysz\u0142o\u015bci demokratycznym, europejskim i niepodleg\u0142ym pa\u0144stwem. Taka perspektywa dzi\u015b wydaje si\u0119 odleg\u0142a, ale zobaczymy, jak sytuacja b\u0119dzie si\u0119 rozwija\u0107 \u2014 konkluduje prof. Dariusz Kozerawski.<\/p>\n<p class=\"ods-c-paragraph \">***<\/p>\n<p class=\"ods-c-paragraph \">*P\u0142k rez. prof. zw. dr hab. Dariusz Kozerawski \u2014 pracownik Katedry Bezpiecze\u0144stwa Narodowego Uniwersytetu Jagiello\u0144skiego. Pu\u0142kownik rezerwy Wojska Polskiego, by\u0142y rektor-komendant Akademii Obrony Narodowej, kierownik Katedry Strategii i Geostrategii, cz\u0142onek Bractwa Weteran\u00f3w w Polsce oraz Stowarzyszenia Kombatant\u00f3w Misji Pokojowych ONZ. Prowadzi\u0142 seminaria i wyk\u0142ady z zakresu strategii i bezpiecze\u0144stwa w Parlamencie Europejskim, Sztabie Wojskowym UE, NATO Defense College w Rzymie oraz Baltic Defense College w Tartu. <\/p>\n","protected":false},"excerpt":{"rendered":"W sobot\u0119 bia\u0142oruskie w\u0142adze og\u0142osi\u0142y zwolnienie 123 wi\u0119\u017ani\u00f3w politycznych. W grupie tej znale\u017ali si\u0119 m.in. obywatel Polski Roman&hellip;\n","protected":false},"author":2,"featured_media":151661,"comment_status":"","ping_status":"","sticky":false,"template":"","format":"standard","meta":{"footnotes":""},"categories":[5],"tags":[29945,1294,56,699,32,33,44,36,37,27,34,35,28,31,48,25,46,42,38,40,39,41,87,47,80,29,30,71,26],"class_list":{"0":"post-151660","1":"post","2":"type-post","3":"status-publish","4":"format-standard","5":"has-post-thumbnail","7":"category-naglowki","8":"tag-ales_bialacki","9":"tag-andrzej_poczobut","10":"tag-article_premium","11":"tag-bialorus","12":"tag-breaking-news","13":"tag-breakingnews","14":"tag-donald_trump","15":"tag-featured-news","16":"tag-featurednews","17":"tag-headlines","18":"tag-latest-news","19":"tag-latestnews","20":"tag-naglowki","21":"tag-najwazniejsze-artykuly","22":"tag-nat_styl","23":"tag-news","24":"tag-omp","25":"tag-pl","26":"tag-poland","27":"tag-polish","28":"tag-polska","29":"tag-polski","30":"tag-rosja","31":"tag-screening_general","32":"tag-swiat","33":"tag-top-stories","34":"tag-topstories","35":"tag-usa","36":"tag-wiadomosci"},"share_on_mastodon":{"url":"https:\/\/pubeurope.com\/@pl\/115722766102805091","error":""},"_links":{"self":[{"href":"https:\/\/www.europesays.com\/pl\/wp-json\/wp\/v2\/posts\/151660","targetHints":{"allow":["GET"]}}],"collection":[{"href":"https:\/\/www.europesays.com\/pl\/wp-json\/wp\/v2\/posts"}],"about":[{"href":"https:\/\/www.europesays.com\/pl\/wp-json\/wp\/v2\/types\/post"}],"author":[{"embeddable":true,"href":"https:\/\/www.europesays.com\/pl\/wp-json\/wp\/v2\/users\/2"}],"replies":[{"embeddable":true,"href":"https:\/\/www.europesays.com\/pl\/wp-json\/wp\/v2\/comments?post=151660"}],"version-history":[{"count":0,"href":"https:\/\/www.europesays.com\/pl\/wp-json\/wp\/v2\/posts\/151660\/revisions"}],"wp:featuredmedia":[{"embeddable":true,"href":"https:\/\/www.europesays.com\/pl\/wp-json\/wp\/v2\/media\/151661"}],"wp:attachment":[{"href":"https:\/\/www.europesays.com\/pl\/wp-json\/wp\/v2\/media?parent=151660"}],"wp:term":[{"taxonomy":"category","embeddable":true,"href":"https:\/\/www.europesays.com\/pl\/wp-json\/wp\/v2\/categories?post=151660"},{"taxonomy":"post_tag","embeddable":true,"href":"https:\/\/www.europesays.com\/pl\/wp-json\/wp\/v2\/tags?post=151660"}],"curies":[{"name":"wp","href":"https:\/\/api.w.org\/{rel}","templated":true}]}}