{"id":151664,"date":"2025-12-15T09:01:39","date_gmt":"2025-12-15T09:01:39","guid":{"rendered":"https:\/\/www.europesays.com\/pl\/151664\/"},"modified":"2025-12-15T09:01:39","modified_gmt":"2025-12-15T09:01:39","slug":"anna-maria-jopek-dla-synow-zrezygnowalaby-z-kariery-bez-nich-nie-byloby-mnie-2","status":"publish","type":"post","link":"https:\/\/www.europesays.com\/pl\/151664\/","title":{"rendered":"Anna Maria Jopek dla syn\u00f3w zrezygnowa\u0142aby z kariery. &#8222;Bez nich nie by\u0142oby mnie&#8221;"},"content":{"rendered":"<p class=\"ods-c-paragraph \"><a href=\"https:\/\/plejada.pl\/polscy-celebryci\/anna-maria-jopek-i-marcin-kydrynski-sa-razem-czy-osobno-tajemnicza-relacja\/rvzbmmw\" id=\"82a3de6c-5d29-4678-9216-ad1594422301\" rel=\"nofollow noopener\" target=\"_blank\">W ostatnich latach zwi\u0105zek Anny Marii Jopek i Marcin Kydry\u0144skiego uchodzi\u0142 za skomplikowany.<\/a> W mediach pojawia\u0142y si\u0119 pog\u0142oski o ich rozstaniu. \u017badne z nich jednak nie zabra\u0142o g\u0142osu w tej sprawie. Do czasu. Gwiazda w pa\u017adzierniku tego roku udzieli\u0142a wywiadu magazynowi &#8222;Tw\u00f3j styl&#8221;. <a href=\"https:\/\/plejada.pl\/newsy\/anna-maria-jopek-znow-jest-zakochana-spotkalam-mezczyzne-mojego-zycia\/1zm0gbs\" id=\"c575eed2-33b3-4e89-b388-f95efa2a3c2e\" rel=\"nofollow noopener\" target=\"_blank\">Ujawni\u0142a w nim, \u017ce zn\u00f3w jest zakochana.<\/a> Nie zdradzi\u0142a jednak to\u017csamo\u015bci nowego m\u0119\u017cczyzny w jej \u017cyciu.<\/p>\n<blockquote class=\"ods-o-quota\">\n<p class=\"ods-o-quota__paragraph\">\u017byj\u0119 naprawd\u0119, ale nie oszukuj\u0119 czasu. Jest dla mnie szcz\u0119\u015bliwy. Dzieci doros\u0142y, zosta\u0142am wyk\u0142adowczyni\u0105, gram koncerty i spotka\u0142am m\u0119\u017cczyzn\u0119 mojego \u017cycia. Fakt, \u017ce szuka\u0142am go prawie p\u00f3\u0142 wieku<\/p>\n<\/blockquote>\n<p class=\"ods-c-paragraph \">Anna Maria Jopek jest cenion\u0105 wokalistk\u0105 zar\u00f3wno w Polsce, jak i za granic\u0105. Zawsze jednak podkre\u015bla, \u017ce najwa\u017cniejsz\u0105 rol\u0105 jej \u017cycia jest bycie mam\u0105. Gwiazda ma dw\u00f3ch syn\u00f3w z <a href=\"https:\/\/plejada.pl\/newsy\/marcin-kydrynski-dorastal-w-domu-gwiazdorow-tata-dal-mi-lekcje-odchodzenia-ze-swiata\/vwtnvqf\" id=\"35309776-19bb-4090-95af-88a6f7b34b87\" rel=\"nofollow noopener\" target=\"_blank\">Marcinem Kydry\u0144skim<\/a>: 27-letniego Franciszka i 25-letniego Stanis\u0142awa.<\/p>\n<blockquote class=\"ods-o-quota\">\n<p class=\"ods-o-quota__paragraph\">Jak byli mali, bardzo niewiele gra\u0142am, g\u0142\u00f3wnie siedzia\u0142am w domu. Wielu rzeczy nie zrobi\u0142am tylko dlatego, \u017ceby z nimi by\u0107. (&#8230;) Nigdy nie mia\u0142am z tym problemu. Najbardziej na \u015bwiecie chcia\u0142am by\u0107 z moimi dzie\u0107mi<\/p>\n<\/blockquote>\n<p class=\"ods-c-paragraph \">\u2014 opowiada\u0142a na \u0142amach &#8222;Vivy!&#8221;.<\/p>\n<p>Dalszy ci\u0105g artyku\u0142u pod materia\u0142em wideo<\/p>\n<p> Jakie osi\u0105gni\u0119cia ma Anna Maria Jopek? <\/p>\n<p> Kiedy Anna Maria Jopek obchodzi urodziny? <\/p>\n<p> Ilu syn\u00f3w ma Anna Maria Jopek? <\/p>\n<p> Jakie instrumenty graj\u0105 synowie Anny Marii Jopek? <\/p>\n<p>  Anna Maria Jopek dla syn\u00f3w zrezygnowa\u0142aby z kariery. &#8222;Bez nich nie by\u0142oby mnie&#8221;<\/p>\n<p class=\"ods-c-paragraph \">Anna Maria Jopek urodzi\u0142a pierwszego syna, gdy mia\u0142a 28 lat. Od pi\u0119ciu miesi\u0119cy by\u0142a wtedy \u017con\u0105 Marcina Kydry\u0144skiego, kt\u00f3rego pozna\u0142a na warsztatach jazzowych dwa lata wcze\u015bniej. Przyj\u015bcie na \u015bwiat dziecka wywr\u00f3ci\u0142o ich \u017cycie do g\u00f3ry nogami. Dziennikarz ograniczy\u0142 w\u00f3wczas zagraniczne wyjazdy. Wokalistka za\u015b na pewien czas <a href=\"https:\/\/plejada.pl\/newsy\/anna-maria-jopek-niegdys-zniknela-z-show-biznesu-ujawnila-powody-tej-decyzji\/ekxv7jj\" id=\"92552167-4f2f-44e2-8cf0-1d3a6383fcac\" rel=\"nofollow noopener\" target=\"_blank\">zrezygnowa\u0142a z wyst\u0119p\u00f3w, aby skupi\u0107 si\u0119 rodzinie.<\/a><\/p>\n<blockquote class=\"ods-o-quota\">\n<p class=\"ods-o-quota__paragraph\">Gdyby [synowie] tego wymagali, w ka\u017cdej chwili by\u0142abym gotowa zrezygnowa\u0107 z koncert\u00f3w, wyjazd\u00f3w i \u015bpiewa\u0107 w moim pokoju albo tylko pod prysznicem<\/p>\n<\/blockquote>\n<p class=\"ods-c-paragraph \">\u2014 podkre\u015bli\u0142a w &#8222;Twoim stylu&#8221;.<\/p>\n<p class=\"ods-c-paragraph \">Synowie Anny Marii Jopek s\u0105 ju\u017c doro\u015bli, ale gwiazda i tak zawsze podkre\u015bla, \u017ce s\u0105 dla niej najwa\u017cniejsi. We wspomnianym wcze\u015bniej wywiadzie t\u0142umaczy\u0142a:<\/p>\n<blockquote class=\"ods-o-quota\">\n<p class=\"ods-o-quota__paragraph\">Bez nich nie by\u0142oby mnie wcale. Odlecia\u0142abym gdzie\u015b po drodze, to pewne. Dzieci to prawdziwe \u017cyciowe &#8222;uziemienie&#8221;, zaj\u0119cie od rana do wieczora, brak czasu na g\u0142upoty. Wszystko przy nich trzeba wywa\u017cy\u0107: liczb\u0119 wyjazd\u00f3w, p\u0142yty nagrywa\u0107 z rana, kiedy s\u0105 w szkole. Nie ma zbytnio czasu, \u017ceby zajmowa\u0107 si\u0119 tzw. karier\u0105<\/p>\n<\/blockquote>\n<p class=\"ods-c-paragraph \">&#8222;Dzieci mnie nie ogranicza\u0142y. Przeciwnie, uchroni\u0142y mnie od straty czasu i wiary w iluzj\u0119 sukcesu. Zamiast chodzi\u0107 na bankiety, sprawdza\u0142am lekcje&#8221; \u2014 doda\u0142a.<\/p>\n<p class=\"ods-c-paragraph \">Wokalistce uda\u0142o si\u0119 jednak po\u0142\u0105czy\u0107 nagrywanie p\u0142yt i trasy koncertowe z wychowaniem syn\u00f3w. Co wi\u0119cej, zar\u00f3wno Franciszek, jak i Stanis\u0142aw wybrali podobn\u0105 drog\u0119.<\/p>\n<p><img decoding=\"async\" src=\"https:\/\/www.europesays.com\/pl\/wp-content\/uploads\/2025\/12\/mZpk9lBaHR0cHM6Ly9vY2RuLmV1L3B1bHNjbXMvTURBXy8wM2UxODJjODBlZjdhNDc3MGUxZDlhYzNkMzg3NTU3MS5qcGeRlQLNA.jpeg\" height=\"529\" width=\"940\" alt=\"Anna Maria Jopek i Marcin Kydry\u0144ski\" loading=\"lazy\" class=\"ods-c-image__img ods-c-image__img--vertical\"\/><\/p>\n<p>Anna Maria Jopek i Marcin Kydry\u0144skiAndras Szilagyi \/ MW Media<\/p>\n<p class=\"ods-c-paragraph \">Franciszek Kydry\u0144ski i Stanis\u0142aw Kydry\u0144ski nie pokazuj\u0105 si\u0119 na imprezach bran\u017cowych u boku znanych rodzic\u00f3w. S\u0105 osobami prywatnymi i nie opowiadaj\u0105 o swoim \u017cyciu w kolorowej prasie. Wed\u0142ug doniesie\u0144 prasy jednak obaj uko\u0144czyli szko\u0142\u0119 muzyczn\u0105. Franciszek gra na wiolonczeli, a Stanis\u0142aw na klarnecie.<\/p>\n<blockquote class=\"ods-o-quota\">\n<p class=\"ods-o-quota__paragraph\">Poszli do tej samej szko\u0142y muzycznej, do kt\u00f3rej ja chodzi\u0142am przez 12 lat (&#8230;) Ch\u0142opcy w szkole rozrabiali, wi\u0119c dwie dekady sp\u0119dzi\u0142am na dywanikach dyrekcji szk\u00f3\u0142, do kt\u00f3rych z lubo\u015bci\u0105 nie chodzili<\/p>\n<\/blockquote>\n<p class=\"ods-c-paragraph \">\u2014 wspomina\u0142a Anna Maria Jopek w &#8222;Twoim stylu&#8221;.<\/p>\n<p class=\"ods-c-paragraph \">&#8222;W dniu ostatniego egzaminu maturalnego najm\u0142odszego syna posz\u0142am do monopolowego i mimo \u017ce nie pij\u0119, zrobi\u0142am wyj\u0105tek. Fakt, \u017ce teraz obaj studiuj\u0105, to najwi\u0119ksza rado\u015b\u0107. Nareszcie mog\u0119 wyjecha\u0107 z domu nawet na p\u00f3\u0142 roku i robi\u0107 niezwyk\u0142e projekty artystyczne&#8221; \u2014 opowiada\u0142a.<\/p>\n<p class=\"ods-c-paragraph \">Dla Anny Marii Jopek uko\u0144czenie szko\u0142y przez syn\u00f3w by\u0142o nowym rozdzia\u0142em w \u017cyciu. Gwiazda zacz\u0119\u0142a anga\u017cowa\u0107 si\u0119 w kolejne, tak\u017ce mi\u0119dzynarodowe projekty. 14 grudnia \u015bwi\u0119tuje 55. urodziny. Par\u0119 tygodni wcze\u015bniej zosta\u0142a wyr\u00f3\u017cniona srebrnym medalem &#8222;Zas\u0142u\u017cony Kulturze Gloria Artis&#8221;, przyznawanym przez Ministr\u0119 Kultury i Dziedzictwa Narodowego. Sporo wskazuje na to, \u017ce artystka nie ma zamiaru zwalnia\u0107 tempa.<\/p>\n<blockquote class=\"ods-o-quota\">\n<p class=\"ods-o-quota__paragraph\">Staro\u015b\u0107 jest brakiem woli \u017cycia. Niczym innym. \u017bywotno\u015b\u0107 to jedyna rzecz, kt\u00f3ra decyduje o wieku (&#8230;) Osi\u0105gn\u0119\u0142am wiek, w kt\u00f3rym mog\u0119 pomalowa\u0107 usta na czerwono. Czerwone usta s\u0105 dla kobiet, nie dziewczynek<\/p>\n<\/blockquote>\n<p class=\"ods-c-paragraph \">\u2014 podsumowa\u0142a w &#8222;Twoim stylu&#8221;.<\/p>\n<p><img decoding=\"async\" src=\"https:\/\/www.europesays.com\/pl\/wp-content\/uploads\/2025\/12\/WLtk9lBaHR0cHM6Ly9vY2RuLmV1L3B1bHNjbXMvTURBXy85NWYwNjgwYzM2OGI5ZjEyMzY2ZGYwYzcwMTIwM2MzYS5qcGeRlQLNA.jpeg\" height=\"529\" width=\"940\" alt=\"Anna Maria Jopek\" loading=\"lazy\" class=\"ods-c-image__img ods-c-image__img--vertical\"\/><\/p>\n<p>Anna Maria JopekPi\u0119tka Mieszko \/ AKPA<\/p>\n<p class=\"ods-c-paragraph \">Dzi\u0119kujemy, \u017ce przeczyta\u0142a\u015b\/e\u015b nasz artyku\u0142 do ko\u0144ca. W serwisie Plejada.pl ka\u017cdego dnia piszemy o najwa\u017cniejszych wydarzeniach show-biznesowych. B\u0105d\u017a na bie\u017c\u0105co! <a rel=\"nofollow noopener\" href=\"https:\/\/news.google.com\/publications\/CAAiEF0PeAlb7W1llpV_mwV2rL4qFAgKIhBdD3gJW-1tZZaVf5sFdqy-?hl=pl&amp;gl=PL&amp;ceid=PL%3Apl\" id=\"fe6bb377-ce0b-4fee-88ab-f9467f71eb7e\" target=\"_blank\">Obserwuj<\/a> Plejad\u0119 w Wiadomo\u015bciach Google. Odwied\u017a nas tak\u017ce na <a rel=\"nofollow noopener\" href=\"https:\/\/www.facebook.com\/plejadapl\" id=\"780698f0-fa81-48a4-8f83-cf696439f047\" target=\"_blank\">Facebooku<\/a>, <a rel=\"nofollow noopener\" href=\"https:\/\/www.instagram.com\/plejadapl\/\" id=\"4f3e37db-28d3-4599-80a7-30636c7d028e\" target=\"_blank\">Instagramie<\/a>, <a rel=\"nofollow noopener\" href=\"https:\/\/www.youtube.com\/c\/plejada\" id=\"0ce8bf70-8a1e-4c8b-97b0-aff6073c463e\" target=\"_blank\">YouTubie<\/a> oraz <a rel=\"nofollow noopener\" href=\"https:\/\/www.tiktok.com\/@plejada_pl\" id=\"30e19817-0c96-4c83-b3c7-baa61db98071\" target=\"_blank\">TikToku<\/a>.<\/p>\n<p class=\"ods-c-paragraph \">Chcesz podzieli\u0107 si\u0119 ciekawym newsem lub zaproponowa\u0107 temat? Skontaktuj si\u0119 z nami, pisz\u0105c maila na adres: <a rel=\"nofollow noopener\" href=\"https:\/\/plejada.pl\/polscy-celebryci\/anna-maria-jopek-dla-synow-zrezygnowalaby-z-kariery-bez-nich-nie-byloby-mnie\/mailto:plejada@redakcjaonet.pl\" id=\"0818fd00-8d11-4d99-bb06-0405521ecec7\" target=\"_blank\">plejada@redakcjaonet.<\/a><a rel=\"nofollow noopener\" href=\"https:\/\/plejada.pl\/polscy-celebryci\/anna-maria-jopek-dla-synow-zrezygnowalaby-z-kariery-bez-nich-nie-byloby-mnie\/mailto:pl.plejada@redakcjaonet.pl\" id=\"b29db3c1-c27d-46b5-b998-4a5f73d4d264\" target=\"_blank\">pl.<\/a><\/p>\n<p><script async src=\"\/\/www.instagram.com\/embed.js\"><\/script><script async src=\"\/\/www.tiktok.com\/embed.js\"><\/script><\/p>\n","protected":false},"excerpt":{"rendered":"W ostatnich latach zwi\u0105zek Anny Marii Jopek i Marcin Kydry\u0144skiego uchodzi\u0142 za skomplikowany. W mediach pojawia\u0142y si\u0119 pog\u0142oski&hellip;\n","protected":false},"author":2,"featured_media":151665,"comment_status":"","ping_status":"","sticky":false,"template":"","format":"standard","meta":{"footnotes":""},"categories":[22],"tags":[9729,2501,122,48,46,42,38,40,3111,39,41,25199,2724,123,47],"class_list":{"0":"post-151664","1":"post","2":"type-post","3":"status-publish","4":"format-standard","5":"has-post-thumbnail","7":"category-rozrywka","8":"tag-anna_maria_jopek","9":"tag-dzieci_gwiazd","10":"tag-entertainment","11":"tag-nat_styl","12":"tag-omp","13":"tag-pl","14":"tag-poland","15":"tag-polish","16":"tag-polscy_celebryci","17":"tag-polska","18":"tag-polski","19":"tag-rebrand_ai_tst1","20":"tag-rodzina_gwiazd","21":"tag-rozrywka","22":"tag-screening_general"},"share_on_mastodon":{"url":"https:\/\/pubeurope.com\/@pl\/115722773268190739","error":""},"_links":{"self":[{"href":"https:\/\/www.europesays.com\/pl\/wp-json\/wp\/v2\/posts\/151664","targetHints":{"allow":["GET"]}}],"collection":[{"href":"https:\/\/www.europesays.com\/pl\/wp-json\/wp\/v2\/posts"}],"about":[{"href":"https:\/\/www.europesays.com\/pl\/wp-json\/wp\/v2\/types\/post"}],"author":[{"embeddable":true,"href":"https:\/\/www.europesays.com\/pl\/wp-json\/wp\/v2\/users\/2"}],"replies":[{"embeddable":true,"href":"https:\/\/www.europesays.com\/pl\/wp-json\/wp\/v2\/comments?post=151664"}],"version-history":[{"count":0,"href":"https:\/\/www.europesays.com\/pl\/wp-json\/wp\/v2\/posts\/151664\/revisions"}],"wp:featuredmedia":[{"embeddable":true,"href":"https:\/\/www.europesays.com\/pl\/wp-json\/wp\/v2\/media\/151665"}],"wp:attachment":[{"href":"https:\/\/www.europesays.com\/pl\/wp-json\/wp\/v2\/media?parent=151664"}],"wp:term":[{"taxonomy":"category","embeddable":true,"href":"https:\/\/www.europesays.com\/pl\/wp-json\/wp\/v2\/categories?post=151664"},{"taxonomy":"post_tag","embeddable":true,"href":"https:\/\/www.europesays.com\/pl\/wp-json\/wp\/v2\/tags?post=151664"}],"curies":[{"name":"wp","href":"https:\/\/api.w.org\/{rel}","templated":true}]}}