{"id":15167,"date":"2025-09-25T11:39:08","date_gmt":"2025-09-25T11:39:08","guid":{"rendered":"https:\/\/www.europesays.com\/pl\/15167\/"},"modified":"2025-09-25T11:39:08","modified_gmt":"2025-09-25T11:39:08","slug":"prezes-trybunalu-konstytucyjnego-ostrzega-szefa-policji-chodzi-o-zbigniewa-ziobre","status":"publish","type":"post","link":"https:\/\/www.europesays.com\/pl\/15167\/","title":{"rendered":"Prezes Trybuna\u0142u Konstytucyjnego ostrzega szefa policji. Chodzi o Zbigniewa Ziobr\u0119"},"content":{"rendered":"<p class=\"Paragraph_desktopParagraph__U31Gm\">W zesz\u0142ym tygodniu S\u0105d Okr\u0119gowy w Warszawie <a href=\"https:\/\/wiadomosci.onet.pl\/kraj\/jest-zgoda-sadu-na-przymusowe-doprowadzenie-przed-komisje-zbigniewa-ziobry\/57qghnx\" id=\"103f1617-bd08-440a-b90a-85461816a842\" rel=\"nofollow noopener\" target=\"_blank\">zdecydowa\u0142 o zatrzymaniu i przymusowym doprowadzeniu by\u0142ego ministra sprawiedliwo\u015bci, obecnie pos\u0142a PiS Zbigniewa Ziobry<\/a> na posiedzenie sejmowej komisji \u015bledczej do spraw Pegasusa. Posiedzenie komisji, na kt\u00f3re Ziobr\u0119 ma doprowadzi\u0107 policja, zaplanowane jest na 29 wrze\u015bnia.<\/p>\n<p class=\"Paragraph_desktopParagraph__U31Gm\">\u2014 S\u0105d uzna\u0142, \u017ce te przes\u0142anki uporczywe niestawiennictwo, uporczywe uchylanie si\u0119 od z\u0142o\u017cenia zezna\u0144, kt\u00f3re stanowi\u0105 podstaw\u0119 do orzeczenia takiego \u015brodka, zosta\u0142y spe\u0142nione i w zwi\u0105zku z tym s\u0105d uwzgl\u0119dni\u0142 wniosek komisji \u2014 m\u00f3wi\u0142a w\u00f3wczas rzeczniczka prasowa do spraw karnych s\u0105du, s\u0119dzia Anna Ptaszek.<\/p>\n<p class=\"VideoPlayerText_videoPlayerText__iDwyz\">Dalszy ci\u0105g materia\u0142u pod wideo<\/p>\n<ul class=\"OchatFollowUps_wrapper__1ry7X\">\n<li class=\"OchatFollowUps_item__Dhyly OchatFollowUps_itemDesktop__R6aBv\">Jakie s\u0105 konsekwencje zatrzymania Zbigniewa Ziobry?<\/li>\n<li class=\"OchatFollowUps_item__Dhyly OchatFollowUps_itemDesktop__R6aBv\">Kiedy zaplanowane jest posiedzenie komisji \u015bledczej?<\/li>\n<li class=\"OchatFollowUps_item__Dhyly OchatFollowUps_itemDesktop__R6aBv\">Co wskazuje postanowienie tymczasowe TK z 8 sierpnia?<\/li>\n<li class=\"OchatFollowUps_item__Dhyly OchatFollowUps_itemDesktop__R6aBv\">Jakie s\u0105 argumenty s\u0105du okr\u0119gowego w sprawie zatrzymania Ziobry?<\/li>\n<\/ul>\n<p class=\"Paragraph_desktopParagraph__U31Gm\">Bogdan \u015awi\u0119czkowski w li\u015bcie skierowanym do szefa Policji i zamieszczonym w czwartek na stronie TK podkre\u015bli\u0142: &#8222;Przypominam panu komendantowi, \u017ce (&#8230;) policjant obowi\u0105zany jest odm\u00f3wi\u0107 wykonania rozkazu lub polecenia prze\u0142o\u017conego, a tak\u017ce polecenia prokuratora, organu administracji pa\u0144stwowej lub samorz\u0105du terytorialnego, je\u015bli wykonanie rozkazu lub polecenia \u0142\u0105czy\u0142oby si\u0119 z pope\u0142nieniem przest\u0119pstwa&#8221;.<\/p>\n<p class=\"Paragraph_desktopParagraph__U31Gm\">Wskaza\u0142 te\u017c na postanowienie tymczasowe TK z 8 sierpnia, w kt\u00f3rym Trybuna\u0142 zakaza\u0142 m.in. wydawania w przysz\u0142o\u015bci wobec skar\u017c\u0105cego Zbigniewa Ziobry orzecze\u0144 o pozbawieniu wolno\u015bci, w tym o zatrzymaniu przez S\u0105d Okr\u0119gowy w Warszawie i S\u0105d Apelacyjny w Warszawie na wniosek komisji \u015bledczej. W postanowieniu chodzi\u0142o o to, aby wstrzymano dzia\u0142ania wobec Ziobry do czasu wykonania wyroku TK z 10 wrze\u015bnia 2024 r., w kt\u00f3rym uznano powo\u0142anie komisji do spraw Pegasusa za niekonstytucyjne. Postanowienie to TK wyda\u0142 w zwi\u0105zku ze skarg\u0105 konstytucyjn\u0105 Ziobry dotycz\u0105c\u0105 komisji.<\/p>\n<p class=\"Paragraph_desktopParagraph__U31Gm\">S\u0119dzia Ptaszek w zesz\u0142ym tygodniu m\u00f3wi\u0142a, \u017ce s\u0105d okr\u0119gowy wydaj\u0105c decyzj\u0119 o zatrzymaniu i przymusowym doprowadzeniu Ziobry nie podzieli\u0142 tej argumentacji, wskazuj\u0105c, \u017ce Trybuna\u0142 nie ma kompetencji do ingerowania w decyzje s\u0105d\u00f3w powszechnych i nie stanowi &#8222;supers\u0105du&#8221;. \u2014 S\u0105d uzna\u0142, \u017ce postanowienie TK nie ma skutk\u00f3w prawnych i nie wi\u0105\u017ce s\u0105d\u00f3w wbrew temu, co pan Ziobro uwa\u017ca \u2014 zaznacza\u0142a s\u0119dzia.<\/p>\n<p class=\"Paragraph_desktopParagraph__U31Gm\">W li\u015bcie do komendanta Boronia prezes \u015awi\u0119czkowski podkre\u015bli\u0142, \u017ce &#8222;ewentualne wykonanie przez funkcjonariuszy Policji postanowienia S\u0105du Okr\u0119gowego w Warszawie o zatrzymaniu i przymusowym doprowadzeniu \u015bwiadka Zbigniewa Ziobry na posiedzenie tzw. komisji \u015bledczej ds. Pegasusa b\u0119dzie stanowi\u0142o dzia\u0142anie bezprawne mog\u0105ce rodzi\u0107 odpowiedzialno\u015b\u0107 prawn\u0105 \u2014 w tym tak\u017ce karn\u0105 \u2014 tych\u017ce funkcjonariuszy&#8221;.<\/p>\n","protected":false},"excerpt":{"rendered":"W zesz\u0142ym tygodniu S\u0105d Okr\u0119gowy w Warszawie zdecydowa\u0142 o zatrzymaniu i przymusowym doprowadzeniu by\u0142ego ministra sprawiedliwo\u015bci, obecnie pos\u0142a&hellip;\n","protected":false},"author":2,"featured_media":15168,"comment_status":"","ping_status":"","sticky":false,"template":"","format":"standard","meta":{"footnotes":""},"categories":[5],"tags":[4718,32,33,36,37,197,27,67,5506,34,35,28,31,53,25,52,68,51,5505,55,42,38,414,40,39,41,984,198,47,4717,29,30,65,50,26,4070],"class_list":{"0":"post-15167","1":"post","2":"type-post","3":"status-publish","4":"format-standard","5":"has-post-thumbnail","7":"category-naglowki","8":"tag-bogdan_swieczkowski","9":"tag-breaking-news","10":"tag-breakingnews","11":"tag-featured-news","12":"tag-featurednews","13":"tag-glowna_bb_prg_tst1","14":"tag-headlines","15":"tag-intextvideo_splayer","16":"tag-komisja_sledcza","17":"tag-latest-news","18":"tag-latestnews","19":"tag-naglowki","20":"tag-najwazniejsze-artykuly","21":"tag-new_header","22":"tag-news","23":"tag-onet3","24":"tag-onet3d","25":"tag-onet3d_2i","26":"tag-pegasus_oprogramowanie_podsluchowe_komisja_sledcza","27":"tag-phx","28":"tag-pl","29":"tag-poland","30":"tag-policja","31":"tag-polish","32":"tag-polska","33":"tag-polski","34":"tag-prawo_sady_sedziowie_sedzia_sad_sadownictwo_prawnik_prawnicy_prawniczka","35":"tag-rewardedp_tst1","36":"tag-screening_general","37":"tag-tk_trybunal_konstytucyjny","38":"tag-top-stories","39":"tag-topstories","40":"tag-update_me","41":"tag-v2021","42":"tag-wiadomosci","43":"tag-zbigniew_ziobro_polityk"},"share_on_mastodon":{"url":"","error":""},"_links":{"self":[{"href":"https:\/\/www.europesays.com\/pl\/wp-json\/wp\/v2\/posts\/15167","targetHints":{"allow":["GET"]}}],"collection":[{"href":"https:\/\/www.europesays.com\/pl\/wp-json\/wp\/v2\/posts"}],"about":[{"href":"https:\/\/www.europesays.com\/pl\/wp-json\/wp\/v2\/types\/post"}],"author":[{"embeddable":true,"href":"https:\/\/www.europesays.com\/pl\/wp-json\/wp\/v2\/users\/2"}],"replies":[{"embeddable":true,"href":"https:\/\/www.europesays.com\/pl\/wp-json\/wp\/v2\/comments?post=15167"}],"version-history":[{"count":0,"href":"https:\/\/www.europesays.com\/pl\/wp-json\/wp\/v2\/posts\/15167\/revisions"}],"wp:featuredmedia":[{"embeddable":true,"href":"https:\/\/www.europesays.com\/pl\/wp-json\/wp\/v2\/media\/15168"}],"wp:attachment":[{"href":"https:\/\/www.europesays.com\/pl\/wp-json\/wp\/v2\/media?parent=15167"}],"wp:term":[{"taxonomy":"category","embeddable":true,"href":"https:\/\/www.europesays.com\/pl\/wp-json\/wp\/v2\/categories?post=15167"},{"taxonomy":"post_tag","embeddable":true,"href":"https:\/\/www.europesays.com\/pl\/wp-json\/wp\/v2\/tags?post=15167"}],"curies":[{"name":"wp","href":"https:\/\/api.w.org\/{rel}","templated":true}]}}