{"id":151670,"date":"2025-12-15T09:04:16","date_gmt":"2025-12-15T09:04:16","guid":{"rendered":"https:\/\/www.europesays.com\/pl\/151670\/"},"modified":"2025-12-15T09:04:16","modified_gmt":"2025-12-15T09:04:16","slug":"pilnie-szukaja-pracownikow-oferuja-nawet-4-tys-euro-netto-miesiecznie","status":"publish","type":"post","link":"https:\/\/www.europesays.com\/pl\/151670\/","title":{"rendered":"Pilnie szukaj\u0105 pracownik\u00f3w. Oferuj\u0105 nawet 4 tys. euro netto miesi\u0119cznie"},"content":{"rendered":"<p class=\"ods-c-paragraph \">Niemcy s\u0105 krajem w Unii Europejskiej z najwi\u0119ksz\u0105 liczb\u0105 polskich obywateli. Wed\u0142ug danych niemieckiego Ministerstwa Spraw Zagranicznych, w 2024 r. mieszka\u0142o tam oko\u0142o 880 tys. os\u00f3b posiadaj\u0105cych polskie obywatelstwo, a \u0142\u0105cznie 2,2 mln os\u00f3b mia\u0142o polskie korzenie. Jak wynika z raportu Personnel Service z maja 2024 r., to w\u0142a\u015bnie Niemcy pozostaj\u0105 g\u0142\u00f3wnym kierunkiem zarobkowych wyjazd\u00f3w Polak\u00f3w, szczeg\u00f3lnie w przypadku prac sezonowych.<\/p>\n<p>Dalszy ci\u0105g artyku\u0142u pod materia\u0142em wideo<\/p>\n<p> Jakie s\u0105 warunki pracy przy pakowaniu sera w Niemczech? <\/p>\n<p> Ile mo\u017cna zarobi\u0107 przy zbiorach truskawek? <\/p>\n<p> Czy wymagane jest do\u015bwiadczenie do pracy w magazynie spo\u017cywczym? <\/p>\n<p> Czy oferta pracy w Berlinie jest dost\u0119pna dla os\u00f3b bez znajomo\u015bci niemieckiego? <\/p>\n<p class=\"ods-c-paragraph \">W sieci pojawia si\u0119 sporo og\u0142osze\u0144, dlatego postanowili\u015bmy sprawdzi\u0107, jakie faktycznie warunki pracy oferuj\u0105 tamtejsi pracodawcy. Przyjrzeli\u015bmy si\u0119 najnowszym ofertom, by oceni\u0107, na co mog\u0105 liczy\u0107 osoby planuj\u0105ce wyjazd za zachodni\u0105 granic\u0119.<\/p>\n<p>   Niemcy szukaj\u0105 pracownik\u00f3w<\/p>\n<p class=\"ods-c-paragraph \">Pierwsza oferta, kt\u00f3ra wpad\u0142a nam w oko, to propozycja dla par w miejscowo\u015bci Meeder w Bawarii, dotycz\u0105ca pakowania sera. Zatrudnienie dost\u0119pne jest od zaraz, a dodatkowym atutem jest bezp\u0142atne zakwaterowanie na miejscu.<\/p>\n<p class=\"ods-c-paragraph \">Wynagrodzenie wynosi 14,53 euro brutto za godzin\u0119. Obowi\u0105zuje niemiecka umowa z pe\u0142nym ubezpieczeniem zdrowotnym i pakietem socjalnym, p\u0142atnymi nadgodzinami, p\u0142atnym wolnym w dni \u015bwi\u0105teczne oraz premiami p\u00f3\u0142rocznymi.<\/p>\n<p class=\"ods-c-paragraph \">Do obowi\u0105zk\u00f3w pracownik\u00f3w nale\u017cy pakowanie gotowych wyrob\u00f3w serowych, ich wa\u017cenie i kontrola jako\u015bci, praca przy linii produkcyjnej, naklejanie etykiet, utrzymywanie porz\u0105dku na stanowisku pracy oraz wykonywanie innych czynno\u015bci produkcyjnych zgodnie z potrzebami zak\u0142adu.<\/p>\n<p class=\"ods-c-paragraph \">Oczekuje si\u0119 gotowo\u015bci do pracy w systemie zmianowym, dobrej sprawno\u015bci fizycznej, umiej\u0119tno\u015bci pracy w zespole oraz sumienno\u015bci, a tak\u017ce posiadania prawa jazdy kat. B. Do\u015bwiadczenie w pracy produkcyjnej b\u0119dzie dodatkowym atutem, ale nie jest wymagane.<\/p>\n<p class=\"ods-c-paragraph \">Kolejna oferta to praca przy pakowaniu czekoladek w Berlinie. Jest skierowana zar\u00f3wno do os\u00f3b indywidualnych, jak i do par.<\/p>\n<p class=\"ods-c-paragraph \">Jak podkre\u015blono w og\u0142oszeniu, do zada\u0144 na tym stanowisku nale\u017cy r\u0119czne oraz ta\u015bmowe pakowanie czekoladek w estetyczne opakowania, staranne rozmieszczanie wyrob\u00f3w w pude\u0142kach, a tak\u017ce wykonywanie prostych prac wspieraj\u0105cych funkcjonowanie linii produkcyjnej.<\/p>\n<p class=\"ods-c-paragraph \">Co oferuje pracodawca? Umow\u0119 o prac\u0119 zgodn\u0105 z niemieckim prawem, obowi\u0105zuj\u0105c\u0105 od pierwszego dnia zatrudnienia. Wynagrodzenie wynosz\u0105ce oko\u0142o 12,82\u201313,90 euro brutto za godzin\u0119. Dodatkowo przewidziano dodatki za prac\u0119 zmianow\u0105 oraz premie uzale\u017cnione od wydajno\u015bci.<\/p>\n<p class=\"ods-c-paragraph \">Pracodawca zapewnia tak\u017ce bezp\u0142atne zakwaterowanie w pokojach pracowniczych, co pozwala znacz\u0105co obni\u017cy\u0107 koszty wyjazdu. Warto podkre\u015bli\u0107, \u017ce oferta skierowana jest tak\u017ce do os\u00f3b bez znajomo\u015bci j\u0119zyka niemieckiego oraz bez wcze\u015bniejszego do\u015bwiadczenia zawodowego.<\/p>\n<p class=\"ods-c-paragraph \">Tym razem mamy ofert\u0119 zatrudnienia na magazynie spo\u017cywczym we Frankfurcie nad Menem. Pracodawca zapewnia legaln\u0105 niemieck\u0105 umow\u0119, pe\u0142ne \u015bwiadczenia socjalne oraz mo\u017cliwo\u015b\u0107 rozpocz\u0119cia pracy od zaraz.<\/p>\n<p class=\"ods-c-paragraph \">Co ciekawe, pracodawca nie wymaga do\u015bwiadczenia zawodowego. Gwarantuje bezp\u0142atne zakwaterowanie oraz codzienny transport do pracy. Kandydaci mog\u0105 liczy\u0107 tak\u017ce na pomoc polskoj\u0119zycznych koordynator\u00f3w, co znacznie u\u0142atwia start w nowym miejscu. Wynagrodzenie wynosi od 2 tys. do 3 tys. euro netto miesi\u0119cznie.<\/p>\n<p class=\"ods-c-paragraph \">Pracodawca podkre\u015bla, \u017ce priorytetem s\u0105 gotowo\u015b\u0107 do pracy zmianowej, sumienno\u015b\u0107 oraz ch\u0119\u0107 nauki.<\/p>\n<p class=\"ods-c-paragraph \">Z kolei w Henstedt-Ulzburg, miejscowo\u015bci po\u0142o\u017conej niedaleko Hamburga, poszukiwani s\u0105 pracownicy magazynu s\u0142odyczy. Oferta skierowana jest do os\u00f3b, kt\u00f3re chc\u0105 rozpocz\u0105\u0107 prac\u0119 &#8222;od zaraz&#8221; i nie znaj\u0105 j\u0119zyka niemieckiego.<\/p>\n<p class=\"ods-c-paragraph \">Do g\u0142\u00f3wnych obowi\u0105zk\u00f3w nale\u017cy kompletowanie zam\u00f3wie\u0144 na podstawie danych wy\u015bwietlanych na tablecie, pobieranie produkt\u00f3w z konkretnych lokalizacji magazynowych, uk\u0142adanie towaru na w\u00f3zkach oraz przekazywanie gotowych paczek do dzia\u0142u pakowania. Pracownik dba tak\u017ce o porz\u0105dek na stanowisku pracy.<\/p>\n<p class=\"ods-c-paragraph \">System pracy obejmuje dwie zmiany: 6.00\u201314.00 oraz 14.00\u201322.00, z mo\u017cliwo\u015bci\u0105 pracy sze\u015b\u0107 dni w tygodniu na zmianie porannej.<\/p>\n<p class=\"ods-c-paragraph \">Warunki finansowe prezentuj\u0105 si\u0119 zach\u0119caj\u0105co \u2014 miesi\u0119czne wynagrodzenie netto zaczyna si\u0119 od 1730 euro. Pracodawca zapewnia odzie\u017c robocz\u0105 oraz obuwie ochronne. Dost\u0119pne jest tak\u017ce zakwaterowanie w pe\u0142ni wyposa\u017conych mieszkaniach w cenie oko\u0142o 320 euro miesi\u0119cznie. Oferta przewiduje mo\u017cliwo\u015b\u0107 podpisania umowy zar\u00f3wno na warunkach polskich, jak i niemieckich. Jedynym dodatkowym wymogiem, kt\u00f3ry mo\u017ce okaza\u0107 si\u0119 istotny, jest posiadanie w\u0142asnego samochodu \u2014 wczesne godziny rozpocz\u0119cia pracy sprawiaj\u0105, \u017ce transport publiczny jest ograniczony.<\/p>\n<p class=\"ods-c-paragraph \">Jedna z ofert dotyczy zbior\u00f3w truskawek w miejscowo\u015bci R\u00f6vershagen, w okolicach Rostocku. Rekrutacja trwa ju\u017c teraz, cho\u0107 praca rozpocznie si\u0119 dopiero w maju 2026 r.<\/p>\n<p class=\"ods-c-paragraph \">Pracodawca zapewnia legaln\u0105 umow\u0119 sezonow\u0105 do 90 dni. Zarobki wynosz\u0105 od 2,5 tys. do 4 tys. euro netto miesi\u0119cznie, w zale\u017cno\u015bci od tempa pracy i wykonywanych zada\u0144.<\/p>\n<p class=\"ods-c-paragraph \">Zapewnione jest r\u00f3wnie\u017c zakwaterowanie w cenie oko\u0142o 15 euro za dob\u0119. W cen\u0119 wliczone s\u0105 udogodnienia takie jak codzienny ciep\u0142y posi\u0142ek dowo\u017cony bezpo\u015brednio na pole, dost\u0119p do Wi-Fi, pralek, wypo\u017cyczenie odzie\u017cy przeciwdeszczowej oraz ubezpieczenie na wypadek nag\u0142ych sytuacji medycznych. W pobli\u017cu znajduj\u0105 si\u0119 tak\u017ce markety, co znacznie u\u0142atwia \u017cycie podczas d\u0142u\u017cszego pobytu.<\/p>\n<p class=\"ods-c-paragraph \">Co wa\u017cne, nie musisz zna\u0107 j\u0119zyka niemieckiego.<\/p>\n","protected":false},"excerpt":{"rendered":"Niemcy s\u0105 krajem w Unii Europejskiej z najwi\u0119ksz\u0105 liczb\u0105 polskich obywateli. Wed\u0142ug danych niemieckiego Ministerstwa Spraw Zagranicznych, w&hellip;\n","protected":false},"author":2,"featured_media":151671,"comment_status":"","ping_status":"","sticky":false,"template":"","format":"standard","meta":{"footnotes":""},"categories":[14],"tags":[210,32,33,27,34,35,28,31,48,25,295,46,40,41,1756,47,80,29,30,26,82,83,84],"class_list":{"0":"post-151670","1":"post","2":"type-post","3":"status-publish","4":"format-standard","5":"has-post-thumbnail","7":"category-swiat","8":"tag-aktualnosci","9":"tag-breaking-news","10":"tag-breakingnews","11":"tag-headlines","12":"tag-latest-news","13":"tag-latestnews","14":"tag-naglowki","15":"tag-najwazniejsze-artykuly","16":"tag-nat_styl","17":"tag-news","18":"tag-niemcy","19":"tag-omp","20":"tag-polish","21":"tag-polski","22":"tag-praca","23":"tag-screening_general","24":"tag-swiat","25":"tag-top-stories","26":"tag-topstories","27":"tag-wiadomosci","28":"tag-world","29":"tag-world-news","30":"tag-worldnews"},"share_on_mastodon":{"url":"https:\/\/pubeurope.com\/@pl\/115722784950347283","error":""},"_links":{"self":[{"href":"https:\/\/www.europesays.com\/pl\/wp-json\/wp\/v2\/posts\/151670","targetHints":{"allow":["GET"]}}],"collection":[{"href":"https:\/\/www.europesays.com\/pl\/wp-json\/wp\/v2\/posts"}],"about":[{"href":"https:\/\/www.europesays.com\/pl\/wp-json\/wp\/v2\/types\/post"}],"author":[{"embeddable":true,"href":"https:\/\/www.europesays.com\/pl\/wp-json\/wp\/v2\/users\/2"}],"replies":[{"embeddable":true,"href":"https:\/\/www.europesays.com\/pl\/wp-json\/wp\/v2\/comments?post=151670"}],"version-history":[{"count":0,"href":"https:\/\/www.europesays.com\/pl\/wp-json\/wp\/v2\/posts\/151670\/revisions"}],"wp:featuredmedia":[{"embeddable":true,"href":"https:\/\/www.europesays.com\/pl\/wp-json\/wp\/v2\/media\/151671"}],"wp:attachment":[{"href":"https:\/\/www.europesays.com\/pl\/wp-json\/wp\/v2\/media?parent=151670"}],"wp:term":[{"taxonomy":"category","embeddable":true,"href":"https:\/\/www.europesays.com\/pl\/wp-json\/wp\/v2\/categories?post=151670"},{"taxonomy":"post_tag","embeddable":true,"href":"https:\/\/www.europesays.com\/pl\/wp-json\/wp\/v2\/tags?post=151670"}],"curies":[{"name":"wp","href":"https:\/\/api.w.org\/{rel}","templated":true}]}}