{"id":151674,"date":"2025-12-15T09:07:09","date_gmt":"2025-12-15T09:07:09","guid":{"rendered":"https:\/\/www.europesays.com\/pl\/151674\/"},"modified":"2025-12-15T09:07:09","modified_gmt":"2025-12-15T09:07:09","slug":"legia-warszawa-runela-oto-winni-marek-papszun-jest-na-nich-skazany","status":"publish","type":"post","link":"https:\/\/www.europesays.com\/pl\/151674\/","title":{"rendered":"Legia Warszawa run\u0119\u0142a. Oto winni. Marek Papszun jest na nich skazany"},"content":{"rendered":"<p class=\"Paragraph_desktopParagraph__Fd2e9\">A teraz skoro odpad\u0142a z eliminacji Ligi Europy, z Ligi Konferencji, z Pucharu Polski, a w Ekstraklasie jest przedostatnia, to co mog\u0142o p\u00f3j\u015b\u0107 jeszcze gorzej? Mog\u0142aby tylko zamyka\u0107 tabel\u0119. Tak by by\u0142o, gdyby ju\u017c teraz decydowa\u0142 bilans bezpo\u015brednich spotka\u0144, ale \u017ce na razie decyduje bilans bramkowy, to jednak wyprzedza Bruk-Bet Termalic\u0119 Nieciecza, z kt\u00f3r\u0105 przegra\u0142a.<\/p>\n<p class=\"Paragraph_desktopParagraph__Fd2e9\">Ulegaj\u0105c Piastowi, zanotowa\u0142a 11. mecz z rz\u0119du bez zwyci\u0119stwa, to jest najgorsz\u0105 seri\u0105 w historii klubu. W czwartek, przegrywaj\u0105c z FC Noah 1:2, wyr\u00f3wna\u0142a rekord z 1966 r., teraz go pobi\u0142a.<\/p>\n<p>Festiwal wyzwisk pod adresem Dariusza Mioduskiego<\/p>\n<p class=\"Paragraph_desktopParagraph__Fd2e9\">Nie by\u0142o to specjalnym zaskoczeniem. Pi\u0142karze zapewne \u017ca\u0142owali, \u017ce zaleg\u0142y mecz z Piastem grali jeszcze w tym roku i \u017ce nie wyst\u0119powali na wyje\u017adzie. Ju\u017c przed meczem wiedzieli, w jakiej atmosferze b\u0119dzie toczone to spotkanie. Legijni ultrasi zapowiadali, \u017ce &#8222;podzi\u0119kuj\u0105&#8221; prezesowi i w\u0142a\u015bcicielowi klubu Dariuszowi Mioduskiemu i od pocz\u0105tku trwa\u0142 festiwal wyzwisk pod jego adresem.<\/p>\n<p class=\"Paragraph_desktopParagraph__Fd2e9\">&#8222;Sprzedaj klub i spi******j&#8221;. &#8222;On jest temu winien, on jest temu winien, wyp*******\u0107 st\u0105d powinien&#8221;, &#8222;Mioduski? Co? Wyp*******j&#8221;, &#8222;Ole, ole, niech ten Mioduski ju\u017c spi*****a&#8221;. &#8222;Ja kocham Legi\u0119, pie****\u0119 Miodulca&#8221; , &#8222;Mioduski won&#8221;, &#8222;Bo\u017ce powiedz nam, dlaczego zes\u0142a\u0142e\u015b Mioduskiego&#8221;, &#8222;Mioduski, to twoja wina&#8221;, Je**\u0107 Miodulca&#8221; \u2014 fani na r\u00f3\u017cne sposoby wulgarnie protestowali przeciwko szefowi klubu, kt\u00f3rego nie by\u0142o na trybunach.<\/p>\n<p class=\"Paragraph_desktopParagraph__Fd2e9\">Wywiesili te\u017c transparenty &#8222;Mioduski. Legia b\u0119dzie wielka, albo b\u0119dzie twoja&#8221; i &#8222;Mioduski. Najwi\u0119ksz\u0105 kl\u0119sk\u0105 Legii to, \u017ce od lat rz\u0105dzi ni\u0105 taki nieudacznik jak ty&#8221;.<\/p>\n<p><img decoding=\"async\" src=\"https:\/\/www.europesays.com\/pl\/wp-content\/uploads\/2025\/12\/transparent-przygotowany-przez-kibicow-legii-podczas-meczu-z-piastem.jpg\" alt=\"Transparent przygotowany przez kibic\u00f3w Legii podczas meczu z Piastem\" width=\"944\" height=\"708\" loading=\"lazy\" class=\"\" \/>Transparent przygotowany przez kibic\u00f3w Legii podczas meczu z Piastem (Foto: Marcin Szymczyk\/Fotopyk \/ newspix.pl)<\/p>\n<p class=\"Paragraph_desktopParagraph__Fd2e9\">Chyba wi\u0119cej czasu po\u015bwi\u0119cali na wyzywanie go ni\u017c wspieranie dru\u017cyny, kt\u00f3rej pewnie trudno gra\u0142o si\u0119 w takiej atmosferze.<\/p>\n<p class=\"Paragraph_desktopParagraph__Fd2e9\">Wcze\u015bniej fani oszcz\u0119dzali szefa klubu i skupiali si\u0119 na pi\u0142karzach, teraz zmienili akcenty. Zawodnikom dali spok\u00f3j, cho\u0107 jak Mileta Rajovi\u0107 zmarnowa\u0142 kolejn\u0105 dobr\u0105 okazj\u0119, to krzykn\u0119li &#8222;wyp*******j&#8221;. Podczas poprzedniego wielkiego kryzysu jesieni\u0105 2021 r. wyzywali \u00f3wczesnego dyrektora sportowego Rados\u0142awa Kucharskiego, obwiniaj\u0105c go za nieudane transfery.<\/p>\n<p class=\"Paragraph_desktopParagraph__Fd2e9\">Teraz Micha\u0142 \u017bew\u0142akow ma szcz\u0119\u015bcie, \u017ce uda\u0142o mu si\u0119 unikn\u0105\u0107 tak brutalnej krytyki, pewnie te\u017c dlatego, \u017ce zas\u0142u\u017cy\u0142 na pewien szacunek, gdy poprzednio pracowa\u0142 w tej roli, a poza tym nie tylko on odpowiada za transfery, ale te\u017c Fredi Bobi\u0107. I to to w\u0142a\u015bnie znany by\u0142y reprezentant Niemiec sta\u0142 za sprowadzaniem najwi\u0119kszych niewypa\u0142\u00f3w \u2014 Rajovicia, Antonio Colaka czy Noaha Weisshaupta. Bobi\u0107, kt\u00f3ry pracowa\u0142 jako dyrektor sportowy w Eintrachcie, Stuttgarcie czy Hercie, mia\u0142 pom\u00f3c Legii wej\u015b\u0107 na wy\u017cszy poziom, a na razie jego sprowadzenia trudno uzna\u0107 za sukces Mioduskiego.<\/p>\n<p>Ca\u0142a seria b\u0142\u0119d\u00f3w Legii Warszawa<\/p>\n<p class=\"Paragraph_desktopParagraph__Fd2e9\">Legia p\u0142aci cen\u0119 za ca\u0142\u0105 seri\u0119 b\u0142\u0119d\u00f3w. Kto wie, czy takim nie by\u0142a pochopna dymisja Kosty Runjaicia wiosn\u0105 2024 r., a na pewno za tak\u0105 trzeba uzna\u0107 brak dyrektora sportowego poprzedniej zimy, gdy zdegradowany zosta\u0142 Jacek Zieli\u0144ski, a jego rol\u0119 de facto cz\u0119\u015bciowo przej\u0105\u0142 \u00f3wczesny trener Goncalo Feio.<\/p>\n<p class=\"Paragraph_desktopParagraph__Fd2e9\">Potem trwa\u0142y d\u0142ugie dywagacje, co zrobi\u0107 z do\u015b\u0107 krn\u0105brnym Portugalczykiem, ostatecznie klub nie przed\u0142u\u017cy\u0142 z nim umowy, za d\u0142ugo szuka\u0142 nast\u0119pcy, by \u017ale go wybra\u0107, bo Edward Iordanescu nie spe\u0142ni\u0142 oczekiwa\u0144, cho\u0107 pod jego wodz\u0105 i tak nie by\u0142o jeszcze katastrofy. Nast\u0119pnie Legia za d\u0142ugo zwleka\u0142a z transferami, a gdy je zrobi\u0142a, cz\u0119\u015b\u0107 pi\u0142karzy okaza\u0142a si\u0119 kompletnymi niewypa\u0142ami. Nie sprawdzi\u0142a si\u0119 jak wida\u0107 swoista dwuw\u0142adza \u017bew\u0142akowa i Bobicia.<\/p>\n<p class=\"Paragraph_desktopParagraph__Fd2e9\">Zw\u0142aszcza szukanie napastnika, kt\u00f3rego Legia nie potrafi zreszt\u0105 znale\u017a\u0107 od lat, okaza\u0142o si\u0119 totaln\u0105 klap\u0105. A to w\u0142a\u015bnie brak snajpera w wielu meczach by\u0142 kluczowy, bo Legia jakie\u015b sytuacje potrafi\u0142a stworzy\u0107, ale nie umia\u0142a ich wykorzysta\u0107 i w wielu meczach p\u0142aci\u0142a za to cen\u0119. Z Piastem mia\u0142a ich niewiele, a te kt\u00f3re wykreowa\u0142a, tradycyjnie zepsu\u0142 Rajovi\u0107.<\/p>\n<p><img decoding=\"async\" src=\"https:\/\/www.europesays.com\/pl\/wp-content\/uploads\/2025\/12\/mileta-rajovic.jpeg\" alt=\"Mileta Rajovi\u0107\" width=\"944\" height=\"629\" loading=\"lazy\" class=\"\" \/>Mileta Rajovi\u0107 (Foto: PAP\/Leszek Szyma\u0144ski)<\/p>\n<p class=\"Paragraph_desktopParagraph__Fd2e9\">Wida\u0107 po nim, \u017ce psychicznie jest zablokowany. W tej dru\u017cynie w og\u00f3le wszyscy boj\u0105 si\u0119 wzi\u0105\u0107 na siebie odpowiedzialno\u015b\u0107. Jest kompletnie rozbita, to w tej chwili wyra\u017anie najs\u0142abszy zesp\u00f3\u0142 Ekstraklasy, w kt\u00f3rej stawka jest bardzo wyr\u00f3wnana.<\/p>\n<p>Marek Papszun musi wszystko zmieni\u0107<\/p>\n<p class=\"Paragraph_desktopParagraph__Fd2e9\">Kolejnym b\u0142\u0119dem by\u0142o rozstanie z Iordanescu, nie maj\u0105c nast\u0119pcy. Inaki Astiz w czwartek zako\u0144czy prac\u0119 w roli trenera tymczasowego i przejdzie do historii Legii jako zapewne najgorszy szkoleniowiec w jej dziejach. Jego bilans to trzy remisy i sze\u015b\u0107 pora\u017cek.<\/p>\n<p class=\"Paragraph_desktopParagraph__Fd2e9\">Wszyscy o nim m\u00f3wi\u0105, \u017ce to mi\u0142y i dobry cz\u0142owiek, ale w takich sytuacjach niekoniecznie trzeba by\u0107 mi\u0142ym. Teraz podj\u0105\u0142 trudniejsz\u0105 decyzj\u0119, odsun\u0105\u0142 od kadry Steve&#8217;a Kapuadiego i mocno krytykowanego Rubana Vinagre, ale jak wida\u0107 i to nie pomog\u0142o.<\/p>\n<p class=\"Paragraph_desktopParagraph__Fd2e9\">Marek Papszun to jego przeciwie\u0144stwo i potrafi by\u0107 z\u0142ym policjantem. Podejmuje spore ryzyko, przechodz\u0105c z pouk\u0142adanego Rakowa, kt\u00f3ry walczy o sukces na trzech frontach, by broni\u0107 Legi\u0119 przed spadkiem.<\/p>\n<p class=\"Paragraph_desktopParagraph__Fd2e9\">Zmian w klubie musi by\u0107 bardzo du\u017co, pocz\u0105wszy od roszad kadrowych po kwestie organizacyjne.<\/p>\n<p class=\"Paragraph_desktopParagraph__Fd2e9\">Spadek Legii ca\u0142y czas brzmi jako co\u015b nierealnego, w ko\u0144cu w najwy\u017cszej klasie rozgrywkowej, gra &#8222;od zawsze&#8221;, a konkretnie od 1948 r. W tym sezonie ju\u017c jednak kilkakrotnie pokazywa\u0142a, \u017ce has\u0142o &#8222;niemo\u017cliwe nie istnieje&#8221; jest prawdziwe. Tylko udowadnia\u0142a to nie w taki spos\u00f3b, jakby chcieli jej fani.<\/p>\n","protected":false},"excerpt":{"rendered":"A teraz skoro odpad\u0142a z eliminacji Ligi Europy, z Ligi Konferencji, z Pucharu Polski, a w Ekstraklasie jest&hellip;\n","protected":false},"author":2,"featured_media":151675,"comment_status":"","ping_status":"","sticky":false,"template":"","format":"standard","meta":{"footnotes":""},"categories":[24],"tags":[274,304,67,2563,20840,948,42,38,40,39,41,136,128,47,127,135,126,130],"class_list":{"0":"post-151674","1":"post","2":"type-post","3":"status-publish","4":"format-standard","5":"has-post-thumbnail","7":"category-sport","8":"tag-ekstraklasa","9":"tag-eres","10":"tag-intextvideo_splayer","11":"tag-legia_warszawa","12":"tag-piast","13":"tag-pilka_nozna","14":"tag-pl","15":"tag-poland","16":"tag-polish","17":"tag-polska","18":"tag-polski","19":"tag-ps_detal_new","20":"tag-psv2","21":"tag-screening_general","22":"tag-sport","23":"tag-sport_sport","24":"tag-sports","25":"tag-wiadomosci_sportowe"},"share_on_mastodon":{"url":"https:\/\/pubeurope.com\/@pl\/115722797122230460","error":""},"_links":{"self":[{"href":"https:\/\/www.europesays.com\/pl\/wp-json\/wp\/v2\/posts\/151674","targetHints":{"allow":["GET"]}}],"collection":[{"href":"https:\/\/www.europesays.com\/pl\/wp-json\/wp\/v2\/posts"}],"about":[{"href":"https:\/\/www.europesays.com\/pl\/wp-json\/wp\/v2\/types\/post"}],"author":[{"embeddable":true,"href":"https:\/\/www.europesays.com\/pl\/wp-json\/wp\/v2\/users\/2"}],"replies":[{"embeddable":true,"href":"https:\/\/www.europesays.com\/pl\/wp-json\/wp\/v2\/comments?post=151674"}],"version-history":[{"count":0,"href":"https:\/\/www.europesays.com\/pl\/wp-json\/wp\/v2\/posts\/151674\/revisions"}],"wp:featuredmedia":[{"embeddable":true,"href":"https:\/\/www.europesays.com\/pl\/wp-json\/wp\/v2\/media\/151675"}],"wp:attachment":[{"href":"https:\/\/www.europesays.com\/pl\/wp-json\/wp\/v2\/media?parent=151674"}],"wp:term":[{"taxonomy":"category","embeddable":true,"href":"https:\/\/www.europesays.com\/pl\/wp-json\/wp\/v2\/categories?post=151674"},{"taxonomy":"post_tag","embeddable":true,"href":"https:\/\/www.europesays.com\/pl\/wp-json\/wp\/v2\/tags?post=151674"}],"curies":[{"name":"wp","href":"https:\/\/api.w.org\/{rel}","templated":true}]}}