{"id":151681,"date":"2025-12-15T09:11:10","date_gmt":"2025-12-15T09:11:10","guid":{"rendered":"https:\/\/www.europesays.com\/pl\/151681\/"},"modified":"2025-12-15T09:11:10","modified_gmt":"2025-12-15T09:11:10","slug":"plan-pokojowy-dla-ukrainy-kaja-kallas-mowi-o-donbasie-to-nie-bedzie-koncowy-cel-putina","status":"publish","type":"post","link":"https:\/\/www.europesays.com\/pl\/151681\/","title":{"rendered":"Plan pokojowy dla Ukrainy. Kaja Kallas m\u00f3wi o Donbasie: To nie b\u0119dzie ko\u0144cowy cel Putina"},"content":{"rendered":"<ul class=\"typography ids-typeset-body ids-typeset-body--preset-large list ids-list ids-list--unordered ids-list--size-large \" datatype=\"disc\">\n<li class=\"ids-list-item\">\n<p>Stany Zjednoczone rozwa\u017caj\u0105 plan pokojowy przewiduj\u0105cy przekazanie Donbasu Rosji, co budzi sprzeciw Ukrainy i niepok\u00f3j Unii Europejskiej.<\/p>\n<\/li>\n<li class=\"ids-list-item\">\n<p>Kaja Kallas ostrzega, \u017ce przej\u0119cie Donbasu nie b\u0119dzie ko\u0144cem ambicji Putina, a UE musi podj\u0105\u0107 kluczowe decyzje dotycz\u0105ce wsparcia finansowego dla Ukrainy.<\/p>\n<\/li>\n<li class=\"ids-list-item\">\n<p>Propozycje utworzenia strefy zdemilitaryzowanej w Donbasie napotykaj\u0105 op\u00f3r, poniewa\u017c istnieje ryzyko dalszej eskalacji konfliktu i ekspansji Rosji.<\/p>\n<\/li>\n<li class=\"ids-list-item\">Wi\u0119cej wa\u017cnych informacji znajdziesz na <a class=\"ids-undecorated-link link ids-link link\" href=\"https:\/\/www.interia.pl\/#utm_source=wydarzenia&amp;utm_medium=bullet&amp;utm_campaign=powrot_z_wew&amp;iwa_source=bullet\" target=\"_blank\" rel=\"nofollow noopener\">stronie g\u0142\u00f3wnej Interii<\/a><\/li>\n<\/ul>\n<p class=\"typography ids-typeset-body ids-typeset-body--preset-large link paragraph ids-paragraph ids-paragraph--default\">USA rozwa\u017ca plan pokojowy dla Ukrainy, obejmuj\u0105cy przekazanie pozosta\u0142ej cz\u0119\u015bci Donbasu Rosji. Teren ten obejmuje obwody doniecki i \u0142uga\u0144ski.<\/p>\n<p class=\"typography ids-typeset-body ids-typeset-body--preset-large link paragraph ids-paragraph ids-paragraph--default\">Jak informuj\u0105 media, sta\u0142 si\u0119 on kluczowym punktem spornym\u00a0w rozmowach na temat pokojowego rozwi\u0105zania konfliktu na <a href=\"https:\/\/wydarzenia.interia.pl\/tematy-ukraina,gsbi,3144\" rel=\"nofollow noopener\" target=\"_blank\">Ukrainie<\/a>.<\/p>\n<p class=\"typography ids-typeset-body ids-typeset-body--preset-large link paragraph ids-paragraph ids-paragraph--default\">Szefowa unijnej dyplomacji Kaja Kallas powiedzia\u0142a w poniedzia\u0142ek, \u017ce przej\u0119cie kontroli nad Donbasem przez Kreml &#8222;nie b\u0119dzie celem ko\u0144cowym Putina&#8221;.<\/p>\n<p class=\"typography ids-typeset-body ids-typeset-body--preset-large link paragraph ids-paragraph ids-paragraph--default\">&#8211; Musimy zrozumie\u0107, \u017ce je\u015bli zdob\u0119d\u0105 Donbas, to twierdza upadnie i wtedy na pewno b\u0119d\u0105 kontynuowa\u0107 walk\u0119 o ca\u0142\u0105 Ukrain\u0119 &#8211; powiedzia\u0142a Kallas reporterom. &#8211; Je\u015bli Ukraina zniknie, inne regiony r\u00f3wnie\u017c znajd\u0105 si\u0119 w niebezpiecze\u0144stwie &#8211; t\u0142umaczy\u0142a.<\/p>\n<p>Wojna w Ukrainie. UE m\u00f3wi o finasowaniu Kijowa<\/p>\n<p class=\"typography ids-typeset-body ids-typeset-body--preset-large link paragraph ids-paragraph ids-paragraph--default\">&#8222;<a href=\"https:\/\/wydarzenia.interia.pl\/tematy-unia-europejska,gsbi,46\" rel=\"nofollow noopener\" target=\"_blank\">Unia Europejska<\/a> musi podj\u0105\u0107 'bardzo wa\u017cne&#8217; decyzje w sprawie finansowania Ukrainy na kluczowym szczycie w tym tygodniu&#8221; &#8211; pisze AFP.<\/p>\n<p class=\"typography ids-typeset-body ids-typeset-body--preset-large link paragraph ids-paragraph ids-paragraph--default\">&#8211; Rozmowy na temat wykorzystania zamro\u017conych rosyjskich aktyw\u00f3w staj\u0105 si\u0119 coraz trudniejsze &#8211; powiedzia\u0142a w poniedzia\u0142ek <a href=\"https:\/\/wydarzenia.interia.pl\/tematy-kaja-kallas,gsbi,4659\" rel=\"nofollow noopener\" target=\"_blank\">Kaja Kallas<\/a>.<\/p>\n<p class=\"typography ids-typeset-body ids-typeset-body--preset-large link paragraph ids-paragraph ids-paragraph--default\">&#8211; Jeszcze nie osi\u0105gn\u0119li\u015bmy celu i jest coraz trudniej, ale pracujemy i wci\u0105\u017c mamy kilka dni &#8211; powiedzia\u0142a dziennikarzom szefowa unijnej dyplomacji. &#8211; Nie opu\u015bcimy spotkania, dop\u00f3ki nie poznamy rezultatu &#8211; doda\u0142a.<\/p>\n<p>Plan pokojowy dla Ukrainy. Donbas w centrum zainteresowa\u0144<\/p>\n<p class=\"typography ids-typeset-body ids-typeset-body--preset-large link paragraph ids-paragraph ids-paragraph--default\">Jedn\u0105 z g\u0142\u00f3wnych, je\u015bli nie najwa\u017cniejsz\u0105, przeszkod\u0105 w negocjacjach pokojowych mi\u0119dzy Ukrain\u0105 a Federacj\u0105 Rosyjsk\u0105, prowadzonych za po\u015brednictwem USA, jest kwestia Donbasu.<\/p>\n<p class=\"typography ids-typeset-body ids-typeset-body--preset-large link paragraph ids-paragraph ids-paragraph--default\">Jednym z rozwa\u017canych rozwi\u0105za\u0144 jest utworzenie strefy zdemilitaryzowanej: armia ukrai\u0144ska wycofuje si\u0119 z pozosta\u0142ej cz\u0119\u015bci Donbasu, ale armia rosyjska tam nie wkracza. Porz\u0105dek publiczny w tych miastach musi utrzymywa\u0107 policja.<\/p>\n<p class=\"typography ids-typeset-body ids-typeset-body--preset-large link paragraph ids-paragraph ids-paragraph--default\">Propozycja przekszta\u0142cenia go w ten spos\u00f3b nie mo\u017ce zosta\u0107 zrealizowana, poniewa\u017c Rosja ma ju\u017c gotowy plan prze\u0142amania tego stanu &#8211; pisze na \u0142amach &#8222;The Spectator&#8221; politolog i emerytowany profesor Szko\u0142y Studi\u00f3w S\u0142owia\u0144skich i Wschodnioeuropejskich Uniwersytetu Londy\u0144skiego Mark Galeotta.<\/p>\n<p class=\"typography ids-typeset-body ids-typeset-body--preset-large link paragraph ids-paragraph ids-paragraph--default\">Ekspert przypomina, \u017ce obecnie Amerykanie pr\u00f3buj\u0105 znale\u017a\u0107 akceptowaln\u0105 formu\u0142\u0119, dzi\u0119ki kt\u00f3rej <a href=\"https:\/\/wydarzenia.interia.pl\/tematy-rosja,gsbi,3125\" rel=\"nofollow noopener\" target=\"_blank\">Rosja<\/a> b\u0119dzie mog\u0142a zdoby\u0107 pozosta\u0142\u0105 cz\u0119\u015b\u0107 Donbasu.<\/p>\n<p class=\"typography ids-typeset-body ids-typeset-body--preset-large link paragraph ids-paragraph ids-paragraph--default\">W\u0142adze Ukrainy z kolei s\u0105\u00a0zaniepokojone nie tylko faktem oddania\u00a0tego terytorium bez walki, ale tak\u017ce gro\u017ab\u0105, \u017ce Federacja Rosyjska wykorzysta je jako trampolin\u0119 do dalszych ofensyw w g\u0142\u0105b Ukrainy.<\/p>\n<ul class=\"typography ids-typeset-body ids-typeset-body--preset-small list--article-list ids-list ids-list--unordered ids-list--size-small \" datatype=\"disc\">\n<li class=\"ids-list-item ids-list-item__content brief-list-item\"><a class=\"ids-undecorated-link link ids-link \" data-spons=\"false\" href=\"https:\/\/wydarzenia.interia.pl\/interia-blizej-swiata\/news-the-spectator-niemozliwy-dylemat-zelenskiego,nId,22466124\" rel=\"nofollow noopener\" target=\"_blank\">&#8222;The Spectator&#8221;: Niemo\u017cliwy dylemat Ze\u0142enskiego<\/a><\/li>\n<li class=\"ids-list-item ids-list-item__content brief-list-item\"><a class=\"ids-undecorated-link link ids-link \" data-spons=\"false\" href=\"https:\/\/wydarzenia.interia.pl\/ukraina-rosja\/news-media-o-nowym-planie-trumpa-dla-ukrainy-przywodca-usa-o-pasi,nId,22497545\" rel=\"nofollow noopener\" target=\"_blank\">Media o nowym planie Trumpa dla Ukrainy. Przyw\u00f3dca USA o &#8222;pasie twierdz&#8221;<\/a><\/li>\n<\/ul>\n<p>&#8222;Wydarzenia&#8221;: Weto ustawy \u0142a\u0144cuchowej. Przed Sejmem pojawili si\u0119 protestuj\u0105cyPolsat News<\/p>\n<p><a class=\"ids-undecorated-link source ids-page-info--source__link\" href=\"https:\/\/www.interia.pl\" rel=\"nofollow noopener\" target=\"_blank\"><img decoding=\"async\" class=\"ids-image-holder__img\" loading=\"lazy\" alt=\"\" title=\"\" height=\"24px\" src=\"https:\/\/www.europesays.com\/pl\/wp-content\/uploads\/2025\/12\/1765749733_358_0009A60QQ5I2TYF7-C202-F4.webp.webp\"\/><\/a><\/p>\n<p>Masz sugestie, uwagi albo widzisz b\u0142\u0105d? Napisz do nas<\/p>\n","protected":false},"excerpt":{"rendered":"Stany Zjednoczone rozwa\u017caj\u0105 plan pokojowy przewiduj\u0105cy przekazanie Donbasu Rosji, co budzi sprzeciw Ukrainy i niepok\u00f3j Unii Europejskiej. Kaja&hellip;\n","protected":false},"author":2,"featured_media":151682,"comment_status":"","ping_status":"","sticky":false,"template":"","format":"standard","meta":{"footnotes":""},"categories":[14],"tags":[32,33,27,34,35,28,31,25,40,41,80,29,30,26,82,83,84],"class_list":{"0":"post-151681","1":"post","2":"type-post","3":"status-publish","4":"format-standard","5":"has-post-thumbnail","7":"category-swiat","8":"tag-breaking-news","9":"tag-breakingnews","10":"tag-headlines","11":"tag-latest-news","12":"tag-latestnews","13":"tag-naglowki","14":"tag-najwazniejsze-artykuly","15":"tag-news","16":"tag-polish","17":"tag-polski","18":"tag-swiat","19":"tag-top-stories","20":"tag-topstories","21":"tag-wiadomosci","22":"tag-world","23":"tag-world-news","24":"tag-worldnews"},"share_on_mastodon":{"url":"https:\/\/pubeurope.com\/@pl\/115722812821659454","error":""},"_links":{"self":[{"href":"https:\/\/www.europesays.com\/pl\/wp-json\/wp\/v2\/posts\/151681","targetHints":{"allow":["GET"]}}],"collection":[{"href":"https:\/\/www.europesays.com\/pl\/wp-json\/wp\/v2\/posts"}],"about":[{"href":"https:\/\/www.europesays.com\/pl\/wp-json\/wp\/v2\/types\/post"}],"author":[{"embeddable":true,"href":"https:\/\/www.europesays.com\/pl\/wp-json\/wp\/v2\/users\/2"}],"replies":[{"embeddable":true,"href":"https:\/\/www.europesays.com\/pl\/wp-json\/wp\/v2\/comments?post=151681"}],"version-history":[{"count":0,"href":"https:\/\/www.europesays.com\/pl\/wp-json\/wp\/v2\/posts\/151681\/revisions"}],"wp:featuredmedia":[{"embeddable":true,"href":"https:\/\/www.europesays.com\/pl\/wp-json\/wp\/v2\/media\/151682"}],"wp:attachment":[{"href":"https:\/\/www.europesays.com\/pl\/wp-json\/wp\/v2\/media?parent=151681"}],"wp:term":[{"taxonomy":"category","embeddable":true,"href":"https:\/\/www.europesays.com\/pl\/wp-json\/wp\/v2\/categories?post=151681"},{"taxonomy":"post_tag","embeddable":true,"href":"https:\/\/www.europesays.com\/pl\/wp-json\/wp\/v2\/tags?post=151681"}],"curies":[{"name":"wp","href":"https:\/\/api.w.org\/{rel}","templated":true}]}}