{"id":151687,"date":"2025-12-15T09:15:12","date_gmt":"2025-12-15T09:15:12","guid":{"rendered":"https:\/\/www.europesays.com\/pl\/151687\/"},"modified":"2025-12-15T09:15:12","modified_gmt":"2025-12-15T09:15:12","slug":"marek-jakubiak-pochwalil-sie-radosna-chwila-wzial-slub-z-ukochana","status":"publish","type":"post","link":"https:\/\/www.europesays.com\/pl\/151687\/","title":{"rendered":"Marek Jakubiak pochwali\u0142 si\u0119 radosn\u0105 chwil\u0105. Wzi\u0105\u0142 \u015blub z ukochan\u0105"},"content":{"rendered":"<p class=\"Paragraph_desktopParagraph__U31Gm\"><a href=\"https:\/\/plejada.pl\/temat\/marek-jakubiak\" id=\"53f86b67-e880-4c0f-b147-fecaf5419803\" rel=\"nofollow noopener\" target=\"_blank\">Marek Jakubiak<\/a> i Irmina Ochenkowska od wielu lat tworz\u0105 zwi\u0105zek, a ich relacja by\u0142a znana opinii publicznej. Partnerka polityka r\u00f3wnie\u017c pr\u00f3bowa\u0142a swoich si\u0142 w polityce, ubiegaj\u0105c si\u0119 o miejsce w Sejmiku Wojew\u00f3dztwa Mazowieckiego, jednak nie uda\u0142o jej si\u0119 zdoby\u0107 wystarczaj\u0105cego poparcia. Jakubiak cz\u0119sto dzieli si\u0119 zdj\u0119ciami z ukochan\u0105, a najnowsza fotografia pochodzi z wyj\u0105tkowego wydarzenia \u2014 ich \u015blubu.<\/p>\n<ul class=\"OchatFollowUps_wrapper__1ry7X\">\n<li class=\"OchatFollowUps_item__Dhyly OchatFollowUps_itemDesktop__R6aBv\">Gdzie odby\u0142 si\u0119 \u015blub Marka Jakubiaka?<\/li>\n<li class=\"OchatFollowUps_item__Dhyly OchatFollowUps_itemDesktop__R6aBv\">Kto jest \u017con\u0105 Marka Jakubiaka?<\/li>\n<li class=\"OchatFollowUps_item__Dhyly OchatFollowUps_itemDesktop__R6aBv\">Jakie gratulacje otrzyma\u0142 Jakubiak po \u015blubie?<\/li>\n<li class=\"OchatFollowUps_item__Dhyly OchatFollowUps_itemDesktop__R6aBv\">Jak wygl\u0105da\u0142a panna m\u0142oda na ceremonii?<\/li>\n<\/ul>\n<p>Marek Jakubiak przekaza\u0142 radosn\u0105 nowin\u0119. Wzi\u0105\u0142 \u015blub z ukochan\u0105 <\/p>\n<p class=\"Paragraph_desktopParagraph__U31Gm\">Marek Jakubiak poinformowa\u0142, \u017ce uroczysto\u015b\u0107 odby\u0142a si\u0119 w jednym z popularnych hoteli w Miko\u0142ajkach, co wed\u0142ug niego by\u0142o pierwszym takim wydarzeniem w historii tego miejsca.<\/p>\n<blockquote>\n<p class=\"Paragraph_desktopParagraph__U31Gm\">Sta\u0142o si\u0119, Irminka zmieni\u0142a nazwisko na Jakubiak. W Miko\u0142ajkach w hotelu Go\u0142\u0119biewski w gronie rodziny zawarli\u015bmy zwi\u0105zek ma\u0142\u017ce\u0144ski. Bardzo dzi\u0119kujemy wszystkim pracownikom hotelu za zorganizowanie pierwszego w historii tego hotelu \u015blubu. Wysz\u0142o super<\/p>\n<\/blockquote>\n<p class=\"Paragraph_desktopParagraph__U31Gm\">\u2014 napisa\u0142 polityk.<\/p>\n<p class=\"Paragraph_desktopParagraph__U31Gm\">Na zdj\u0119ciu z uroczysto\u015bci panna m\u0142oda mia\u0142a na sobie bia\u0142\u0105, koronkow\u0105 sukienk\u0119 si\u0119gaj\u0105c\u0105 kolan, natomiast polityk wybra\u0142 elegancki garnitur. Pod postem pojawi\u0142y si\u0119 liczne gratulacje, w tym od by\u0142ego premiera Mateusza Morawieckiego, kt\u00f3ry napisa\u0142 kr\u00f3tko: &#8222;Gratulacje&#8221;.<\/p>\n<p class=\"Paragraph_desktopParagraph__U31Gm\">Co ciekawe, Marek Jakubiak od lat otwarcie wypowiada\u0142 si\u0119 na temat zwi\u0105zk\u00f3w partnerskich. W wywiadach podkre\u015bla\u0142, \u017ce nie widzi potrzeby wprowadzania ustawy reguluj\u0105cej tego typu relacje. W rozmowie z Radiem Zet wyja\u015bni\u0142: &#8222;Nie widz\u0119 potrzeby zmian. W niczym mi to nie przeszkadza ani nie pomaga, jak b\u0119d\u0119 chcia\u0142 \u015blub, to b\u0119dzie. Jak ludzie chc\u0105 tak \u017cy\u0107, to niech sobie \u017cyj\u0105&#8221;. Polityk wyra\u017ca\u0142 r\u00f3wnie\u017c swoje obawy, \u017ce regulacje dotycz\u0105ce zwi\u0105zk\u00f3w partnerskich mog\u0142yby by\u0107 pierwszym krokiem do umo\u017cliwienia adopcji dzieci przez pary jednop\u0142ciowe, czemu stanowczo si\u0119 sprzeciwia. &#8222;To jest pierwszy krok do tego. I oni za kulisami o tym m\u00f3wi\u0105. Nigdy na to nie p\u00f3jd\u0119 i \u017cadnego pierwszego kroku nie b\u0119dzie. (&#8230;) Nie wierz\u0119, \u017ce komu\u015b w tym wypadku pomog\u0119&#8221; \u2014 m\u00f3wi\u0142 w rozmowie z Beat\u0105 Lubeck\u0105.<\/p>\n<p class=\"Paragraph_desktopParagraph__U31Gm\">Dzi\u0119kujemy, \u017ce przeczyta\u0142a\u015b\/e\u015b nasz artyku\u0142 do ko\u0144ca. W serwisie Plejada.pl ka\u017cdego dnia piszemy o najwa\u017cniejszych wydarzeniach show-biznesowych. B\u0105d\u017a na bie\u017c\u0105co! <a rel=\"nofollow noopener\" href=\"https:\/\/profile.google.com\/cp\/Cg0vZy8xMWJ6X19wdHBx\" id=\"517ac326-8ec8-465f-9c52-9446d36a85e9\" target=\"_blank\">Obserwuj<\/a> Plejad\u0119 w Wiadomo\u015bciach Google. Odwied\u017a nas tak\u017ce na <a rel=\"nofollow noopener\" href=\"https:\/\/www.facebook.com\/plejadapl\" id=\"ec32ad9d-24c2-4c01-8ef9-246e35ebfd79\" target=\"_blank\">Facebooku<\/a>, <a rel=\"nofollow noopener\" href=\"https:\/\/www.instagram.com\/plejadapl\/\" id=\"723ffaec-d344-4997-afac-0ce47524faa0\" target=\"_blank\">Instagramie<\/a>, <a rel=\"nofollow noopener\" href=\"https:\/\/www.youtube.com\/c\/plejada\" id=\"13e0615d-ca03-4306-9320-b0cf7814af6c\" target=\"_blank\">YouTube<\/a> oraz <a rel=\"nofollow noopener\" href=\"https:\/\/www.tiktok.com\/@plejada_pl\" id=\"8ff59d55-7018-4ac6-97d7-ae185083ab43\" target=\"_blank\">TikToku<\/a>.<\/p>\n<p class=\"Paragraph_desktopParagraph__U31Gm\">Chcesz podzieli\u0107 si\u0119 ciekawym newsem lub zaproponowa\u0107 temat? Skontaktuj si\u0119 z nami, pisz\u0105c e-maila na adres: <a href=\"https:\/\/www.onet.pl\/styl-zycia\/plejada\/marek-jakubiak-pochwalil-sie-radosna-chwila-wzial-slub-z-ukochana\/mailto:plejada@redakcjaonet.pl\" id=\"dafe6eb4-bfb8-4fad-a74a-28920f9b03a3\" rel=\"nofollow noopener\" target=\"_blank\">plejada@redakcjaonet.pl<\/a>.<\/p>\n<p><script async src=\"\/\/www.instagram.com\/embed.js\"><\/script><script async src=\"\/\/www.tiktok.com\/embed.js\"><\/script><\/p>\n","protected":false},"excerpt":{"rendered":"Marek Jakubiak i Irmina Ochenkowska od wielu lat tworz\u0105 zwi\u0105zek, a ich relacja by\u0142a znana opinii publicznej. Partnerka&hellip;\n","protected":false},"author":2,"featured_media":151688,"comment_status":"","ping_status":"","sticky":false,"template":"","format":"standard","meta":{"footnotes":""},"categories":[22],"tags":[122,67,24377,53,52,68,51,55,42,38,40,39,41,123,47,2114,196,65,50],"class_list":{"0":"post-151687","1":"post","2":"type-post","3":"status-publish","4":"format-standard","5":"has-post-thumbnail","7":"category-rozrywka","8":"tag-entertainment","9":"tag-intextvideo_splayer","10":"tag-marek_jakubiak","11":"tag-new_header","12":"tag-onet3","13":"tag-onet3d","14":"tag-onet3d_2i","15":"tag-phx","16":"tag-pl","17":"tag-poland","18":"tag-polish","19":"tag-polska","20":"tag-polski","21":"tag-rozrywka","22":"tag-screening_general","23":"tag-slub_sluby","24":"tag-styl_zycia","25":"tag-update_me","26":"tag-v2021"},"share_on_mastodon":{"url":"https:\/\/pubeurope.com\/@pl\/115722828079781443","error":""},"_links":{"self":[{"href":"https:\/\/www.europesays.com\/pl\/wp-json\/wp\/v2\/posts\/151687","targetHints":{"allow":["GET"]}}],"collection":[{"href":"https:\/\/www.europesays.com\/pl\/wp-json\/wp\/v2\/posts"}],"about":[{"href":"https:\/\/www.europesays.com\/pl\/wp-json\/wp\/v2\/types\/post"}],"author":[{"embeddable":true,"href":"https:\/\/www.europesays.com\/pl\/wp-json\/wp\/v2\/users\/2"}],"replies":[{"embeddable":true,"href":"https:\/\/www.europesays.com\/pl\/wp-json\/wp\/v2\/comments?post=151687"}],"version-history":[{"count":0,"href":"https:\/\/www.europesays.com\/pl\/wp-json\/wp\/v2\/posts\/151687\/revisions"}],"wp:featuredmedia":[{"embeddable":true,"href":"https:\/\/www.europesays.com\/pl\/wp-json\/wp\/v2\/media\/151688"}],"wp:attachment":[{"href":"https:\/\/www.europesays.com\/pl\/wp-json\/wp\/v2\/media?parent=151687"}],"wp:term":[{"taxonomy":"category","embeddable":true,"href":"https:\/\/www.europesays.com\/pl\/wp-json\/wp\/v2\/categories?post=151687"},{"taxonomy":"post_tag","embeddable":true,"href":"https:\/\/www.europesays.com\/pl\/wp-json\/wp\/v2\/tags?post=151687"}],"curies":[{"name":"wp","href":"https:\/\/api.w.org\/{rel}","templated":true}]}}