{"id":151690,"date":"2025-12-15T09:18:08","date_gmt":"2025-12-15T09:18:08","guid":{"rendered":"https:\/\/www.europesays.com\/pl\/151690\/"},"modified":"2025-12-15T09:18:08","modified_gmt":"2025-12-15T09:18:08","slug":"rosja-nocny-atak-dronow-na-moskwe-w-miescie-slychac-bylo-eksplozje","status":"publish","type":"post","link":"https:\/\/www.europesays.com\/pl\/151690\/","title":{"rendered":"Rosja: Nocny atak dron\u00f3w na Moskw\u0119. W mie\u015bcie s\u0142ycha\u0107 by\u0142o eksplozje"},"content":{"rendered":"<p>&#13;<br \/>\n        \tW nocy stolica Rosji zosta\u0142a zaatakowana przez drony. Wed\u0142ug lokalnych w\u0142adz obronie przeciwlotniczej rzekomo uda\u0142o si\u0119 zestrzeli\u0107 18 bezza\u0142ogowc\u00f3w. W mie\u015bcie s\u0142ycha\u0107 by\u0142o eksplozje, dwa lotniska wstrzyma\u0142y prac\u0119. Z kolei w kilku rosyjskich obwodach brakuje ogrzewania, nie ma te\u017c pr\u0105du i wody.&#13;\n        \t<\/p>\n<p>W nocy z niedzieli na poniedzia\u0142ek Moskwa zosta\u0142a zaatakowana przez drony, w mie\u015bcie s\u0142ycha\u0107 by\u0142o eksplozje. Bezza\u0142ogowce uderzy\u0142y te\u017c w Rost\u00f3w nad Donem i Astracha\u0144.<\/p>\n<p>Rosja: Nocny atak dron\u00f3w na Moskw\u0119. W mie\u015bcie s\u0142ycha\u0107 by\u0142o eksplozje<\/p>\n<p>Wed\u0142ug mera stolicy Rosji Siergieja Sobianina obrona przeciwlotnicza rzekomo zestrzeli\u0142a nad miastem 18 dron\u00f3w. &#8222;S\u0142u\u017cby ratunkowe pracuj\u0105 na miejscu, gdzie spad\u0142y szcz\u0105tki&#8221; &#8211; pisa\u0142 Sobianin.<\/p>\n<p>\u00a0<\/p>\n<p>Lokalne media podawa\u0142y, \u017ce odg\u0142osy eksplozji s\u0142ycha\u0107 by\u0142o w dzielnicy istri\u0144ski w Moskwie oraz mie\u015bcie Kaszyra. Z powodu ataku dron\u00f3w lotniska Domodiedowo i \u017bukowski w stolicy tymczasowo zawiesi\u0142y prac\u0119, ale ograniczenia te zosta\u0142y ju\u017c zniesione.<\/p>\n<p>\u00a0<\/p>\n<p>ZOBACZ: <a href=\"https:\/\/www.polsatnews.pl\/wiadomosc\/2025-12-14\/trump-obiecal-koniec-wojny-w-dobe-polacy-oceniaja-szanse-przed-koncem-roku\/\" rel=\"nofollow noopener\" target=\"_blank\">Trump obieca\u0142 koniec wojny w dob\u0119. Polacy oceniaj\u0105 szanse przed ko\u0144cem roku<\/a><\/p>\n<p>\u00a0<\/p>\n<p>Gubernator obwodu rostowskiego Jurij Slusar podawa\u0142 z kolei, \u017ce m.in. Rost\u00f3w nad Donem &#8222;pad\u0142 ofiar\u0105 masowego ataku dron\u00f3w&#8221;. Urz\u0119dnik nie przekaza\u0142, jakie by\u0142y skutki nalotu, ale lokalne media podawa\u0142y, \u017ce w wyniku wstrzymania pracy w elektrociep\u0142owni wiele dzielnic zosta\u0142o pozbawionych ogrzewania. W rejonie Kamie\u0144skiego mieszka\u0144cy nie maj\u0105 dost\u0119pu do wody.<\/p>\n<p>Mieszka\u0144cy bez ogrzewania, wody i pr\u0105du. Dziesi\u0105tki dron\u00f3w nad Rosj\u0105<\/p>\n<p>Wed\u0142ug niekt\u00f3rych doniesie\u0144 w nocy dosz\u0142o te\u017c prawdopodobnie do uszkodzenia zak\u0142adu przetwarzania gazu w Astrachaniu. Satelity NASA zarejestrowa\u0142y po\u017car na terenie magazynu oraz zak\u0142adu produkcji na terenie zak\u0142adu &#8211; pisze agencja Unian.<\/p>\n<p>\u00a0<\/p>\n<p>R\u00f3wnie\u017c w Bie\u0142gorodzie po tym, jak dron uderzy\u0142 w miejscow\u0105 elektrociep\u0142owni\u0119, miasto pozostaje cz\u0119\u015bciowo bez pr\u0105du.<\/p>\n<p>\u00a0<\/p>\n<p>W poniedzia\u0142ek rano rosyjskie ministerstwo obrony podawa\u0142o, \u017ce nad terytorium Rosji rzekomo zestrzelono 130 dron\u00f3w, w tym 25 nad samym obwodem moskiewskim.<\/p>\n<p>\u00a0<\/p>\n<p>Widzia\u0142e\u015b co\u015b wa\u017cnego? Przy\u015blij zdj\u0119cie, film lub napisz, co si\u0119 sta\u0142o. Skorzystaj z naszej <a href=\"https:\/\/www.polsatnews.pl\/platforma-widzow\/\" target=\"_blank\" rel=\"noopener noreferrer nofollow\">Wrzutni<\/a><\/p>\n<p>                <a class=\"news__read-more-button\" href=\"https:\/\/www.polsatnews.pl\/\" rel=\"nofollow noopener\" target=\"_blank\">Czytaj wi\u0119cej<\/a><\/p>\n<p>\t\t\tChcesz by\u0107 na bie\u017c\u0105co z najnowszymi newsami?<\/p>\n<p class=\"app-ad__preview\">Jeste\u015bmy w aplikacji na Tw\u00f3j telefon. Sprawd\u017a\u00a0nas!<\/p>\n","protected":false},"excerpt":{"rendered":"&#13; W nocy stolica Rosji zosta\u0142a zaatakowana przez drony. Wed\u0142ug lokalnych w\u0142adz obronie przeciwlotniczej rzekomo uda\u0142o si\u0119 zestrzeli\u0107&hellip;\n","protected":false},"author":2,"featured_media":151691,"comment_status":"","ping_status":"","sticky":false,"template":"","format":"standard","meta":{"footnotes":""},"categories":[14],"tags":[32,33,27,34,35,28,31,25,40,41,80,29,30,26,82,83,84],"class_list":{"0":"post-151690","1":"post","2":"type-post","3":"status-publish","4":"format-standard","5":"has-post-thumbnail","7":"category-swiat","8":"tag-breaking-news","9":"tag-breakingnews","10":"tag-headlines","11":"tag-latest-news","12":"tag-latestnews","13":"tag-naglowki","14":"tag-najwazniejsze-artykuly","15":"tag-news","16":"tag-polish","17":"tag-polski","18":"tag-swiat","19":"tag-top-stories","20":"tag-topstories","21":"tag-wiadomosci","22":"tag-world","23":"tag-world-news","24":"tag-worldnews"},"share_on_mastodon":{"url":"https:\/\/pubeurope.com\/@pl\/115722839973041389","error":""},"_links":{"self":[{"href":"https:\/\/www.europesays.com\/pl\/wp-json\/wp\/v2\/posts\/151690","targetHints":{"allow":["GET"]}}],"collection":[{"href":"https:\/\/www.europesays.com\/pl\/wp-json\/wp\/v2\/posts"}],"about":[{"href":"https:\/\/www.europesays.com\/pl\/wp-json\/wp\/v2\/types\/post"}],"author":[{"embeddable":true,"href":"https:\/\/www.europesays.com\/pl\/wp-json\/wp\/v2\/users\/2"}],"replies":[{"embeddable":true,"href":"https:\/\/www.europesays.com\/pl\/wp-json\/wp\/v2\/comments?post=151690"}],"version-history":[{"count":0,"href":"https:\/\/www.europesays.com\/pl\/wp-json\/wp\/v2\/posts\/151690\/revisions"}],"wp:featuredmedia":[{"embeddable":true,"href":"https:\/\/www.europesays.com\/pl\/wp-json\/wp\/v2\/media\/151691"}],"wp:attachment":[{"href":"https:\/\/www.europesays.com\/pl\/wp-json\/wp\/v2\/media?parent=151690"}],"wp:term":[{"taxonomy":"category","embeddable":true,"href":"https:\/\/www.europesays.com\/pl\/wp-json\/wp\/v2\/categories?post=151690"},{"taxonomy":"post_tag","embeddable":true,"href":"https:\/\/www.europesays.com\/pl\/wp-json\/wp\/v2\/tags?post=151690"}],"curies":[{"name":"wp","href":"https:\/\/api.w.org\/{rel}","templated":true}]}}