{"id":151692,"date":"2025-12-15T09:19:10","date_gmt":"2025-12-15T09:19:10","guid":{"rendered":"https:\/\/www.europesays.com\/pl\/151692\/"},"modified":"2025-12-15T09:19:10","modified_gmt":"2025-12-15T09:19:10","slug":"joanna-scheuring-wielgus-uderza-w-karola-nawrockiego-nie-jestesmy-na-ustawce","status":"publish","type":"post","link":"https:\/\/www.europesays.com\/pl\/151692\/","title":{"rendered":"Joanna Scheuring-Wielgus uderza w Karola Nawrockiego. &#8222;Nie jeste\u015bmy na ustawce&#8221;"},"content":{"rendered":"<p> Co powiedzia\u0142a Joanna Scheuring-Wielgus? <\/p>\n<p class=\"ods-c-paragraph \">\u2014 Karol Nawrocki pomyli\u0142 naprawd\u0119 swoje role. My nie jeste\u015bmy na ustawce, nie jeste\u015bmy na ringu. Pa\u0142ac Prezydencki i rola prezydenta to rola, kt\u00f3ra ma \u0142\u0105czy\u0107 Polki i Polak\u00f3w \u2014 stwierdzi\u0142a europos\u0142anka w rozmowie z Konradem Piaseckim, oceniaj\u0105c prezydentur\u0119 Nawrockiego.<\/p>\n<p>  Czy prezydent dzia\u0142a w interesie Polski? <\/p>\n<p class=\"ods-c-paragraph \">Zdaniem Scheuring-Wielgus, dzia\u0142ania Karola Nawrockiego &#8222;odbiegaj\u0105 od standard\u00f3w wyznaczonych przez jego poprzednik\u00f3w&#8221;, takich jak Lech Kaczy\u0144ski czy Aleksander Kwa\u015bniewski. \u2014 Dla interesu Polski trzeba si\u0119 dogadywa\u0107, ale nie mo\u017ce by\u0107 tak, \u017ce prezydent chce ustawia\u0107 wszystkich \u2014 podkre\u015bli\u0142a.<\/p>\n<p>     W\u0105tpliwo\u015bci wok\u00f3\u0142 przesz\u0142o\u015bci Karola Nawrockiego <\/p>\n<p class=\"ods-c-paragraph \">Europos\u0142anka zwr\u00f3ci\u0142a uwag\u0119 na brak przejrzysto\u015bci w biografii prezydenta. \u2014 O Karolu Nawrockim mo\u017cemy powiedzie\u0107, \u017ce nie znamy jego przesz\u0142o\u015bci. O Czarzastym mo\u017ce pan powiedzie\u0107 wszystko, Czarzasty nie wstydzi si\u0119 swojej przesz\u0142o\u015bci. Karol Nawrocki to facet, kt\u00f3ry bra\u0142 udzia\u0142 w ustawkach. Nie wiemy w ilu. Na Karola Nawrockiego do tej pory nie wiemy, ile os\u00f3b g\u0142osowa\u0142o. O Karolu Nawrockim na przyk\u0142ad, dlaczego i w jaki spos\u00f3b przej\u0105\u0142 kawalerk\u0119. Jest dla nas pewn\u0105 niewiadom\u0105, kt\u00f3ra pojawi\u0142a si\u0119 w Pa\u0142acu Prezydenckim \u2014 m\u00f3wi\u0142a Scheuring-Wielgus.<\/p>\n<p>     Jakie rozwi\u0105zanie proponuje europos\u0142anka? <\/p>\n<p class=\"ods-c-paragraph \">Joanna Scheuring-Wielgus apeluje do prezydenta o zmian\u0119 podej\u015bcia i wi\u0119kszy szacunek dla innych instytucji pa\u0144stwowych. \u2014 [Karol Nawrocki] powinien szanowa\u0107 instytucj\u0119 marsza\u0142ka, instytucj\u0119 premiera i powinien schowa\u0107, nie wiem, te swoje mi\u0119\u015bnie, kt\u00f3re co chwil\u0119 napina gdzie\u015b do szafy, przesta\u0107 si\u0119 napina\u0107, usi\u0105\u015b\u0107 do sto\u0142u i spr\u00f3bowa\u0107 si\u0119 porozumie\u0107 i znale\u017a\u0107 cz\u0119\u015b\u0107 wsp\u00f3ln\u0105 \u2014 podsumowa\u0142a.<\/p>\n<p class=\"ods-c-paragraph \">Czytaj te\u017c:<\/p>\n<p> Jakie dzia\u0142ania Karola Nawrockiego skrytykowa\u0142a Joanna Scheuring-Wielgus? <\/p>\n<p> Co uwa\u017ca Joanna Scheuring-Wielgus o przesz\u0142o\u015bci Karola Nawrockiego? <\/p>\n<p> Jakie propozycje ma Joanna Scheuring-Wielgus dla prezydenta Nawrockiego? <\/p>\n<p> Dlaczego Joanna Scheuring-Wielgus uwa\u017ca, \u017ce prezydent powinien szanowa\u0107 inne instytucje? <\/p>\n","protected":false},"excerpt":{"rendered":"Co powiedzia\u0142a Joanna Scheuring-Wielgus? \u2014 Karol Nawrocki pomyli\u0142 naprawd\u0119 swoje role. My nie jeste\u015bmy na ustawce, nie jeste\u015bmy&hellip;\n","protected":false},"author":2,"featured_media":151693,"comment_status":"","ping_status":"","sticky":false,"template":"","format":"standard","meta":{"footnotes":""},"categories":[12],"tags":[32,33,36,37,27,17417,43,49,34,35,28,31,48,25,46,42,38,40,39,41,47,29,30,70,26],"class_list":{"0":"post-151692","1":"post","2":"type-post","3":"status-publish","4":"format-standard","5":"has-post-thumbnail","7":"category-polska","8":"tag-breaking-news","9":"tag-breakingnews","10":"tag-featured-news","11":"tag-featurednews","12":"tag-headlines","13":"tag-joanna_scheuring_wielgus","14":"tag-karol_nawrocki","15":"tag-kraj","16":"tag-latest-news","17":"tag-latestnews","18":"tag-naglowki","19":"tag-najwazniejsze-artykuly","20":"tag-nat_styl","21":"tag-news","22":"tag-omp","23":"tag-pl","24":"tag-poland","25":"tag-polish","26":"tag-polska","27":"tag-polski","28":"tag-screening_general","29":"tag-top-stories","30":"tag-topstories","31":"tag-w_skrocie","32":"tag-wiadomosci"},"share_on_mastodon":{"url":"https:\/\/pubeurope.com\/@pl\/115722843744365142","error":""},"_links":{"self":[{"href":"https:\/\/www.europesays.com\/pl\/wp-json\/wp\/v2\/posts\/151692","targetHints":{"allow":["GET"]}}],"collection":[{"href":"https:\/\/www.europesays.com\/pl\/wp-json\/wp\/v2\/posts"}],"about":[{"href":"https:\/\/www.europesays.com\/pl\/wp-json\/wp\/v2\/types\/post"}],"author":[{"embeddable":true,"href":"https:\/\/www.europesays.com\/pl\/wp-json\/wp\/v2\/users\/2"}],"replies":[{"embeddable":true,"href":"https:\/\/www.europesays.com\/pl\/wp-json\/wp\/v2\/comments?post=151692"}],"version-history":[{"count":0,"href":"https:\/\/www.europesays.com\/pl\/wp-json\/wp\/v2\/posts\/151692\/revisions"}],"wp:featuredmedia":[{"embeddable":true,"href":"https:\/\/www.europesays.com\/pl\/wp-json\/wp\/v2\/media\/151693"}],"wp:attachment":[{"href":"https:\/\/www.europesays.com\/pl\/wp-json\/wp\/v2\/media?parent=151692"}],"wp:term":[{"taxonomy":"category","embeddable":true,"href":"https:\/\/www.europesays.com\/pl\/wp-json\/wp\/v2\/categories?post=151692"},{"taxonomy":"post_tag","embeddable":true,"href":"https:\/\/www.europesays.com\/pl\/wp-json\/wp\/v2\/tags?post=151692"}],"curies":[{"name":"wp","href":"https:\/\/api.w.org\/{rel}","templated":true}]}}