{"id":151700,"date":"2025-12-15T09:25:12","date_gmt":"2025-12-15T09:25:12","guid":{"rendered":"https:\/\/www.europesays.com\/pl\/151700\/"},"modified":"2025-12-15T09:25:12","modified_gmt":"2025-12-15T09:25:12","slug":"usa-podnosza-cene-za-f-35-szwajcaria-postawiona-pod-sciana","status":"publish","type":"post","link":"https:\/\/www.europesays.com\/pl\/151700\/","title":{"rendered":"USA podnosz\u0105 cen\u0119 za F-35. Szwajcaria postawiona pod \u015bcian\u0105"},"content":{"rendered":"<ul class=\"UnorderedList_container__nmfSl\">\n<li class=\"UnorderedList_listElement__Py7xi UnorderedList_listElementDefault__oEOOV\"> Artyku\u0142 przygotowany dla Onet.pl przez zesp\u00f3\u0142 redakcyjny miesi\u0119cznika &#8222;Nowa Technika Wojskowa&#8221; i portalu\u00a0<a rel=\"nofollow noopener\" href=\"https:\/\/portalmilitarny.pl\/\" target=\"_blank\">portalmilitarny.pl<\/a> <\/li>\n<\/ul>\n<ul class=\"UnorderedList_container__nmfSl\">\n<li class=\"UnorderedList_listElement__Py7xi\" data-id=\"ai-summary-link\">Du\u017co czytania, a ma\u0142o czasu? Sprawd\u017a\u00a0skr\u00f3t\u00a0artyku\u0142u<\/li>\n<\/ul>\n<p class=\"Paragraph_desktopParagraph__U31Gm\">Przypomnijmy, \u017ce umowa dotycz\u0105ca zakupu my\u015bliwc\u00f3w F-35A o warto\u015bci 6 mld frank\u00f3w zosta\u0142a zawarta we wrze\u015bniu 2022 r. Pierwsze samoloty maj\u0105 by\u0107 gotowe do odbioru w 2028 r. Tymczasem w\u0142adze w Waszyngtonie ju\u017c w czerwcu 2025 r. zapowiedzia\u0142y Szwajcarom, \u017ce nie uszanuj\u0105 ustalonej wcze\u015bniej w kontrakcie sta\u0142ej ceny za samoloty ze wzgl\u0119du na dodatkowe koszty wynikaj\u0105ce z rosn\u0105cych cen surowc\u00f3w, a tak\u017ce cz\u0119\u015bciowo inflacji i nowych ce\u0142 wprowadzonych przez administracj\u0119 Donalda Trumpa.<\/p>\n<p class=\"Paragraph_desktopParagraph__U31Gm\">Podczas ostatnich rozm\u00f3w prowadzonych we wrze\u015bniu 2025 r. Stany Zjednoczone oszacowa\u0142y dodatkowe koszty zakupu uzgodnionej liczby 36 samolot\u00f3w na kwot\u0119 od 650 mln do 1,3 mld frank\u00f3w. W zwi\u0105zku z tym Rada Federalna og\u0142osi\u0142a, \u017ce nie przyzna na ten kontrakt dodatkowego finansowania, zlecaj\u0105c Federalnemu Departamentowi Obrony wynegocjowanie jak najwi\u0119kszej liczby samolot\u00f3w F-35 w ramach bud\u017cetu wynosz\u0105cego 6 mld frank\u00f3w. Wola wyborc\u00f3w zostanie zatem uszanowana, twierdzi Rada Federalna, cho\u0107 nadal pozostaje otwarta kwestia dok\u0142adnej liczby my\u015bliwc\u00f3w, kt\u00f3re b\u0119dzie mo\u017cna pozyska\u0107. W ostatnich dniach lokalne media spekulowa\u0142y o mo\u017cliwym zmniejszeniu zam\u00f3wienia do oko\u0142o 30 maszyn.<\/p>\n<p><img decoding=\"async\" class=\"Image_image__0tuHp Image_autoHeight__f2n87 \" height=\"587\" width=\"880\" src=\"https:\/\/www.europesays.com\/pl\/wp-content\/uploads\/2025\/12\/7nJk9kpTURBXy85ZGQ3MTJhY2UwNTU5ZDAwNDg4YjU3MDAxYTM5YmI5NS5qcGeSlQLNA6wAwsOVAgDNAkvCw94AA6EwAaExAaEzw.jpeg\" alt=\"Umowa dotycz\u0105ca zakupu przez Szwajcari\u0119 36 my\u015bliwc\u00f3w F-35A o warto\u015bci 6 mld frank\u00f3w zosta\u0142a zawarta we wrze\u015bniu 2022 roku.\" loading=\"lazy\" \/>Marcin Strembski \/ Nowa Technika Wojskowa<\/p>\n<p>Umowa dotycz\u0105ca zakupu przez Szwajcari\u0119 36 my\u015bliwc\u00f3w F-35A o warto\u015bci 6 mld frank\u00f3w zosta\u0142a zawarta we wrze\u015bniu 2022 roku.<\/p>\n<p class=\"Paragraph_desktopParagraph__U31Gm\">Co ciekawe w kwietniu 2025 r. jedna z g\u0142\u00f3wnych szwajcarskich partii politycznych o nazwie Centrum, z\u0142o\u017cy\u0142a w parlamencie projekt uchwa\u0142y wzywaj\u0105cej Rad\u0119 Federaln\u0105 do ca\u0142kowitego rozwi\u0105zania kontraktu na ameryka\u0144skie samoloty F-35, podnosz\u0105c przeciwko tym maszynom trzy argumenty. Po pierwsze, koszt programu w ca\u0142ym okresie eksploatacji samolot\u00f3w przekroczy 18 mld frank\u00f3w i b\u0119dzie znacznie wy\u017cszy ni\u017c eksploatacja obecnych my\u015bliwc\u00f3w F\/A-18. Po drugie, zaawansowane mo\u017cliwo\u015bci stealth F-35 maj\u0105 by\u0107 Szwajcarii zb\u0119dne w zadaniach czasu pokoju. Po trzecie, relacje z USA znacznie pogorszy\u0142y si\u0119 przez podniesienie c\u0142a i nieprzewidywaln\u0105, si\u0142ow\u0105 polityk\u0119 prezydenta Donalda Trumpa.<\/p>\n<p><img decoding=\"async\" class=\"Image_image__0tuHp Image_autoHeight__f2n87 \" height=\"587\" width=\"782\" src=\"https:\/\/www.europesays.com\/pl\/wp-content\/uploads\/2025\/12\/eUUk9kpTURBXy83MTk0NDA5ZmE5MjNjOWRkOGJiMjNlZDI5ZDhhMWFiMS5qcGeSlQLNA6wAwsOVAgDNAkvCw94AA6EwAaExAaEzw.jpeg\" alt=\"Bior\u0105c pod uwag\u0119 pogarszaj\u0105c\u0105 si\u0119 sytuacj\u0119 geopolityczn\u0105 i napi\u0119t\u0105 sytuacj\u0119 bezpiecze\u0144stwa w Europie, rz\u0105d w Bernie uwa\u017ca, \u017ce anulowanie zakupu my\u015bliwc\u00f3w F-35 nie wchodzi obecnie w gr\u0119.\" loading=\"lazy\" \/>Marcin Strembski \/ Nowa Technika Wojskowa<\/p>\n<p>Bior\u0105c pod uwag\u0119 pogarszaj\u0105c\u0105 si\u0119 sytuacj\u0119 geopolityczn\u0105 i napi\u0119t\u0105 sytuacj\u0119 bezpiecze\u0144stwa w Europie, rz\u0105d w Bernie uwa\u017ca, \u017ce anulowanie zakupu my\u015bliwc\u00f3w F-35 nie wchodzi obecnie w gr\u0119.<\/p>\n<p class=\"Paragraph_desktopParagraph__U31Gm\">Bior\u0105c pod uwag\u0119 pogarszaj\u0105c\u0105 si\u0119 sytuacj\u0119 geopolityczn\u0105 i napi\u0119t\u0105 sytuacj\u0119 bezpiecze\u0144stwa w Europie, rz\u0105d w Bernie uwa\u017ca jednak, \u017ce odst\u0105pienie od zakupu my\u015bliwc\u00f3w F-35 nie wchodzi obecnie w gr\u0119. Na tym samym spotkaniu z 12 grudnia minister obrony Martin Pfister przedstawi\u0142 r\u00f3wnie\u017c now\u0105 strategi\u0119 polityki bezpiecze\u0144stwa Szwajcarii na nadchodz\u0105ce lata, kt\u00f3ra wr\u0119cz nakazuje jak najszybsze pozyskiwanie nowoczesnego uzbrojenia.<\/p>\n<p class=\"Paragraph_desktopParagraph__U31Gm\">W jego ocenie: Agresywna wojna Rosji przeciwko Ukrainie by\u0142a momentem prze\u0142omowym dla polityki bezpiecze\u0144stwa, a Szwajcaria r\u00f3wnie\u017c odczuwa jej bezpo\u015brednie konsekwencje. Moskwa chce powi\u0119kszy\u0107 swoj\u0105 stref\u0119 wp\u0142yw\u00f3w i ukierunkowuje swoj\u0105 gospodark\u0119 na wojn\u0119, a si\u0142y zbrojne na ewentualn\u0105 konfrontacj\u0119 z pa\u0144stwami zachodnimi.<\/p>\n<p class=\"Paragraph_desktopParagraph__U31Gm\">Wed\u0142ug ministra nie mo\u017cna zatem wykluczy\u0107, \u017ce lokalna wojna mo\u017ce przerodzi\u0107 si\u0119 w rozleg\u0142y konflikt mi\u0119dzy Rosj\u0105 a pa\u0144stwami NATO; zagro\u017cenie dla Szwajcarii jest zatem realne. Jednocze\u015bnie, jak stwierdzi\u0142 Pfister, Stany Zjednoczone s\u0105 coraz bardziej niech\u0119tne do przyj\u0119cia swojej tradycyjnej roli gwaranta porz\u0105dku \u015bwiatowego. Dlatego dzia\u0142ania na rzecz poprawy zdolno\u015bci obronnych s\u0105 obecnie jeszcze pilniejsze, poniewa\u017c szwajcarskie wojsko nie jest aktualnie wystarczaj\u0105co przygotowane na nowe wyzwania.<\/p>\n","protected":false},"excerpt":{"rendered":"Artyku\u0142 przygotowany dla Onet.pl przez zesp\u00f3\u0142 redakcyjny miesi\u0119cznika &#8222;Nowa Technika Wojskowa&#8221; i portalu\u00a0portalmilitarny.pl Du\u017co czytania, a ma\u0142o czasu?&hellip;\n","protected":false},"author":2,"featured_media":151701,"comment_status":"","ping_status":"","sticky":false,"template":"","format":"standard","meta":{"footnotes":""},"categories":[14],"tags":[32,33,27,369,34,35,28,31,53,25,10074,52,68,51,55,40,41,47,80,29,30,50,26,82,83,84],"class_list":{"0":"post-151700","1":"post","2":"type-post","3":"status-publish","4":"format-standard","5":"has-post-thumbnail","7":"category-swiat","8":"tag-breaking-news","9":"tag-breakingnews","10":"tag-headlines","11":"tag-kk","12":"tag-latest-news","13":"tag-latestnews","14":"tag-naglowki","15":"tag-najwazniejsze-artykuly","16":"tag-new_header","17":"tag-news","18":"tag-nowa_technika_wojskowa","19":"tag-onet3","20":"tag-onet3d","21":"tag-onet3d_2i","22":"tag-phx","23":"tag-polish","24":"tag-polski","25":"tag-screening_general","26":"tag-swiat","27":"tag-top-stories","28":"tag-topstories","29":"tag-v2021","30":"tag-wiadomosci","31":"tag-world","32":"tag-world-news","33":"tag-worldnews"},"share_on_mastodon":{"url":"https:\/\/pubeurope.com\/@pl\/115722868019441510","error":""},"_links":{"self":[{"href":"https:\/\/www.europesays.com\/pl\/wp-json\/wp\/v2\/posts\/151700","targetHints":{"allow":["GET"]}}],"collection":[{"href":"https:\/\/www.europesays.com\/pl\/wp-json\/wp\/v2\/posts"}],"about":[{"href":"https:\/\/www.europesays.com\/pl\/wp-json\/wp\/v2\/types\/post"}],"author":[{"embeddable":true,"href":"https:\/\/www.europesays.com\/pl\/wp-json\/wp\/v2\/users\/2"}],"replies":[{"embeddable":true,"href":"https:\/\/www.europesays.com\/pl\/wp-json\/wp\/v2\/comments?post=151700"}],"version-history":[{"count":0,"href":"https:\/\/www.europesays.com\/pl\/wp-json\/wp\/v2\/posts\/151700\/revisions"}],"wp:featuredmedia":[{"embeddable":true,"href":"https:\/\/www.europesays.com\/pl\/wp-json\/wp\/v2\/media\/151701"}],"wp:attachment":[{"href":"https:\/\/www.europesays.com\/pl\/wp-json\/wp\/v2\/media?parent=151700"}],"wp:term":[{"taxonomy":"category","embeddable":true,"href":"https:\/\/www.europesays.com\/pl\/wp-json\/wp\/v2\/categories?post=151700"},{"taxonomy":"post_tag","embeddable":true,"href":"https:\/\/www.europesays.com\/pl\/wp-json\/wp\/v2\/tags?post=151700"}],"curies":[{"name":"wp","href":"https:\/\/api.w.org\/{rel}","templated":true}]}}