{"id":151713,"date":"2025-12-15T09:34:20","date_gmt":"2025-12-15T09:34:20","guid":{"rendered":"https:\/\/www.europesays.com\/pl\/151713\/"},"modified":"2025-12-15T09:34:20","modified_gmt":"2025-12-15T09:34:20","slug":"poznali-sie-gdy-byli-nastolatkami-zona-jakuba-blaszczykowskiego-nie-jest-typowa-wag","status":"publish","type":"post","link":"https:\/\/www.europesays.com\/pl\/151713\/","title":{"rendered":"Poznali si\u0119, gdy byli nastolatkami. \u017bona Jakuba B\u0142aszczykowskiego nie jest typow\u0105 WAG"},"content":{"rendered":"<p class=\"Paragraph_desktopParagraph__Fd2e9\">Jakub B\u0142aszczykowski i Agata Go\u0142aszewska zostali par\u0105 w 2005 r. Zanim zacz\u0119li si\u0119 spotyka\u0107, znali si\u0119 z widzenia. Ich relacja zacz\u0119\u0142a si\u0119 od popularnego niegdy\u015b komunikatora \u2014 Gadu-Gadu. Tam B\u0142aszczykowski zaczepi\u0142 Go\u0142aszewsk\u0105, prosz\u0105c o numer telefonu do kolegi, z kt\u00f3rym gra\u0142 w&#8230; jednej dru\u017cynie.<\/p>\n<p class=\"VideoPlayerText_videoPlayerText__zrtJk\">Dalszy ci\u0105g materia\u0142u pod wideo<\/p>\n<p>Tak wygl\u0105da\u0142y pocz\u0105tki zwi\u0105zku Jakuba B\u0142aszczykowskiego i Agaty Go\u0142aszewskiej. &#8222;Ca\u0142y czas si\u0119 z\u0142o\u015bci\u0142 o koleg\u00f3w&#8221;<\/p>\n<p class=\"Paragraph_desktopParagraph__Fd2e9\">\u2014 Jak mu go poda\u0142am, to ju\u017c napisa\u0142 wprost, czy si\u0119 spotkamy. Od razu z grubej rury przeszed\u0142 do rzeczy. Nie s\u0105dzi\u0142am, \u017ce to b\u0119dzie co\u015b powa\u017cnego \u2014 opowiada\u0142a Agata B\u0142aszczykowska w filmie dokumentalnym o jej m\u0119\u017cu, kt\u00f3ry ukaza\u0142 si\u0119 w 2024 r. na platformie Amazon Prime Video.<\/p>\n<p class=\"Paragraph_desktopParagraph__Fd2e9\">Gdy w 2005 r. B\u0142aszczykowski rozpocz\u0105\u0142 treningi z Wis\u0142\u0105 Krak\u00f3w, zn\u00f3w napisa\u0142 do Go\u0142aszewskiej. Um\u00f3wili si\u0119, \u017ce jak wr\u00f3ci do Polski z obozu na Cyprze, to si\u0119 spotkaj\u0105. I tak po trzech miesi\u0105cach randek zostali par\u0105.<\/p>\n<p class=\"Paragraph_desktopParagraph__Fd2e9\">Pocz\u0105tkowo Jakub by\u0142 bardzo zazdrosny o dziewczyn\u0119, co doprowadza\u0142o do licznych k\u0142\u00f3tni. &#8222;Oboje twierdzimy, \u017ce to jaki\u015b cud, \u017ce dalej jeste\u015bmy razem. Jak si\u0119 poznali\u015bmy, to strasznie si\u0119 k\u0142\u00f3cili\u015bmy. O bzdury. On si\u0119 bardzo denerwowa\u0142 [&#8230;]. Przetrwa\u0142am du\u017co takich sytuacji, \u017ce mi si\u0119 \u015bmia\u0107 chcia\u0142o, a on z tego robi\u0142 wielk\u0105 tragedi\u0119. Chodzi\u0142am do liceum, w szkole mia\u0142am kole\u017canki i koleg\u00f3w. Ca\u0142y czas si\u0119 z\u0142o\u015bci\u0142 o tych koleg\u00f3w&#8221; \u2014 wspomina\u0142a Agata w ksi\u0105\u017cce &#8222;Kuba&#8221;, kt\u00f3r\u0105 jej m\u0105\u017c stworzy\u0142 razem z dziennikark\u0105 Ma\u0142gorzat\u0105 Domagalik.<\/p>\n<p><img decoding=\"async\" src=\"https:\/\/www.europesays.com\/pl\/wp-content\/uploads\/2025\/12\/jakub-blaszczykowski-z-ukochana-agata-w-2008-r.jpg\" alt=\"Jakub B\u0142aszczykowski z ukochan\u0105 Agat\u0105 w 2008 r.\" width=\"944\" height=\"629\" loading=\"lazy\" class=\"\" \/>Jakub B\u0142aszczykowski z ukochan\u0105 Agat\u0105 w 2008 r. (Foto: Piotr Kucza\/Fotopyk \/ newspix.pl)Poprosi\u0142, by z nim wyjecha\u0142a. Do akcji wkroczy\u0142 jej tata. &#8222;Kuba nie mia\u0142 wyj\u015bcia&#8221;<\/p>\n<p class=\"Paragraph_desktopParagraph__Fd2e9\">Po dw\u00f3ch latach zwi\u0105zku pi\u0142karz si\u0119 o\u015bwiadczy\u0142. Mia\u0142o to miejsce tu\u017c przed wyjazdem do Niemiec. Polak zosta\u0142 wtedy zawodnikiem Borussii Dortmund i chcia\u0142, by ukochana przeprowadzi\u0142a si\u0119 razem z nim za granic\u0119. Jaki\u015b czas temu Agata B\u0142aszczykowska \u015bmia\u0142a si\u0119, \u017ce sportowiec nie mia\u0142 wyboru i musia\u0142 poprosi\u0107 j\u0105 o r\u0119k\u0119.<\/p>\n<p class=\"Paragraph_desktopParagraph__Fd2e9\">\u2014 Wkroczy\u0142 m\u00f3j tata. \u00bbJak ty sobie to wyobra\u017casz? Jak ty pojedziesz do Niemiec? Jako kto? [&#8230;]\u00ab Powiedzia\u0142am Kubie, \u017ce tata tak powiedzia\u0142, no i si\u0119 o\u015bwiadczy\u0142. Nie wiem, czy chcia\u0142, ale nie mia\u0142 wyj\u015bcia \u2014 opowiada\u0142a we wspomnianym wcze\u015bniej filmie. Pi\u0142karz o\u015bwiadczy\u0142 si\u0119 w obecno\u015bci najbli\u017cszej rodziny. Zakochani razem wybrali pier\u015bcionek zar\u0119czynowy, a nast\u0119pnego dnia Agata oficjalnie powiedzia\u0142a &#8222;tak&#8221;.<\/p>\n<p class=\"Paragraph_desktopParagraph__Fd2e9\">19 czerwca 2010 r. B\u0142aszczykowski i Go\u0142aszewska stan\u0119li na \u015blubnym kobiercu. Sakramentalne &#8222;tak&#8221; powiedzieli sobie w ko\u015bciele w okolicy Ustronia, natomiast wesele odby\u0142o si\u0119 w Wi\u015ble. Co ciekawe, pan m\u0142ody postawi\u0142 na bia\u0142y garnitur.<\/p>\n<p><img decoding=\"async\" src=\"https:\/\/www.europesays.com\/pl\/wp-content\/uploads\/2025\/12\/jakub-blaszczykowski-z-zona-agata-w-dniu-slubu.png\" alt=\"Jakub B\u0142aszczykowski z \u017con\u0105 Agat\u0105 w dniu \u015blubu\" width=\"944\" height=\"523\" loading=\"lazy\" class=\"\" \/>Jakub B\u0142aszczykowski z \u017con\u0105 Agat\u0105 w dniu \u015blubu (Foto: Oficjalny zwiastun filmu &#8222;Kuba&#8221;, Prime Video Polska \/ YouTube)Jakub B\u0142aszczykowski zachwyca si\u0119 \u017con\u0105. &#8222;Ujarzmi\u0142a byka w m\u0105dry spos\u00f3b&#8221;<\/p>\n<p class=\"Paragraph_desktopParagraph__Fd2e9\">Pi\u0142karz i jego \u017cona doczekali si\u0119 trojga dzieci. Po raz pierwszy zostali rodzicami w kwietniu 2011 r. W\u00f3wczas na \u015bwiecie pojawi\u0142a si\u0119 Oliwia. Drug\u0105 c\u00f3rk\u0119 powitali w czerwcu 2014 r., natomiast syn Fabian urodzi\u0142 si\u0119 w czerwcu 2019 r. B\u0142aszczykowski nieraz wspomina\u0142 w wywiadach, \u017ce wychowanie dzieci to najtrudniejsza rzecz, jak\u0105 w \u017cyciu robi\u0142. Kiedy\u015b wyzna\u0142 r\u00f3wnie\u017c, \u017ce pod wzgl\u0119dem charakteru najm\u0142odszy potomek jest do niego bardzo podobny.<\/p>\n<p class=\"Paragraph_desktopParagraph__Fd2e9\">Jakub B\u0142aszczykowski nieraz chwali\u0142 swoj\u0105 \u017con\u0119 w rozmowach z dziennikarzami. \u2014 Na pewno pokaza\u0142a mi t\u0119 drug\u0105, dobr\u0105 stron\u0119 \u017cycia. Oczywi\u015bcie da\u0142a mi tr\u00f3jk\u0119 wspania\u0142ych dzieci, ale te\u017c stworzy\u0142a taki dom, w kt\u00f3rym czuj\u0119 si\u0119 i czu\u0142em si\u0119 bezpieczny. Potrafi\u0142a tego byka ujarzmi\u0107 w taki naprawd\u0119 m\u0105dry spos\u00f3b \u2014 m\u00f3wi\u0142 w filmie &#8222;Kuba&#8221;.<\/p>\n<p class=\"Paragraph_desktopParagraph__Fd2e9\">Gdy kilka lat temu otrzyma\u0142 Krzy\u017c Komandorski Orderu Odrodzenia Polski, na uroczysto\u015bci w Pa\u0142acu Prezydenckim te\u017c wspomnia\u0142 o ukochanej. \u2014 S\u0142ysza\u0142em wiele razy, \u017ce odbiciem czy lustrem ka\u017cdego m\u0119\u017cczyzny jest jego kobieta. We wszystkich moich sukcesach, w tym, \u017ce sta\u0142em si\u0119 cz\u0142owiekiem empatycznym, [&#8230;] jest du\u017ca zas\u0142uga mojej ma\u0142\u017conki, kt\u00f3ra zmieni\u0142a mnie jako cz\u0142owieka i z tego miejsca jej za to dzi\u0119kuj\u0119 \u2014 podkre\u015bla\u0142.<\/p>\n<p><img decoding=\"async\" src=\"https:\/\/www.europesays.com\/pl\/wp-content\/uploads\/2025\/12\/jakub-blaszczykowski-z-zona-agata-w-2011-r.jpg\" alt=\"Jakub B\u0142aszczykowski z \u017con\u0105 Agat\u0105 w 2011 r.\" width=\"944\" height=\"1416\" loading=\"lazy\" class=\"\" \/>Jakub B\u0142aszczykowski z \u017con\u0105 Agat\u0105 w 2011 r. (Foto: Marius Becker \/ PAP (zdj\u0119cia) &#8211; PS.Onet.pl)Unikaj\u0105 blasku fleszy. &#8222;Nie jeste\u015bmy celebrytami ani lwami salonowymi&#8221;<\/p>\n<p class=\"Paragraph_desktopParagraph__Fd2e9\">Zar\u00f3wno Jakub B\u0142aszczykowski, jak i jego \u017cona ceni\u0105 sobie prywatno\u015b\u0107. By\u0142y pi\u0142karz cieszy si\u0119 bardzo du\u017c\u0105 popularno\u015bci\u0105 w social mediach, jednak nie nale\u017cy do grona gwiazd, kt\u00f3re nie wyobra\u017caj\u0105 sobie dnia bez publikacji nowych tre\u015bci. Na profilu by\u0142ego reprezentanta Polski znajdziemy g\u0142\u00f3wnie posty zwi\u0105zane z futbolem i dzia\u0142alno\u015bci\u0105 charytatywn\u0105, za to prywatne fotki zapewne zdo\u0142amy policzy\u0107 na palcach.<\/p>\n<p class=\"Paragraph_desktopParagraph__Fd2e9\">W czerwcu 2025 r., gdy Agata B\u0142aszczykowska obchodzi\u0142a 37. urodziny, Jakub zaskoczy\u0142 fan\u00f3w, publikuj\u0105c wsp\u00f3lne zdj\u0119cie z ukochan\u0105.<\/p>\n<p><img decoding=\"async\" src=\"https:\/\/www.europesays.com\/pl\/wp-content\/uploads\/2025\/12\/jakub-blaszczykowski-z-zona-agata.jpg\" alt=\"Jakub B\u0142aszczykowski z \u017con\u0105 Agat\u0105\" width=\"540\" height=\"952\" loading=\"lazy\" class=\"\" \/>Jakub B\u0142aszczykowski z \u017con\u0105 Agat\u0105 (Foto: kuba.blaszczykowski \/ Instagram)<\/p>\n<p class=\"Paragraph_desktopParagraph__Fd2e9\">\u017bona Jakuba B\u0142aszczykowskiego ma co prawda profil na Instagramie, ale jest on prywatny. Agata przez lata praktycznie nie pokazywa\u0142a si\u0119 na imprezach w blasku fleszy. Zrobi\u0142a raptem kilka wyj\u0105tk\u00f3w \u2014 pojawi\u0142a si\u0119 np. na Gali Mistrz\u00f3w Sportu &#8222;Przegl\u0105du Sportowego&#8221; w 2024 r. czy na premierze filmu &#8222;Kuba&#8221;.<\/p>\n<p><img decoding=\"async\" src=\"https:\/\/www.europesays.com\/pl\/wp-content\/uploads\/2025\/12\/agata-blaszczykowska-i-jakub-blaszczykowski.jpg\" alt=\"Agata B\u0142aszczykowska i Jakub B\u0142aszczykowski\" width=\"944\" height=\"629\" loading=\"lazy\" class=\"\" \/>Agata B\u0142aszczykowska i Jakub B\u0142aszczykowski (Foto: Piotr Kucza\/Fotopyk \/ newspix.pl)<\/p>\n<p class=\"Paragraph_desktopParagraph__Fd2e9\">&#8222;Nie jeste\u015bmy celebrytami ani lwami salonowymi. Gdy mamy ochot\u0119, idziemy na kolacj\u0119, cho\u0107 rzadko to si\u0119 zdarza. Dom to nasze ulubione miejsce&#8221; \u2014 t\u0142umaczy\u0142 w 2014 r. sportowiec. Nieraz mogli\u015bmy za to zobaczy\u0107 Agat\u0119 B\u0142aszczykowsk\u0105 na meczach m\u0119\u017ca.<\/p>\n<p><img decoding=\"async\" src=\"https:\/\/www.europesays.com\/pl\/wp-content\/uploads\/2025\/12\/agata-blaszczykowska-i-jakub-blaszczykowski-w-2024-r.jpg\" alt=\"Agata B\u0142aszczykowska i Jakub B\u0142aszczykowski w 2024 r.\" width=\"944\" height=\"1416\" loading=\"lazy\" class=\"\" \/>Agata B\u0142aszczykowska i Jakub B\u0142aszczykowski w 2024 r. (Foto: FOTON \/ PAP (zdj\u0119cia) &#8211; PS.Onet.pl)<\/p>\n","protected":false},"excerpt":{"rendered":"Jakub B\u0142aszczykowski i Agata Go\u0142aszewska zostali par\u0105 w 2005 r. Zanim zacz\u0119li si\u0119 spotyka\u0107, znali si\u0119 z widzenia.&hellip;\n","protected":false},"author":2,"featured_media":151714,"comment_status":"","ping_status":"","sticky":false,"template":"","format":"standard","meta":{"footnotes":""},"categories":[5],"tags":[32,33,36,37,27,67,9795,34,35,28,31,25,129,948,42,38,40,39,41,11970,136,128,47,655,29,30,11971,26,130],"class_list":{"0":"post-151713","1":"post","2":"type-post","3":"status-publish","4":"format-standard","5":"has-post-thumbnail","7":"category-naglowki","8":"tag-breaking-news","9":"tag-breakingnews","10":"tag-featured-news","11":"tag-featurednews","12":"tag-headlines","13":"tag-intextvideo_splayer","14":"tag-jakub_blaszczykowski","15":"tag-latest-news","16":"tag-latestnews","17":"tag-naglowki","18":"tag-najwazniejsze-artykuly","19":"tag-news","20":"tag-ofsajd","21":"tag-pilka_nozna","22":"tag-pl","23":"tag-poland","24":"tag-polish","25":"tag-polska","26":"tag-polski","27":"tag-polskie_wags","28":"tag-ps_detal_new","29":"tag-psv2","30":"tag-screening_general","31":"tag-styl_zycia_lifestyle_","32":"tag-top-stories","33":"tag-topstories","34":"tag-wags","35":"tag-wiadomosci","36":"tag-wiadomosci_sportowe"},"share_on_mastodon":{"url":"https:\/\/pubeurope.com\/@pl\/115722904161831677","error":""},"_links":{"self":[{"href":"https:\/\/www.europesays.com\/pl\/wp-json\/wp\/v2\/posts\/151713","targetHints":{"allow":["GET"]}}],"collection":[{"href":"https:\/\/www.europesays.com\/pl\/wp-json\/wp\/v2\/posts"}],"about":[{"href":"https:\/\/www.europesays.com\/pl\/wp-json\/wp\/v2\/types\/post"}],"author":[{"embeddable":true,"href":"https:\/\/www.europesays.com\/pl\/wp-json\/wp\/v2\/users\/2"}],"replies":[{"embeddable":true,"href":"https:\/\/www.europesays.com\/pl\/wp-json\/wp\/v2\/comments?post=151713"}],"version-history":[{"count":0,"href":"https:\/\/www.europesays.com\/pl\/wp-json\/wp\/v2\/posts\/151713\/revisions"}],"wp:featuredmedia":[{"embeddable":true,"href":"https:\/\/www.europesays.com\/pl\/wp-json\/wp\/v2\/media\/151714"}],"wp:attachment":[{"href":"https:\/\/www.europesays.com\/pl\/wp-json\/wp\/v2\/media?parent=151713"}],"wp:term":[{"taxonomy":"category","embeddable":true,"href":"https:\/\/www.europesays.com\/pl\/wp-json\/wp\/v2\/categories?post=151713"},{"taxonomy":"post_tag","embeddable":true,"href":"https:\/\/www.europesays.com\/pl\/wp-json\/wp\/v2\/tags?post=151713"}],"curies":[{"name":"wp","href":"https:\/\/api.w.org\/{rel}","templated":true}]}}