{"id":151715,"date":"2025-12-15T09:35:22","date_gmt":"2025-12-15T09:35:22","guid":{"rendered":"https:\/\/www.europesays.com\/pl\/151715\/"},"modified":"2025-12-15T09:35:22","modified_gmt":"2025-12-15T09:35:22","slug":"alonso-to-nie-zart-o-to-co-spiewali-fani-barcelony","status":"publish","type":"post","link":"https:\/\/www.europesays.com\/pl\/151715\/","title":{"rendered":"&#8222;Alonso&#8221;. To nie \u017cart. O to co \u015bpiewali fani Barcelony"},"content":{"rendered":"\n<p class=\"contentpart contentpart--default contentpart--text\" data-position=\"0\"><a href=\"https:\/\/sportowefakty.wp.pl\/pilka-nozna\/fc-barcelona\" rel=\"nofollow noopener\" target=\"_blank\">FC Barcelona<\/a>\u00a0p\u00f3\u017ano, bo p\u00f3\u017ano, ale zapewni\u0142a sobie zwyci\u0119stwo 2:0 z <a href=\"https:\/\/sportowefakty.wp.pl\/pilka-nozna\/osasuna-pampeluna\" rel=\"nofollow noopener\" target=\"_blank\">Osasun\u0105<\/a>. Przed\u0142u\u017cy\u0107 seri\u0119 wygranych w <a href=\"https:\/\/sportowefakty.wp.pl\/pilka-nozna\/la-liga\" rel=\"nofollow noopener\" target=\"_blank\">La Lidze<\/a>\u00a0pozwoli\u0142y dwa gole <a href=\"https:\/\/sportowefakty.wp.pl\/pilka-nozna\/raphinha\" rel=\"nofollow noopener\" target=\"_blank\">Raphinhi<\/a>, z kt\u00f3rych pierwszy pad\u0142 w 70. minucie.<\/p>\n<p class=\"contentpart contentpart--default contentpart--text\" data-position=\"1\">Po bramkach <a href=\"https:\/\/sportowefakty.wp.pl\/brazylia\" rel=\"nofollow noopener\" target=\"_blank\">Brazylijczyka<\/a>\u00a0kibice FC Barcelony odetchn\u0119li z ulg\u0105, poniewa\u017c wcze\u015bniej konfrontacja nie by\u0142a prosta dla podopiecznych <a href=\"https:\/\/sportowefakty.wp.pl\/pilka-nozna\/hansi-flick\" rel=\"nofollow noopener\" target=\"_blank\">Hansiego Flicka<\/a>. Cz\u0119\u015b\u0107 z nich zacz\u0119\u0142a te\u017c prze\u015bmiewczo pozdrawia\u0107 <a href=\"https:\/\/sportowefakty.wp.pl\/pilka-nozna\/xabi-alonso\" rel=\"nofollow noopener\" target=\"_blank\">Xabiego Alonso<\/a>, czyli trenera wielkiego rywala <a href=\"https:\/\/sportowefakty.wp.pl\/pilka-nozna\/real-madryt\" rel=\"nofollow noopener\" target=\"_blank\">Realu Madryt<\/a>, kt\u00f3ry poprowadzi\u0142 Kr\u00f3lewskich do zaledwie dw\u00f3ch wygranych w ostatnich o\u015bmiu meczach. Jak na Real, s\u0105 to wyniki mocno poni\u017cej oczekiwa\u0144.<\/p>\n<p> <img role=\"presentation\" src=\"https:\/\/std.wpcdn.pl\/images\/adv\/placeholder_wp.svg\" loading=\"lazy\" alt=\"\" decoding=\"async\"\/>  <\/p>\n<p class=\"contentpart contentpart--default contentpart--text\" data-position=\"2\">&#8222;Xabi, zosta\u0144&#8221; &#8211; ponios\u0142o si\u0119 ironicznie z trybun &#8211; relacjonuje dziennik &#8222;Marca&#8221;.<\/p>\n<p class=\"contentpart contentpart--default contentpart--text\" data-position=\"3\">ZOBACZ WIDEO: #dziejesiewsporcie: Gol z po\u0142owy boiska. Mo\u017cna ogl\u0105da\u0107 i ogl\u0105da\u0107<\/p>\n<p class=\"contentpart contentpart--default contentpart--text\" data-position=\"5\">Skandowanie z trybun w <a href=\"https:\/\/sportowefakty.wp.pl\/hiszpania\/barcelona\" rel=\"nofollow noopener\" target=\"_blank\">Barcelonie<\/a>\u00a0uderzy\u0142o w napi\u0119t\u0105 sytuacj\u0119 trenera Realu. Zesp\u00f3\u0142 Xabiego Alonso ma problem z notowaniem dobrych wynik\u00f3w, wi\u0119c sytuacja w Madrycie sprzyja docinkom.<\/p>\n<p class=\"contentpart contentpart--default contentpart--text\" data-position=\"6\">Kibice na <a href=\"https:\/\/sportowefakty.wp.pl\/areny-sportowe\/spotify-camp-nou-w-barcelonie\" rel=\"nofollow noopener\" target=\"_blank\">Spotify Camp Nou<\/a>\u00a0byli podw\u00f3jnie zadowoleni po golach Raphinhi &#8211; Duma Katalonii obj\u0119\u0142a prowadzenie i da\u0142a mo\u017cliwo\u015b\u0107 wbicia szpilki rywalom.<\/p>\n<p> <img role=\"presentation\" src=\"https:\/\/std.wpcdn.pl\/images\/adv\/placeholder_wp.svg\" loading=\"lazy\" alt=\"\" decoding=\"async\"\/>  <\/p>\n<p class=\"contentpart contentpart--default contentpart--text\" data-position=\"7\">Sam Real zagra sw\u00f3j mecz w La Lidze w niedziel\u0119. Przeciwnikiem b\u0119d\u0105cego w do\u0142ku zespo\u0142u b\u0119dzie <a href=\"https:\/\/sportowefakty.wp.pl\/pilka-nozna\/deportivo-alaves\" rel=\"nofollow noopener\" target=\"_blank\">Deportivo Alaves<\/a>. Ewentualne zwyci\u0119stwo pozwoli zbli\u017cy\u0107 si\u0119 na cztery punkty do lidera z Barcelony.<\/p>\n","protected":false},"excerpt":{"rendered":"FC Barcelona\u00a0p\u00f3\u017ano, bo p\u00f3\u017ano, ale zapewni\u0142a sobie zwyci\u0119stwo 2:0 z Osasun\u0105. Przed\u0142u\u017cy\u0107 seri\u0119 wygranych w La Lidze\u00a0pozwoli\u0142y dwa&hellip;\n","protected":false},"author":2,"featured_media":151716,"comment_status":"","ping_status":"","sticky":false,"template":"","format":"standard","meta":{"footnotes":""},"categories":[24],"tags":[1157,272,267,538,269,540,278,42,38,40,39,41,692,127,126,4680,29146],"class_list":{"0":"post-151715","1":"post","2":"type-post","3":"status-publish","4":"format-standard","5":"has-post-thumbnail","7":"category-sport","8":"tag-barcelona","9":"tag-fc-barcelona","10":"tag-hiszpania","11":"tag-la-liga","12":"tag-pilka-nozna","13":"tag-pilka-nozna-w-hiszpanii","14":"tag-pilka-w-europie","15":"tag-pl","16":"tag-poland","17":"tag-polish","18":"tag-polska","19":"tag-polski","20":"tag-real-madryt","21":"tag-sport","22":"tag-sports","23":"tag-spotify-camp-nou-w-barcelonie","24":"tag-xabi-alonso"},"share_on_mastodon":{"url":"https:\/\/pubeurope.com\/@pl\/115722906947976503","error":""},"_links":{"self":[{"href":"https:\/\/www.europesays.com\/pl\/wp-json\/wp\/v2\/posts\/151715","targetHints":{"allow":["GET"]}}],"collection":[{"href":"https:\/\/www.europesays.com\/pl\/wp-json\/wp\/v2\/posts"}],"about":[{"href":"https:\/\/www.europesays.com\/pl\/wp-json\/wp\/v2\/types\/post"}],"author":[{"embeddable":true,"href":"https:\/\/www.europesays.com\/pl\/wp-json\/wp\/v2\/users\/2"}],"replies":[{"embeddable":true,"href":"https:\/\/www.europesays.com\/pl\/wp-json\/wp\/v2\/comments?post=151715"}],"version-history":[{"count":0,"href":"https:\/\/www.europesays.com\/pl\/wp-json\/wp\/v2\/posts\/151715\/revisions"}],"wp:featuredmedia":[{"embeddable":true,"href":"https:\/\/www.europesays.com\/pl\/wp-json\/wp\/v2\/media\/151716"}],"wp:attachment":[{"href":"https:\/\/www.europesays.com\/pl\/wp-json\/wp\/v2\/media?parent=151715"}],"wp:term":[{"taxonomy":"category","embeddable":true,"href":"https:\/\/www.europesays.com\/pl\/wp-json\/wp\/v2\/categories?post=151715"},{"taxonomy":"post_tag","embeddable":true,"href":"https:\/\/www.europesays.com\/pl\/wp-json\/wp\/v2\/tags?post=151715"}],"curies":[{"name":"wp","href":"https:\/\/api.w.org\/{rel}","templated":true}]}}