{"id":151723,"date":"2025-12-15T09:40:10","date_gmt":"2025-12-15T09:40:10","guid":{"rendered":"https:\/\/www.europesays.com\/pl\/151723\/"},"modified":"2025-12-15T09:40:10","modified_gmt":"2025-12-15T09:40:10","slug":"wybrali-przeszlosc-adrian-zandberg-surowo-ocenia-wybory-w-nowej-lewicy-onet-wiadomosci","status":"publish","type":"post","link":"https:\/\/www.europesays.com\/pl\/151723\/","title":{"rendered":"&quot;Wybrali przesz\u0142o\u015b\u0107&quot;. Adrian Zandberg surowo ocenia wybory w Nowej Lewicy &#8211; Onet Wiadomo\u015bci"},"content":{"rendered":"<ol>\n<li><a href=\"https:\/\/news.google.com\/rss\/articles\/CBMirwFBVV95cUxQSUZCSWk2bjQ4NV9MMDZyU0lsTDFpRUE3OE9CbDU4RWlNYko1eUZvVjh3T2hGdnpfblRQdlJtZlNVQXBLNXJ1d2xIWUFVTVhiTENkNkplWDdLbU9kU3E0ZE11WjV0V0RNWUh2azUtY3VQY1YzZ0lYMjU3NUI0MnFrWWpiMTdRNWtMYzNaTEx6YW94M3Z0cEwxUFVoR19fLWdZNjBYM3l5RHl6SndhbkJj?oc=5\" target=\"_blank\" rel=\"nofollow noopener\">&#8222;Wybrali przesz\u0142o\u015b\u0107&#8221;. Adrian Zandberg surowo ocenia wybory w Nowej Lewicy<\/a>&nbsp;&nbsp;Onet Wiadomo\u015bci<\/li>\n<li><a href=\"https:\/\/news.google.com\/rss\/articles\/CBMixwFBVV95cUxPemhObXdxT051aVVVcThwOUJubmFBMUFYSDRCWnZ5WjdGcUZPR0VDemhnd3RHdWsxM2pLamk3M250cHN5Vk9rZDF2VE5Icjc4RHllcGxzX3p4TktRdWgyN2VGRm1pcjdoNHVjWjhSLXJyNjgwUmFrQ3RINU5GNG5temptRDJ0X3M0QkdPTTlpSGZRRm1melBwaVh3R08zUUdUX0ppdHdPVHAzRkRQNkhfakU2ZlBMdVBKbmRqem0wV3hkb1RlTGhn?oc=5\" target=\"_blank\" rel=\"nofollow noopener\">\u200bJak ocenia wyb\u00f3r W\u0142odzimierza Czarzastego na szefa Nowej Lewicy? Zapytamy Adriana Zandberga<\/a>&nbsp;&nbsp;RMF24<\/li>\n<li><a href=\"https:\/\/news.google.com\/rss\/articles\/CBMizwFBVV95cUxORkdVUWpHVzZhQ2UwUzRiUWw2Y0lfZVdnT3RBb1I2V0VRUnRtRjZuSWdIZkNvQTQtMzlYNk1XQjVsc0hQazd3VDJzYmFQbl9FTElfUlpVaEdlNDdtanBVdkVMbkdWa0EtbXNkbzZYMVVmWDFIQ3ctYzFCZnU3NDJzcUVoV09FUE8wd1hIZzRkTkFkd0tvanloSElzVWE4TXZsbERUalpBLW51Sko4ZDM0OGJJSVZMQnh0aHhiMzYzVDcySnZReVkyVVV2eXo1UTQ?oc=5\" target=\"_blank\" rel=\"nofollow noopener\">&#8222;Mog\u0119 zdradzi\u0107 kulisy&#8221;. Tak Lewica wybra\u0142a przewodnicz\u0105cego<\/a>&nbsp;&nbsp;TVN24<\/li>\n<li><a href=\"https:\/\/news.google.com\/rss\/articles\/CBMimAFBVV95cUxNRXV5NkNpM1dIN3pUSy1SaXcxSS0wZ09oMnpsRTd0RExFZlNsbmdmaWFuNkZBTnlKSEM0SEYtRUtER04xWU0wb0JpWDkxdHFwZTY5QlgzbnF5eXhPQ1ppYXhWYW1kcERGcmtCRUc4Y0lvOGNsZ1pVSE1xM3lqT0kyR3FKLVNVQ05KYV9HZWdLc0Mzd1hTT2pqQQ?oc=5\" target=\"_blank\" rel=\"nofollow noopener\">Tak Kwa\u015bniewski zachowa\u0142 si\u0119 po wyborze Czarzastego na szefa Lewicy<\/a>&nbsp;&nbsp;Fakt<\/li>\n<li><a href=\"https:\/\/news.google.com\/rss\/articles\/CBMimgFBVV95cUxPMHBhT3NBbUNfTlNLTGJkREp3OTBIYzNRUjRHYTZiVGJtSERieDFvczdlWUZoZmdtWF84dW85NC1DeC1JM1lFRVVDbjRCT2RIay1QNVU2ckZtbm1NaXpLWG1tZDJCZktqdDhxcjU4U0lpckRaaFhWRTlvLTF4Z3hkSnJBaEJSa3E4YnJ4VHFWZXd5ekhXWkNSbkRn0gGWAUFVX3lxTE80dnNLWDlLeG1iVVNnWkg0d05KLU9iOEs5cWN2aHRIeXhwMlU5NGlETVZkc3Y0QmVwNTB0MWJEbk0tcVhpZVUxYzBJRVpCdkctNFdKMG1rX2ZNYjVlYkJURnZNYXd1NWlRbWY0bWxNaWhfRUZIaHpvd3ppVkxNM0Q0ZktMSVBiSEkzMUR3VXQ1bGRBT0xMQQ?oc=5\" target=\"_blank\" rel=\"nofollow noopener\">&#8222;Wyrafinowany, okrutny polityk&#8221;. P\u0142aczek mocno o Czarzastym<\/a>&nbsp;&nbsp;Do Rzeczy<\/li>\n<\/ol>\n","protected":false},"excerpt":{"rendered":"&#8222;Wybrali przesz\u0142o\u015b\u0107&#8221;. Adrian Zandberg surowo ocenia wybory w Nowej Lewicy&nbsp;&nbsp;Onet Wiadomo\u015bci \u200bJak ocenia wyb\u00f3r W\u0142odzimierza Czarzastego na szefa&hellip;\n","protected":false},"author":2,"featured_media":151724,"comment_status":"","ping_status":"","sticky":false,"template":"","format":"standard","meta":{"footnotes":""},"categories":[12],"tags":[1659,32,33,36,37,27,49,34,35,4463,28,31,48,25,46,42,38,40,39,41,47,29,30,70,26,203],"class_list":{"0":"post-151723","1":"post","2":"type-post","3":"status-publish","4":"format-standard","5":"has-post-thumbnail","7":"category-polska","8":"tag-adrian_zandberg","9":"tag-breaking-news","10":"tag-breakingnews","11":"tag-featured-news","12":"tag-featurednews","13":"tag-headlines","14":"tag-kraj","15":"tag-latest-news","16":"tag-latestnews","17":"tag-lewica","18":"tag-naglowki","19":"tag-najwazniejsze-artykuly","20":"tag-nat_styl","21":"tag-news","22":"tag-omp","23":"tag-pl","24":"tag-poland","25":"tag-polish","26":"tag-polska","27":"tag-polski","28":"tag-screening_general","29":"tag-top-stories","30":"tag-topstories","31":"tag-w_skrocie","32":"tag-wiadomosci","33":"tag-wlodzimierz_czarzasty"},"share_on_mastodon":{"url":"https:\/\/pubeurope.com\/@pl\/115722926474557593","error":""},"_links":{"self":[{"href":"https:\/\/www.europesays.com\/pl\/wp-json\/wp\/v2\/posts\/151723","targetHints":{"allow":["GET"]}}],"collection":[{"href":"https:\/\/www.europesays.com\/pl\/wp-json\/wp\/v2\/posts"}],"about":[{"href":"https:\/\/www.europesays.com\/pl\/wp-json\/wp\/v2\/types\/post"}],"author":[{"embeddable":true,"href":"https:\/\/www.europesays.com\/pl\/wp-json\/wp\/v2\/users\/2"}],"replies":[{"embeddable":true,"href":"https:\/\/www.europesays.com\/pl\/wp-json\/wp\/v2\/comments?post=151723"}],"version-history":[{"count":0,"href":"https:\/\/www.europesays.com\/pl\/wp-json\/wp\/v2\/posts\/151723\/revisions"}],"wp:featuredmedia":[{"embeddable":true,"href":"https:\/\/www.europesays.com\/pl\/wp-json\/wp\/v2\/media\/151724"}],"wp:attachment":[{"href":"https:\/\/www.europesays.com\/pl\/wp-json\/wp\/v2\/media?parent=151723"}],"wp:term":[{"taxonomy":"category","embeddable":true,"href":"https:\/\/www.europesays.com\/pl\/wp-json\/wp\/v2\/categories?post=151723"},{"taxonomy":"post_tag","embeddable":true,"href":"https:\/\/www.europesays.com\/pl\/wp-json\/wp\/v2\/tags?post=151723"}],"curies":[{"name":"wp","href":"https:\/\/api.w.org\/{rel}","templated":true}]}}