{"id":151727,"date":"2025-12-15T09:42:08","date_gmt":"2025-12-15T09:42:08","guid":{"rendered":"https:\/\/www.europesays.com\/pl\/151727\/"},"modified":"2025-12-15T09:42:08","modified_gmt":"2025-12-15T09:42:08","slug":"mateusz-borek-jednym-zdaniem-znokautowal-legie-warszawa-przeglad-sportowy-onet","status":"publish","type":"post","link":"https:\/\/www.europesays.com\/pl\/151727\/","title":{"rendered":"Mateusz Borek jednym zdaniem znokautowa\u0142 Legi\u0119 Warszawa &#8211; Przegl\u0105d Sportowy Onet"},"content":{"rendered":"<ol>\n<li><a href=\"https:\/\/news.google.com\/rss\/articles\/CBMivAFBVV95cUxPbG9kdEJNcE8teG5odlhja2YtSHg5OWl6UFpGZm1mMngtV081MHIySTZaQXNzMFdCQjNqdkQyY2txSU5WZksyQUdLSFd1V1liWEhpZGtRbHUyZDJwb1lyS0J4YWgtZERfNmp1TWNmemJBVkt4azR3anZfT21MN3J3ZVNEYjdLY2FvbUprNWxVN2ZmVVNmWHd6dmFVb0Jta3lXUS1oMExLNUpacW80QVJBaVV2Y0pNZDlOWGpzSQ?oc=5\" target=\"_blank\" rel=\"nofollow noopener\">Mateusz Borek jednym zdaniem znokautowa\u0142 Legi\u0119 Warszawa<\/a>&nbsp;&nbsp;Przegl\u0105d Sportowy Onet<\/li>\n<li><a href=\"https:\/\/news.google.com\/rss\/articles\/CBMizwFBVV95cUxOTlZSTU9yNlJ0aHJNaDhOeEREaEV0VUdyNjdKSTNxOFUyS2F0TlIwOEM4T3NjRUZBNmR4a2dwSzBGTTZpVjZZOXRXQ282bFZlTllHUUl2ZHBuNE5ma1RLbFlMaktTV2JodkdRTXY1NlJWMEFNNWE5bC1uTFAxbmVlLV85YUg4MDJwbThacE1BdUFxS1h2dEtuemJhZDVYUE1HUXNDQVBQNHBub1FDUmlycDNhUnVfc0t3Q0lYc3R6MEI1b2VuclVnY3ZVSG9aTDQ?oc=5\" target=\"_blank\" rel=\"nofollow noopener\">Ci, co poznali Dariusza Mioduskiego, s\u0105 w szoku. Tak Legia posz\u0142a na dno<\/a>&nbsp;&nbsp;Przegl\u0105d Sportowy Onet<\/li>\n<li><a href=\"https:\/\/news.google.com\/rss\/articles\/CBMisAFBVV95cUxQU0VJd3BuWnZOcUozTlhmamM0M2x1ckRaU1JxdzZHN1NKcXBHT1JNODc0bTFLekRQUF8wcWw3cVVlNXFIVUQzaEpmZm1STlBIZW9kQmVZY19Bd19oZ2hIV2lmc3pjVEh2RWwwanVUcDdtUlVyeGFoQ05FdFQ5M1BObkFrMzJ3OGs3R1lkVkVhNEFBQmRsNXpvSkJEUmpfVkZMaDZ2OVF0MldXWTBhR3liVg?oc=5\" target=\"_blank\" rel=\"nofollow noopener\">Le\u015bnodorski nie wytrzyma\u0142. Zobaczy\u0142, co Bobi\u0107 powiedzia\u0142 o Legii<\/a>&nbsp;&nbsp;Sport.pl<\/li>\n<li><a href=\"https:\/\/news.google.com\/rss\/articles\/CBMixgFBVV95cUxNemQ2QlBCZlIxS3RIN3BUOExZUUJzQXFPcVlJN010RUR2UFFMdmk1YnQ1WTN6Vzh6Vkl3X0RFTlVXdDktM2R5cXZ4TmRoZUJ5UGpuejNxckYzQ3F3Y2g4U25wb3FGc1drY2duWVBJeVQ3THRrbkgyekEtZ0tEQmRBOEhqQThiM1NmTkpHc01CQS10cDQ5dW0tejY5WG9LUmVtLUtxT3NKb2puamdkNWpuNldoSW1OUHJVM1lVZUp1YTRCTnNkMlE?oc=5\" target=\"_blank\" rel=\"nofollow noopener\">Legia prawie na samym dnie. Kl\u0119ka ju\u017c nawet przed ostatni\u0105 dru\u017cyn\u0105 tabeli<\/a>&nbsp;&nbsp;Sport w INTERIA.PL<\/li>\n<li><a href=\"https:\/\/news.google.com\/rss\/articles\/CBMikwFBVV95cUxNQ3dfSVFoZUZ6OTdzQWxJcEt4bEJyQUVfTWVldnNpdDFXZTVUZzVPMG1jOGp3SW02Zzl6YXh1NXVxcDBQdnJtQlFjR2JLM3lMWW5od1kzUTlJaHVDekg5N3ZjeTdZQ3hlMzE3MkhDRVR0ZExreHZWaXBJRXNmZXpYZWZjU19oZEhJNVdxZ3YxUGFhSkXSAZgBQVVfeXFMUG1qeGtEUHVfbnNqeHZJV3FLQVQ0TFV4Nzk2SDJqaU1DV3hqRkg3eUNSYU5YN19qVHR2cjliakp2d09BX3Y4ZjczRUlvb2tQbHUwV2hSZzREUVNXbkY0dHM0R29qYl96cktjNVYtenJLWEgtTTNwMURYeV80WVV2ZFJSSXFldDMwNEx1dTJ3N0hiaGVRM0FKZ28?oc=5\" target=\"_blank\" rel=\"nofollow noopener\">PKO BP Ekstraklasa. Rafa\u0142 Augustyniak: to wszystko nasza wina&#8230;<\/a>&nbsp;&nbsp;sport.tvp.pl<\/li>\n<\/ol>\n","protected":false},"excerpt":{"rendered":"Mateusz Borek jednym zdaniem znokautowa\u0142 Legi\u0119 Warszawa&nbsp;&nbsp;Przegl\u0105d Sportowy Onet Ci, co poznali Dariusza Mioduskiego, s\u0105 w szoku. Tak&hellip;\n","protected":false},"author":2,"featured_media":151728,"comment_status":"","ping_status":"","sticky":false,"template":"","format":"standard","meta":{"footnotes":""},"categories":[24],"tags":[274,67,2563,592,948,42,38,40,39,41,136,28861,128,47,127,135,126,130],"class_list":{"0":"post-151727","1":"post","2":"type-post","3":"status-publish","4":"format-standard","5":"has-post-thumbnail","7":"category-sport","8":"tag-ekstraklasa","9":"tag-intextvideo_splayer","10":"tag-legia_warszawa","11":"tag-mateusz_borek","12":"tag-pilka_nozna","13":"tag-pl","14":"tag-poland","15":"tag-polish","16":"tag-polska","17":"tag-polski","18":"tag-ps_detal_new","19":"tag-ps_omp_tst0","20":"tag-psv2","21":"tag-screening_general","22":"tag-sport","23":"tag-sport_sport","24":"tag-sports","25":"tag-wiadomosci_sportowe"},"share_on_mastodon":{"url":"https:\/\/pubeurope.com\/@pl\/115722934352161519","error":""},"_links":{"self":[{"href":"https:\/\/www.europesays.com\/pl\/wp-json\/wp\/v2\/posts\/151727","targetHints":{"allow":["GET"]}}],"collection":[{"href":"https:\/\/www.europesays.com\/pl\/wp-json\/wp\/v2\/posts"}],"about":[{"href":"https:\/\/www.europesays.com\/pl\/wp-json\/wp\/v2\/types\/post"}],"author":[{"embeddable":true,"href":"https:\/\/www.europesays.com\/pl\/wp-json\/wp\/v2\/users\/2"}],"replies":[{"embeddable":true,"href":"https:\/\/www.europesays.com\/pl\/wp-json\/wp\/v2\/comments?post=151727"}],"version-history":[{"count":0,"href":"https:\/\/www.europesays.com\/pl\/wp-json\/wp\/v2\/posts\/151727\/revisions"}],"wp:featuredmedia":[{"embeddable":true,"href":"https:\/\/www.europesays.com\/pl\/wp-json\/wp\/v2\/media\/151728"}],"wp:attachment":[{"href":"https:\/\/www.europesays.com\/pl\/wp-json\/wp\/v2\/media?parent=151727"}],"wp:term":[{"taxonomy":"category","embeddable":true,"href":"https:\/\/www.europesays.com\/pl\/wp-json\/wp\/v2\/categories?post=151727"},{"taxonomy":"post_tag","embeddable":true,"href":"https:\/\/www.europesays.com\/pl\/wp-json\/wp\/v2\/tags?post=151727"}],"curies":[{"name":"wp","href":"https:\/\/api.w.org\/{rel}","templated":true}]}}