{"id":151733,"date":"2025-12-15T09:46:10","date_gmt":"2025-12-15T09:46:10","guid":{"rendered":"https:\/\/www.europesays.com\/pl\/151733\/"},"modified":"2025-12-15T09:46:10","modified_gmt":"2025-12-15T09:46:10","slug":"ukraina-rosja-leszek-jazdzewski-dlaczego-polski-nie-ma-przy-stole","status":"publish","type":"post","link":"https:\/\/www.europesays.com\/pl\/151733\/","title":{"rendered":"Ukraina-Rosja. Leszek Ja\u017cd\u017cewski: Dlaczego Polski nie ma przy stole?"},"content":{"rendered":"<p class=\"typography ids-typeset-body ids-typeset-body--preset-large link paragraph ids-paragraph ids-paragraph--default\">Tymczasem ani w Genewie, ani w Londynie, ani w <a href=\"https:\/\/wydarzenia.interia.pl\/tematy-bialy-dom,gsbi,5298\" rel=\"nofollow noopener\" target=\"_blank\">Bia\u0142ym Domu<\/a>, gdzie europejscy przyw\u00f3dcy brali udzia\u0142 w rozmowach z przedstawicielami <a href=\"https:\/\/wydarzenia.interia.pl\/tematy-donald-trump,gsbi,16\" rel=\"nofollow noopener\" target=\"_blank\">Donalda Trumpa<\/a> lub z nim samym, <a href=\"https:\/\/wydarzenia.interia.pl\/tematy-polska,gsbi,2628\" rel=\"nofollow noopener\" target=\"_blank\">Polski<\/a> przy stole nie by\u0142o.<\/p>\n<p class=\"typography ids-typeset-body ids-typeset-body--preset-large link paragraph ids-paragraph ids-paragraph--default\">W przestrzeni publicznej nie pojawi\u0142y si\u0119 przekonuj\u0105ce wyja\u015bnienia, poza komentarzami, \u017ce bierzemy udzia\u0142 w innych formatach, natomiast nasila si\u0119 krytyka, w tym r\u00f3wnie\u017c ze strony ekspert\u00f3w czy by\u0142ych polityk\u00f3w kojarzonych z obozem w\u0142adzy a nie opozycj\u0105.<\/p>\n<p>Dlaczego wi\u0119c nas zabrak\u0142o?<\/p>\n<p class=\"typography ids-typeset-body ids-typeset-body--preset-large link paragraph ids-paragraph ids-paragraph--default\">Format E3 &#8211; trzech europejskich pot\u0119g, czyli <a href=\"https:\/\/wydarzenia.interia.pl\/tematy-niemcy,gsbi,2629\" rel=\"nofollow noopener\" target=\"_blank\">Niemiec<\/a>, <a href=\"https:\/\/wydarzenia.interia.pl\/tematy-francja,gsbi,2672\" target=\"_self\" rel=\"nofollow noopener\">Francji<\/a> i <a href=\"https:\/\/wydarzenia.interia.pl\/tematy-wielka-brytania,gsbi,2706\" rel=\"nofollow noopener\" target=\"_blank\">Wielkiej Brytanii<\/a> funkcjonowa\u0142 w trakcie rozm\u00f3w z <a href=\"https:\/\/wydarzenia.interia.pl\/tematy-iran,gsbi,2646\" rel=\"nofollow noopener\" target=\"_blank\">Iranem<\/a> na temat jego programu nuklearnego ponad 20 lat temu i w rozbudowanej o USA, UE, <a href=\"https:\/\/wydarzenia.interia.pl\/tematy-rosja,gsbi,3125\" rel=\"nofollow noopener\" target=\"_blank\">Rosj\u0119<\/a> i <a href=\"https:\/\/wydarzenia.interia.pl\/tematy-chiny,gsbi,4231\" target=\"_self\" rel=\"nofollow noopener\">Chiny<\/a> konfiguracji doprowadzi\u0142 do zawarcia porozumienia z <a href=\"https:\/\/wydarzenia.interia.pl\/tematy-teheran,gsbi,6810\" rel=\"nofollow noopener\" target=\"_blank\">Teheranem<\/a> w 2015 roku (wypowiedzianym nast\u0119pnie przez Trumpa). W niekt\u00f3rych innych sprawach Londyn, Berlin i Pary\u017c konsultowa\u0142y si\u0119 i zajmowa\u0142y wsp\u00f3lne stanowisko, np. w reakcji na kryzys w <a href=\"https:\/\/wydarzenia.interia.pl\/tematy-syria,gsbi,4416\" rel=\"nofollow noopener\" target=\"_blank\">Syrii<\/a>.<\/p>\n<p class=\"typography ids-typeset-body ids-typeset-body--preset-large link paragraph ids-paragraph ids-paragraph--default\">Jest zrozumia\u0142e, \u017ce dw\u00f3ch cz\u0142onk\u00f3w Rady Bezpiecze\u0144stwa oraz najbogatszy i najludniejszy kraj <a href=\"https:\/\/wydarzenia.interia.pl\/tematy-unia-europejska,gsbi,46\" rel=\"nofollow noopener\" target=\"_blank\">Unii Europejskiej<\/a> szukaj\u0105 miejsca, gdzie mog\u0105 w zorganizowany spos\u00f3b ustali\u0107 swoj\u0105 polityk\u0119, tym bardziej po brexicie i przy posttransatlantyckiej polityce USA. Mo\u017ce to budzi\u0107 frustracj\u0119 Rzymu, Madrytu czy obecnie <a href=\"https:\/\/wydarzenia.interia.pl\/tematy-warszawa,gsbi,3411\" rel=\"nofollow noopener\" target=\"_blank\">Warszawy<\/a>, ale przy wszystkich atutach \u017caden z tych kraj\u00f3w nie jest na poziomie mi\u0119dzynarodowej wagi Niemiec, Wielkiej Brytanii i Francji.<\/p>\n<p class=\"typography ids-typeset-body ids-typeset-body--preset-large link paragraph ids-paragraph ids-paragraph--default\">Format E3 skrystalizowa\u0142 si\u0119 w kontek\u015bcie ukrai\u0144skim w momencie, gdy Donald Trump zacz\u0105\u0142 prze\u0107 do porozumienia z Rosj\u0105. Amerykanie byli gotowi spotka\u0107 si\u0119 z <a href=\"https:\/\/wydarzenia.interia.pl\/tematy-emmanuel-macron,gsbi,12\" target=\"_self\" rel=\"nofollow noopener\">Emmanuelem Macronem<\/a>, <a href=\"https:\/\/wydarzenia.interia.pl\/tematy-friedrich-merz,gsbi,1437\" target=\"_self\" rel=\"nofollow noopener\">Friedrichem Merzem<\/a> i <a href=\"https:\/\/wydarzenia.interia.pl\/tematy-keir-starmer,gsbi,4718\" target=\"_self\" rel=\"nofollow noopener\">Keirem Starmerem<\/a>, poniewa\u017c potrzebowali ich do gwarancji bezpiecze\u0144stwa dla Ukrai\u0144c\u00f3w.<\/p>\n<p class=\"typography ids-typeset-body ids-typeset-body--preset-large link paragraph ids-paragraph ids-paragraph--default\">Wiosn\u0105 tego roku USA nie by\u0142y gotowe same udzieli\u0107 Kijowowi takich gwarancji. Chcia\u0142y, w niesprecyzowany spos\u00f3b, wesprze\u0107 gwarancje europejskie. Jednocze\u015bnie Ukrai\u0144cy potrzebowali wsparcia po to, \u017ceby przeciwstawi\u0107 si\u0119 dyktatowi ameryka\u0144skiemu i presji na podpisanie porozumienia z Putinem, kt\u00f3r\u0105 wywiera\u0142 na nich Waszyngton.<\/p>\n<p class=\"typography ids-typeset-body ids-typeset-body--preset-large link paragraph ids-paragraph ids-paragraph--default\">Polska w tym kontek\u015bcie nie mia\u0142a znaczenia. Nie planowali\u015bmy udziela\u0107 <a href=\"https:\/\/wydarzenia.interia.pl\/tematy-ukraina,gsbi,3144\" rel=\"nofollow noopener\" target=\"_blank\">Ukrainie<\/a> \u017cadnych indywidualnych gwarancji. Z naszego punktu widzenia kluczowe jest zaanga\u017cowanie maksymalnie du\u017cej liczby kraj\u00f3w w bezpiecze\u0144stwo Ukrainy, ale przede wszystkim nasze i unikni\u0119cie sytuacji, w kt\u00f3rej Rosja &#8211; np. w odpowiedzi na jak\u0105\u015b wyimaginowan\u0105 prowokacj\u0119 &#8211; zaatakuje polskie terytorium, jednocze\u015bnie pozostawiaj\u0105c w spokoju mocarstwa zachodnie.<\/p>\n<p class=\"typography ids-typeset-body ids-typeset-body--preset-large link paragraph ids-paragraph ids-paragraph--default\">Po drugie, ani USA, ani <a href=\"https:\/\/wydarzenia.interia.pl\/tematy-wolodymyr-zelenski,gsbi,11\" target=\"_self\" rel=\"nofollow noopener\">Wo\u0142odymyr Ze\u0142enski<\/a> nie widzieli potrzeby naszej obecno\u015bci na takim spotkaniu. Dla Trumpa Polska jest wygodnym przypadkiem pa\u0144stwa, kt\u00f3re \u0142o\u017cy na swoje bezpiecze\u0144stwo i kupuje od USA energi\u0119, technologi\u0119 oraz bro\u0144. Przy niech\u0119ci do Tuska i nieznacz\u0105cej roli prezydenta (w\u00f3wczas kadencj\u0119 ko\u0144czy\u0142 <a href=\"https:\/\/wydarzenia.interia.pl\/tematy-andrzej-duda,gsbi,5\" rel=\"nofollow noopener\" target=\"_blank\">Andrzej Duda<\/a>, <a href=\"https:\/\/wydarzenia.interia.pl\/tematy-karol-nawrocki,gsbi,5330\" rel=\"nofollow noopener\" target=\"_blank\">Karola Nawrockiego<\/a> Trump traktuje pob\u0142a\u017cliwie, jak swoj\u0105 maskotk\u0119, &#8222;to dzi\u0119ki mnie ten nieznany Polak wygra\u0142 wybory&#8221;) Polska nie liczy si\u0119 w formacie europejskim z punktu widzenia USA. Chyba \u017ce jako kraj, kt\u00f3ry wsp\u00f3lnot\u0119 rozbije od \u015brodka &#8211; ale to dopiero, gdy w\u0142adz\u0119 w Warszawie przejm\u0105 antyeuropejscy nacjonali\u015bci z PiS i <a href=\"https:\/\/wydarzenia.interia.pl\/tematy-konfederacja,gsbi,44\" rel=\"nofollow noopener\" target=\"_blank\">Konfederacji<\/a>.<\/p>\n<p class=\"typography ids-typeset-body ids-typeset-body--preset-large link paragraph ids-paragraph ids-paragraph--default\">Z punktu widzenia Ukrainy &#8211; co Polska mog\u0142a zaoferowa\u0107, to ju\u017c da\u0142a. Wszystko, co robi i tak de facto robi\u0107 musi (trudno, \u017ceby\u015bmy wstrzymali transporty militarne w Jasionce). Mo\u017cna wizerunkowo nieco os\u0142abi\u0107 antyukrai\u0144skie nastroje, ale nie jest to priorytet z punktu widzenia administracji prezydenckiej, zajmuj\u0105cej si\u0119 wojn\u0105, dyplomacj\u0105, trudn\u0105 sytuacj\u0105 wewn\u0119trzn\u0105 i wszystkim innym.<\/p>\n<p>Ile jeste\u015bmy gotowi zap\u0142aci\u0107 za bicie powy\u017cej swojej wagi?<\/p>\n<p class=\"typography ids-typeset-body ids-typeset-body--preset-large link paragraph ids-paragraph ids-paragraph--default\">Warszawa, nawet gdyby mog\u0142a w takim formacie bra\u0107 udzia\u0142, w\u0105tpliwe, \u017ceby by\u0142a gotowa zap\u0142aci\u0107 odpowiedni\u0105 cen\u0119. Propozycja, kt\u00f3ra pad\u0142a na rozmowach w Pary\u017cu w kwietniu tego roku, mia\u0142a polega\u0107 na natychmiastowym zawieszeniu broni i gwarancjach bezpiecze\u0144stwa dla Ukrainy &#8211; ze strony Europejczyk\u00f3w, z niesprecyzowanym wsparciem ameryka\u0144skim, przy jednoczesnym uznaniu rosyjskich zdobyczy terytorialnych.<\/p>\n<p class=\"typography ids-typeset-body ids-typeset-body--preset-large link paragraph ids-paragraph ids-paragraph--default\">Przyj\u0119cie takich warunk\u00f3w by\u0142oby z punktu widzenia interes\u00f3w Polski pora\u017ck\u0105. Pora\u017ck\u0105, kt\u00f3rej prawdopodobnie nie da\u0142oby si\u0119 unikn\u0105\u0107, a kt\u00f3rej koszty trzeba by wzi\u0105\u0107 na siebie &#8211; i to jeszcze w sytuacji, gdy i tak w\u0105tpliwe by\u0142o zawarcie jakiegokolwiek traktatu pokojowego.<\/p>\n<p class=\"typography ids-typeset-body ids-typeset-body--preset-large link paragraph ids-paragraph ids-paragraph--default\">Uczestniczenie w takich rozmowach, w kt\u00f3rych prawdopodobne jest uzyskanie niekorzystnego z naszego punktu widzenia rezultatu oznacza\u0142oby albo podpisanie si\u0119 pod czym\u015b, co mog\u0142oby zosta\u0107 uznane za kapitulacj\u0119\/&#8221;drugie Monachium&#8221; w sk\u0142onnym do egzaltacji &#8211; szczeg\u00f3lnie gdy chodzi o Rosj\u0119 &#8211; \u015brodowisku komentatorsko-politycznym albo konieczno\u015b\u0107 odci\u0119cia si\u0119 od naszych najbli\u017cszych sojusznik\u00f3w, co mog\u0142oby spowodowa\u0107 fatalne dyplomatyczne skutki oraz izolacj\u0119 na niezwykle trudnym zakr\u0119cie historii.<\/p>\n<p class=\"typography ids-typeset-body ids-typeset-body--preset-large link paragraph ids-paragraph ids-paragraph--default\">Polski rz\u0105d nie jest te\u017c sk\u0142onny wyk\u0142ada\u0107 \u017cadnych nadzwyczajnych \u015brodk\u00f3w, czy to finansowych czy militarnych na ukrai\u0144skie bezpiecze\u0144stwo kosztem bezpo\u015bredniego zabezpieczenia terytorium Polski. Jeste\u015bmy adwokatem Ukrainy tam, gdzie chodzi o stanowisko kolektywne &#8211; sankcje, przeciwstawienie si\u0119 Rosji, spoisto\u015b\u0107 granic, mo\u017cemy nawet \u017cyrowa\u0107 gwarancj\u0119 dla <a href=\"https:\/\/wydarzenia.interia.pl\/tematy-belgia,gsbi,3393\" rel=\"nofollow noopener\" target=\"_blank\">Belgii<\/a> w sprawie zamro\u017conych przez UE \u015brodk\u00f3w rosyjskich, ale priorytetowo traktujemy w\u0142asne bezpiecze\u0144stwo.<\/p>\n<p class=\"typography ids-typeset-body ids-typeset-body--preset-large link paragraph ids-paragraph ids-paragraph--default\">Wreszcie te\u017c polskie spo\u0142ecze\u0144stwo, przy ca\u0142ym poczuciu niezwyk\u0142ej wagi naszego kraju i kompleksie tego, \u017ce inni si\u0119 z nami nie licz\u0105 i gdzie\u015b nas nie zaproszono, wcale nie jest sk\u0142onne do nadzwyczajnych po\u015bwi\u0119ce\u0144 dla budowania mi\u0119dzynarodowej pozycji Polski.<\/p>\n<p class=\"typography ids-typeset-body ids-typeset-body--preset-large link paragraph ids-paragraph ids-paragraph--default\">Nawet skromne i pe\u0142ne zastrze\u017ce\u0144 wsparcie dla Ukrainy jest coraz mocniej w kraju krytykowane &#8211; nie tylko przez trollownie na s\u0142u\u017cbie GRU. Pomoc mi\u0119dzynarodowa uwa\u017cana jest za zb\u0119d\u0105 fanaberi\u0119, skoro jest tylu rodak\u00f3w wymagaj\u0105cych wsparcia. Porozumienie z Mercosurem to z\u0142o wcielone, cho\u0107 otwiera nowe rynki na produkty europejskie, w tym polskie. A Niemcy maj\u0105 nas przeprasza\u0107 i p\u0142aci\u0107 reparacje, cho\u0107 wiadomo, \u017ce i tak \u017cadnych reparacji nie b\u0119dzie, bo to nie my, tylko Zwi\u0105zek Radziecki oraz zachodni alianci wygrali wojn\u0119 i z tych reparacji zrezygnowali.<\/p>\n<p class=\"typography ids-typeset-body ids-typeset-body--preset-large link paragraph ids-paragraph ids-paragraph--default\">A mo\u017cna by przecie\u017c budowa\u0107 sojusz i wsp\u00f3\u0142prac\u0119 z Niemcami w obszarach, w kt\u00f3rych nasze interesy s\u0105 zbie\u017cne, cho\u0107by na Ba\u0142tyku i (nareszcie!) w sprawie Ukrainy i szerzej <a href=\"https:\/\/wydarzenia.interia.pl\/tematy-europa,gsbi,4992\" rel=\"nofollow noopener\" target=\"_blank\">Europy<\/a> Wschodniej jak r\u00f3wnie\u017c w coraz trudniejszych relacjach z USA.<\/p>\n<p class=\"typography ids-typeset-body ids-typeset-body--preset-large link paragraph ids-paragraph ids-paragraph--default\">Mocarstwem, nawet regionalnym, nie da si\u0119 by\u0107 za darmo, na pi\u0119kne oczy i wspania\u0142\u0105 histori\u0119. To kosztuje. Politycznie, ekonomicznie i militarnie. \u017beby siedzie\u0107 przy stole, trzeba zap\u0142aci\u0107 rachunek. Albo pozostaje narzeka\u0107, \u017ce nas nie zapraszaj\u0105.<\/p>\n<p class=\"typography ids-typeset-body ids-typeset-body--preset-large link paragraph ids-paragraph ids-paragraph--default\">Drodzy rodacy, pora si\u0119 na co\u015b zdecydowa\u0107.<\/p>\n<p>&#8222;Go\u015b\u0107 Wydarze\u0144&#8221;. Biedro\u0144 krytykuje Nawrockiego: Lech Kaczy\u0144ski w grobie si\u0119 przewracaPolsat News<\/p>\n<p><a class=\"ids-undecorated-link source ids-page-info--source__link\" href=\"https:\/\/wydarzenia.interia.pl\/felietony\" rel=\"nofollow noopener\" target=\"_blank\"><img decoding=\"async\" class=\"ids-image-holder__img\" loading=\"lazy\" alt=\"\" title=\"\" height=\"24px\" src=\"https:\/\/www.europesays.com\/pl\/wp-content\/uploads\/2025\/09\/0003KJYCHI2T0GCD-C202-F4.webp.webp\"\/><\/a><\/p>\n<p>Masz sugestie, uwagi albo widzisz b\u0142\u0105d? Napisz do nas<\/p>\n","protected":false},"excerpt":{"rendered":"Tymczasem ani w Genewie, ani w Londynie, ani w Bia\u0142ym Domu, gdzie europejscy przyw\u00f3dcy brali udzia\u0142 w rozmowach&hellip;\n","protected":false},"author":2,"featured_media":151734,"comment_status":"","ping_status":"","sticky":false,"template":"","format":"standard","meta":{"footnotes":""},"categories":[14],"tags":[32,33,27,34,35,28,31,25,40,41,80,29,30,26,82,83,84],"class_list":{"0":"post-151733","1":"post","2":"type-post","3":"status-publish","4":"format-standard","5":"has-post-thumbnail","7":"category-swiat","8":"tag-breaking-news","9":"tag-breakingnews","10":"tag-headlines","11":"tag-latest-news","12":"tag-latestnews","13":"tag-naglowki","14":"tag-najwazniejsze-artykuly","15":"tag-news","16":"tag-polish","17":"tag-polski","18":"tag-swiat","19":"tag-top-stories","20":"tag-topstories","21":"tag-wiadomosci","22":"tag-world","23":"tag-world-news","24":"tag-worldnews"},"share_on_mastodon":{"url":"https:\/\/pubeurope.com\/@pl\/115722950135437464","error":""},"_links":{"self":[{"href":"https:\/\/www.europesays.com\/pl\/wp-json\/wp\/v2\/posts\/151733","targetHints":{"allow":["GET"]}}],"collection":[{"href":"https:\/\/www.europesays.com\/pl\/wp-json\/wp\/v2\/posts"}],"about":[{"href":"https:\/\/www.europesays.com\/pl\/wp-json\/wp\/v2\/types\/post"}],"author":[{"embeddable":true,"href":"https:\/\/www.europesays.com\/pl\/wp-json\/wp\/v2\/users\/2"}],"replies":[{"embeddable":true,"href":"https:\/\/www.europesays.com\/pl\/wp-json\/wp\/v2\/comments?post=151733"}],"version-history":[{"count":0,"href":"https:\/\/www.europesays.com\/pl\/wp-json\/wp\/v2\/posts\/151733\/revisions"}],"wp:featuredmedia":[{"embeddable":true,"href":"https:\/\/www.europesays.com\/pl\/wp-json\/wp\/v2\/media\/151734"}],"wp:attachment":[{"href":"https:\/\/www.europesays.com\/pl\/wp-json\/wp\/v2\/media?parent=151733"}],"wp:term":[{"taxonomy":"category","embeddable":true,"href":"https:\/\/www.europesays.com\/pl\/wp-json\/wp\/v2\/categories?post=151733"},{"taxonomy":"post_tag","embeddable":true,"href":"https:\/\/www.europesays.com\/pl\/wp-json\/wp\/v2\/tags?post=151733"}],"curies":[{"name":"wp","href":"https:\/\/api.w.org\/{rel}","templated":true}]}}