{"id":151735,"date":"2025-12-15T09:47:06","date_gmt":"2025-12-15T09:47:06","guid":{"rendered":"https:\/\/www.europesays.com\/pl\/151735\/"},"modified":"2025-12-15T09:47:06","modified_gmt":"2025-12-15T09:47:06","slug":"na-zakopiance-znow-utrudnienia-zamykamy-jezdnie-w-kierunku-zakopanego","status":"publish","type":"post","link":"https:\/\/www.europesays.com\/pl\/151735\/","title":{"rendered":"Na Zakopiance zn\u00f3w utrudnienia. &#8222;Zamykamy jezdni\u0119 w kierunku Zakopanego&#8221;"},"content":{"rendered":"<p>Jak przekaza\u0142a Anna Ba\u0142dyga z\u00a0krakowskiego oddzia\u0142u Generalnej Dyrekcji Dr\u00f3g Krajowych i\u00a0Autostrad (GDDKiA), utrudnienia rozpoczn\u0105 si\u0119 w\u00a0poniedzia\u0142ek ok. 9\u00a0w\u00a0rejonie skrzy\u017cowania z\u00a0ul. Sobieskiego w\u00a0My\u015blenicach. Ruch b\u0119dzie odbywa\u0142 si\u0119 tam jednym pasem w\u00a0ka\u017cdym kierunku &#8211;\u00a0po jezdni, kt\u00f3r\u0105 zwykle samochody jad\u0105 w\u00a0kierunku Krakowa.<\/p>\n<p>&#8211; Zamykamy jezdni\u0119 w\u00a0kierunku Zakopanego, aby na odcinku ok. 600 m\u00a0u\u0142o\u017cy\u0107 ostatni\u0105, \u015bcieraln\u0105 warstw\u0119 asfaltu &#8211;\u00a0zapowiedzia\u0142a przedstawicielka GDDKiA.<\/p>\n<p>W rejonie rob\u00f3t kierowcy pojad\u0105 drog\u0105 w\u00a0kierunku Krakowa, po jednym pasie w\u00a0ka\u017cdym kierunku. Po\u0142\u0105czenie Zakopianki z\u00a0ul. Sobieskiego odbywa\u0107 si\u0119 b\u0119dzie przez objazdy drogami gminnymi. Jednocze\u015bnie na ul. Jana Sobieskiego zmieniona zostanie strona jezdni, ze strony prawej na lew\u0105 (od strony stacji Orlen). Po niej b\u0119dzie odbywa\u0107 si\u0119 ruch w\u00a0kierunku My\u015blenic.<\/p>\n<p>Zako\u0144czenie prac i\u00a0przywr\u00f3cenie ruchu po dwa pasy w\u00a0ka\u017cdym kierunku zaplanowano na czwartek oko\u0142o godz. 18.<\/p>\n<p>Budowa w\u0119z\u0142a drogowego w\u00a0My\u015blenicach rozpocz\u0119\u0142a si\u0119 wczesn\u0105 wiosn\u0105 2024 roku i\u00a0potrwa do ko\u0144ca 2025 roku. Inwestycj\u0119 o\u00a0warto\u015bci prawie 56 mln z\u0142 realizuje firma Banimex.<\/p>\n<p>Dzi\u0119ki budowie w\u0119z\u0142a b\u0119dzie mo\u017cna zlikwidowa\u0107 sygnalizacj\u0119 \u015bwietln\u0105 na skrzy\u017cowaniu Zakopianki i\u00a0ul. Sobieskiego. W\u00a0ramach inwestycji powstan\u0105 dodatkowe pasy pozwalaj\u0105ce na wjazd na w\u0119ze\u0142 i\u00a0na Zakopiank\u0119. Na ul. Sobieskiego powstanie rondo, z\u00a0kt\u00f3rego b\u0119dzie mo\u017cna wjecha\u0107 na drog\u0119 krajow\u0105 nr 7.<\/p>\n<p>Wa\u017cnym dla pieszych punktem tej inwestycji b\u0119dzie budowa nowej k\u0142adki w\u00a0rejonie dawnego Cmentarza \u017bydowskiego. Dzi\u0119ki temu drogowcy b\u0119d\u0105 mogli zlikwidowa\u0107 dotychczasowe przej\u015bcie w\u00a0tym rejonie.<\/p>\n","protected":false},"excerpt":{"rendered":"Jak przekaza\u0142a Anna Ba\u0142dyga z\u00a0krakowskiego oddzia\u0142u Generalnej Dyrekcji Dr\u00f3g Krajowych i\u00a0Autostrad (GDDKiA), utrudnienia rozpoczn\u0105 si\u0119 w\u00a0poniedzia\u0142ek ok. 9\u00a0w\u00a0rejonie&hellip;\n","protected":false},"author":2,"featured_media":151736,"comment_status":"","ping_status":"","sticky":false,"template":"","format":"standard","meta":{"footnotes":""},"categories":[12],"tags":[32,33,36,37,27,34,35,28,31,25,42,38,40,39,41,29,30,26],"class_list":{"0":"post-151735","1":"post","2":"type-post","3":"status-publish","4":"format-standard","5":"has-post-thumbnail","7":"category-polska","8":"tag-breaking-news","9":"tag-breakingnews","10":"tag-featured-news","11":"tag-featurednews","12":"tag-headlines","13":"tag-latest-news","14":"tag-latestnews","15":"tag-naglowki","16":"tag-najwazniejsze-artykuly","17":"tag-news","18":"tag-pl","19":"tag-poland","20":"tag-polish","21":"tag-polska","22":"tag-polski","23":"tag-top-stories","24":"tag-topstories","25":"tag-wiadomosci"},"share_on_mastodon":{"url":"","error":""},"_links":{"self":[{"href":"https:\/\/www.europesays.com\/pl\/wp-json\/wp\/v2\/posts\/151735","targetHints":{"allow":["GET"]}}],"collection":[{"href":"https:\/\/www.europesays.com\/pl\/wp-json\/wp\/v2\/posts"}],"about":[{"href":"https:\/\/www.europesays.com\/pl\/wp-json\/wp\/v2\/types\/post"}],"author":[{"embeddable":true,"href":"https:\/\/www.europesays.com\/pl\/wp-json\/wp\/v2\/users\/2"}],"replies":[{"embeddable":true,"href":"https:\/\/www.europesays.com\/pl\/wp-json\/wp\/v2\/comments?post=151735"}],"version-history":[{"count":0,"href":"https:\/\/www.europesays.com\/pl\/wp-json\/wp\/v2\/posts\/151735\/revisions"}],"wp:featuredmedia":[{"embeddable":true,"href":"https:\/\/www.europesays.com\/pl\/wp-json\/wp\/v2\/media\/151736"}],"wp:attachment":[{"href":"https:\/\/www.europesays.com\/pl\/wp-json\/wp\/v2\/media?parent=151735"}],"wp:term":[{"taxonomy":"category","embeddable":true,"href":"https:\/\/www.europesays.com\/pl\/wp-json\/wp\/v2\/categories?post=151735"},{"taxonomy":"post_tag","embeddable":true,"href":"https:\/\/www.europesays.com\/pl\/wp-json\/wp\/v2\/tags?post=151735"}],"curies":[{"name":"wp","href":"https:\/\/api.w.org\/{rel}","templated":true}]}}