{"id":151737,"date":"2025-12-15T09:48:08","date_gmt":"2025-12-15T09:48:08","guid":{"rendered":"https:\/\/www.europesays.com\/pl\/151737\/"},"modified":"2025-12-15T09:48:08","modified_gmt":"2025-12-15T09:48:08","slug":"witkoff-osiagnelismy-znaczacy-postep-w-negocjacjach-na-zywo-wyborcza-pl","status":"publish","type":"post","link":"https:\/\/www.europesays.com\/pl\/151737\/","title":{"rendered":"Witkoff: Osi\u0105gn\u0119li\u015bmy znacz\u0105cy post\u0119p w negocjacjach [NA \u017bYWO] &#8211; Wyborcza.pl"},"content":{"rendered":"<ol>\n<li><a href=\"https:\/\/news.google.com\/rss\/articles\/CBMiYEFVX3lxTE5sSXJ2OVQ5OWtweko4OVVvcllOQ3FrdUJ4WllDejZwWDR6cVZyaDZrS2FaZVhwb2pBM1REaV9NSFgtZXNRWkt1Ty1GVnhXLUhxQ1daMC05Y05zYndha01Seg?oc=5\" target=\"_blank\" rel=\"nofollow noopener\">Witkoff: Osi\u0105gn\u0119li\u015bmy znacz\u0105cy post\u0119p w negocjacjach [NA \u017bYWO]<\/a>&nbsp;&nbsp;Wyborcza.pl<\/li>\n<li><a href=\"https:\/\/news.google.com\/rss\/articles\/CBMivwFBVV95cUxQSFluSVJ6NlFiU01ubkxUQWhxYmpJTklOUE5fME9YSzBORTBUdnp2TGd0WXQ5d0NoOHI3SDJiVXRvcWZCZl9XVUZFZVFEeDdaU21ZUHZCR1E4T2hvWVFzdXp1SkhScEJaa1cybnFSNFRnY1gzdmdvc3hZLXdkUi1pOTNzMW1IYnFtbW1nVXF5T3M1cWxsd2kyUldockp3ekJHX2hiUFJicFpsLTE5eFRfbjM0X2VzVkplMGVZNk5xQQ?oc=5\" target=\"_blank\" rel=\"nofollow noopener\">Ostrzegaj\u0105 przed &#8222;koniem troja\u0144skim&#8221; Putina. Ten oddzia\u0142 b\u0119dzie m\u00f3g\u0142 przej\u0105\u0107 kontrol\u0119<\/a>&nbsp;&nbsp;Wydarzenia w INTERIA.PL<\/li>\n<li><a href=\"https:\/\/news.google.com\/rss\/articles\/CBMixAFBVV95cUxPUzR0d25IRDlNbkEzZ04tUUJCd1BQcy1oNXZILWE1bXRORTFfTTVZNVRQQlFJUkdvZVpNZmdrTzljaFRGTXpOWWFOeFBjSzdkMGd5UzlDWnFUeENneS1DYk85M2tIOGJBZE1RcTdOTmd4ZVBadzlQWjBidHBQYTU4bmJLaVh0dWVRSDY3dkVXWjhKNXdhTGtKSU9KenpQQjkyLUROYW5rYVI5TENXckpNWFJGaHhfYWNWQm1GeVhVVzFhU2NK?oc=5\" target=\"_blank\" rel=\"nofollow noopener\">Przysz\u0142o\u015b\u0107 Ukrainy rozstrzygnie si\u0119 w Berlinie? Kij\u00f3w k\u0142adzie wszystko na szali, ale to Trump rozdaje karty [ANALIZA]<\/a>&nbsp;&nbsp;Onet Wiadomo\u015bci<\/li>\n<li><a href=\"https:\/\/news.google.com\/rss\/articles\/CBMiqwFBVV95cUxQZHNZS2phU1NvMEY3NmZFZ0xwLTZXeTBXTk9PWjhTR2RDQUx3bVhJVW5YTGR3a0FGa0JpV20xWTRTSS11QVdXLWkwZUdVT1FTNW5jRUFlWFhoblhIbUtiS1lwcWdLTGtDdDVMMFI3QU9Fb1hZcmNzaWdzdXIxUmtDNjRpeF81V05SZEdaelo2WEtjZEI3TkRTMDdQU0VpU0VmMlczUGdSRGhtYms?oc=5\" target=\"_blank\" rel=\"nofollow noopener\">Rozmowy pokojowe i Trump, kt\u00f3ry zachowuje si\u0119 jak &#8222;rozwydrzony dzieciak&#8221;<\/a>&nbsp;&nbsp;TVN24<\/li>\n<li><a href=\"https:\/\/news.google.com\/rss\/articles\/CBMiwAFBVV95cUxOZ0dBSnBYaVoyWmtxRFFiQmpGSnQzdkc0bUZQVnBPc19aQWJORFFPYUlmRjY3TmJldFBrcnN3ZEg0VFkxZkdFSEE2ekloZXFkYW1ZcHlwQUVFNmdxVWkydVQ5MWZyZm56WnpOazJpTFVNMzJaRTZUZ0dWV01nay1CM2FVcG1NMEluZ0NhSGFvalZDZGZUdWRickF2b3duQWdXbWtCNEtsOU43X1JqMWlnRURReVNJRl9hbU54U3lZeVU?oc=5\" target=\"_blank\" rel=\"nofollow noopener\">Prze\u0142omowe negocjacje pokojowe w Berlinie? &#8222;Znaczny post\u0119p&#8221;<\/a>&nbsp;&nbsp;RMF24<\/li>\n<\/ol>\n","protected":false},"excerpt":{"rendered":"Witkoff: Osi\u0105gn\u0119li\u015bmy znacz\u0105cy post\u0119p w negocjacjach [NA \u017bYWO]&nbsp;&nbsp;Wyborcza.pl Ostrzegaj\u0105 przed &#8222;koniem troja\u0144skim&#8221; Putina. Ten oddzia\u0142 b\u0119dzie m\u00f3g\u0142 przej\u0105\u0107&hellip;\n","protected":false},"author":2,"featured_media":151738,"comment_status":"","ping_status":"","sticky":false,"template":"","format":"standard","meta":{"footnotes":""},"categories":[5],"tags":[32,33,36,37,27,34,35,28,31,25,42,38,40,39,41,29,30,26],"class_list":{"0":"post-151737","1":"post","2":"type-post","3":"status-publish","4":"format-standard","5":"has-post-thumbnail","7":"category-naglowki","8":"tag-breaking-news","9":"tag-breakingnews","10":"tag-featured-news","11":"tag-featurednews","12":"tag-headlines","13":"tag-latest-news","14":"tag-latestnews","15":"tag-naglowki","16":"tag-najwazniejsze-artykuly","17":"tag-news","18":"tag-pl","19":"tag-poland","20":"tag-polish","21":"tag-polska","22":"tag-polski","23":"tag-top-stories","24":"tag-topstories","25":"tag-wiadomosci"},"share_on_mastodon":{"url":"https:\/\/pubeurope.com\/@pl\/115722957929915811","error":""},"_links":{"self":[{"href":"https:\/\/www.europesays.com\/pl\/wp-json\/wp\/v2\/posts\/151737","targetHints":{"allow":["GET"]}}],"collection":[{"href":"https:\/\/www.europesays.com\/pl\/wp-json\/wp\/v2\/posts"}],"about":[{"href":"https:\/\/www.europesays.com\/pl\/wp-json\/wp\/v2\/types\/post"}],"author":[{"embeddable":true,"href":"https:\/\/www.europesays.com\/pl\/wp-json\/wp\/v2\/users\/2"}],"replies":[{"embeddable":true,"href":"https:\/\/www.europesays.com\/pl\/wp-json\/wp\/v2\/comments?post=151737"}],"version-history":[{"count":0,"href":"https:\/\/www.europesays.com\/pl\/wp-json\/wp\/v2\/posts\/151737\/revisions"}],"wp:featuredmedia":[{"embeddable":true,"href":"https:\/\/www.europesays.com\/pl\/wp-json\/wp\/v2\/media\/151738"}],"wp:attachment":[{"href":"https:\/\/www.europesays.com\/pl\/wp-json\/wp\/v2\/media?parent=151737"}],"wp:term":[{"taxonomy":"category","embeddable":true,"href":"https:\/\/www.europesays.com\/pl\/wp-json\/wp\/v2\/categories?post=151737"},{"taxonomy":"post_tag","embeddable":true,"href":"https:\/\/www.europesays.com\/pl\/wp-json\/wp\/v2\/tags?post=151737"}],"curies":[{"name":"wp","href":"https:\/\/api.w.org\/{rel}","templated":true}]}}