{"id":151739,"date":"2025-12-15T09:49:17","date_gmt":"2025-12-15T09:49:17","guid":{"rendered":"https:\/\/www.europesays.com\/pl\/151739\/"},"modified":"2025-12-15T09:49:17","modified_gmt":"2025-12-15T09:49:17","slug":"pierwsze-polskie-emocje-na-mistrzostwach-swiata-w-darcie-arcytrudna-misja-sebastiana-bialeckiego","status":"publish","type":"post","link":"https:\/\/www.europesays.com\/pl\/151739\/","title":{"rendered":"Pierwsze &#8222;polskie&#8221; emocje na mistrzostwach \u015bwiata w darcie. Arcytrudna misja Sebastiana Bia\u0142eckiego"},"content":{"rendered":"\n<p class=\"contentpart contentpart--default contentpart--text\" data-position=\"0\">22-letni \u0142odzianin rok 2025 zaliczy do bardzo udanych, a mo\u017ce nawet uzna za najlepszy w karierze. Dzi\u0119ki wywalczeniu karty PDC m\u00f3g\u0142 wystartowa\u0107 w wi\u0119kszej liczbie presti\u017cowych oraz &#8211; co najwa\u017cniejsze &#8211; rankingowych turniej\u00f3w i budowa\u0107 swoj\u0105 pozycj\u0119 w rankingach PDC. Aktualnie zajmuje 79. pozycj\u0119.<\/p>\n<p class=\"contentpart contentpart--default contentpart--text\" data-position=\"1\">Zim\u0105 <a href=\"https:\/\/sportowefakty.wp.pl\/dart\/sebastian-bialecki\" rel=\"nofollow noopener\" target=\"_blank\">Sebastian Bia\u0142ecki<\/a>\u00a0zaprezentowa\u0142 si\u0119 w UK Open oraz PDC World Masters, ale przede wszystkim bardzo dobrze wypad\u0142 w pod\u0142ogowym cyklu Players Championship. Turniej numer 22 w lipcu wygra\u0142, co da\u0142o mu na tyle wysok\u0105 pozycj\u0119 w rankingu PDC Pro Tour, \u017ce awans na mistrzostwa \u015bwiata mia\u0142 ju\u017c niemal\u017ce zapewniony. A w Players Championship Finals przeszed\u0142 pierwsz\u0105 rund\u0119 pokonuj\u0105c Roba Crossa.<\/p>\n<p> <img role=\"presentation\" src=\"https:\/\/std.wpcdn.pl\/images\/adv\/placeholder_wp.svg\" loading=\"lazy\" alt=\"\" decoding=\"async\"\/>  <\/p>\n<p class=\"contentpart contentpart--default contentpart--text\" data-position=\"2\">ZOBACZ WIDEO: #dziejesiewsporcie: Gol z po\u0142owy boiska. Mo\u017cna ogl\u0105da\u0107 i ogl\u0105da\u0107<\/p>\n<p class=\"contentpart contentpart--default contentpart--text\" data-position=\"4\">&#8211; Nie spodziewa\u0142em si\u0119, \u017ce ten pierwszy rok a\u017c tak dobrze p\u00f3jdzie i uda si\u0119 w miar\u0119 regularnie punktowa\u0107 oraz wbija\u0107 do rankingu. Ju\u017c sam awans do mistrzostw \u015bwiata zabezpiecza sporo punkt\u00f3w do rankingu, co daje du\u017cy komfort przed drugim rokiem, w kt\u00f3rym trzeba b\u0119dzie do\u0142o\u017cy\u0107 kolejn\u0105 cegie\u0142k\u0119, by m\u00f3c gra\u0107 przez kolejne lata &#8211; powiedzia\u0142 na antenie Telewizji TOYA Bia\u0142ecki.<\/p>\n<p class=\"contentpart contentpart--default contentpart--text\" data-position=\"5\">&#8211; Nie da si\u0119 wyrzuci\u0107 tego z g\u0142owy w trakcie kilku ostatnich miesi\u0119cy. Wiele zale\u017cy od losowania &#8211; mo\u017cna trafi\u0107 na kogo\u015b gorszego i z nim powalczy\u0107, a mo\u017cna te\u017c trafi\u0107 na Luke&#8217;a Littlera czy Luke&#8217;a Humphriesa, czyli \u015bwiatow\u0105 jedynk\u0119 czy dw\u00f3jk\u0119 z kt\u00f3rymi trzeba wspi\u0105\u0107 si\u0119 na wy\u017cyny \u017ceby powalczy\u0107 o zwyci\u0119stwo &#8211; doda\u0142.<\/p>\n<p class=\"contentpart contentpart--default contentpart--text\" data-position=\"6\">Te s\u0142owa Bia\u0142ecki m\u00f3wi\u0142 w listopadzie, gdy jeszcze nie wiedzia\u0142, z kim przyjdzie mu si\u0119 zmierzy\u0107. Tymczasem los nie by\u0142 dla niego \u0142askawy. W pierwszej rundzie, od kt\u00f3rej w tym roku zaczyna tak\u017ce czo\u0142owa 32 graczy rankingu PDC Order of Merit Polaka czeka starcie ze \u015bwiatow\u0105 czw\u00f3rk\u0105 &#8211; <a href=\"https:\/\/sportowefakty.wp.pl\/dart\/stephen-bunting\" rel=\"nofollow noopener\" target=\"_blank\">Stephenem Buntingiem<\/a>.<\/p>\n<p> <img role=\"presentation\" src=\"https:\/\/std.wpcdn.pl\/images\/adv\/placeholder_wp.svg\" loading=\"lazy\" alt=\"\" decoding=\"async\"\/>  <\/p>\n<p class=\"contentpart contentpart--default contentpart--text\" data-position=\"7\">Anglik przed rokiem na mistrzostwach \u015bwiata w Londynie doszed\u0142 do p\u00f3\u0142fina\u0142u, w kt\u00f3rym przegra\u0142 1:6 z p\u00f3\u017aniejszym triumfatorem &#8211; <a href=\"https:\/\/sportowefakty.wp.pl\/dart\/luke-littler\" rel=\"nofollow noopener\" target=\"_blank\">Luke&#8217;iem Littlerem<\/a>. Obro\u0144ca trofeum ma ju\u017c za sob\u0105 pierwsze spotkanie tegorocznych M\u015a. W czwartek pokona\u0142 w trzech setach Litwina Dariusa Labanauskasa.<\/p>\n<p class=\"contentpart contentpart--default contentpart--text\" data-position=\"8\">W swojej karierze Sebastian Bia\u0142ecki mia\u0142 ju\u017c okazj\u0119 mierzy\u0107 si\u0119 ze Stephenem Buntingiem trzy razy &#8211; dwukrotnie w Players Championship oraz raz w European Tourze. W ka\u017cdym z mecz\u00f3w lepszy okaza\u0142 si\u0119 Anglik. W sierpniu, gdy spotkali si\u0119 po raz ostatni, &#8222;The Bullet&#8221; triumfowa\u0142 6-3 w legach. Teraz te\u017c b\u0119dzie murowanym faworytem.<\/p>\n<p class=\"contentpart contentpart--default contentpart--text\" data-position=\"9\">Spotkanie \u0142odzianina z uznanym angielskim darterem przewidziane jest jako trzecie w niedzielnej sesji wieczornej. To oznacza, \u017ce zawodnicy powinni pojawi\u0107 si\u0119 na scenie Alexandra Palace oko\u0142o godziny 22:00. Transmisja w TVP Sport, na stronie internetowej stacji oraz w aplikacji.<\/p>\n","protected":false},"excerpt":{"rendered":"22-letni \u0142odzianin rok 2025 zaliczy do bardzo udanych, a mo\u017ce nawet uzna za najlepszy w karierze. Dzi\u0119ki wywalczeniu&hellip;\n","protected":false},"author":2,"featured_media":151740,"comment_status":"","ping_status":"","sticky":false,"template":"","format":"standard","meta":{"footnotes":""},"categories":[24],"tags":[25321,2782,42,38,40,39,41,25323,127,126,30473,106],"class_list":{"0":"post-151739","1":"post","2":"type-post","3":"status-publish","4":"format-standard","5":"has-post-thumbnail","7":"category-sport","8":"tag-dart","9":"tag-londyn","10":"tag-pl","11":"tag-poland","12":"tag-polish","13":"tag-polska","14":"tag-polski","15":"tag-sebastian-bialecki","16":"tag-sport","17":"tag-sports","18":"tag-stephen-bunting","19":"tag-wielka-brytania"},"share_on_mastodon":{"url":"https:\/\/pubeurope.com\/@pl\/115722962099368418","error":""},"_links":{"self":[{"href":"https:\/\/www.europesays.com\/pl\/wp-json\/wp\/v2\/posts\/151739","targetHints":{"allow":["GET"]}}],"collection":[{"href":"https:\/\/www.europesays.com\/pl\/wp-json\/wp\/v2\/posts"}],"about":[{"href":"https:\/\/www.europesays.com\/pl\/wp-json\/wp\/v2\/types\/post"}],"author":[{"embeddable":true,"href":"https:\/\/www.europesays.com\/pl\/wp-json\/wp\/v2\/users\/2"}],"replies":[{"embeddable":true,"href":"https:\/\/www.europesays.com\/pl\/wp-json\/wp\/v2\/comments?post=151739"}],"version-history":[{"count":0,"href":"https:\/\/www.europesays.com\/pl\/wp-json\/wp\/v2\/posts\/151739\/revisions"}],"wp:featuredmedia":[{"embeddable":true,"href":"https:\/\/www.europesays.com\/pl\/wp-json\/wp\/v2\/media\/151740"}],"wp:attachment":[{"href":"https:\/\/www.europesays.com\/pl\/wp-json\/wp\/v2\/media?parent=151739"}],"wp:term":[{"taxonomy":"category","embeddable":true,"href":"https:\/\/www.europesays.com\/pl\/wp-json\/wp\/v2\/categories?post=151739"},{"taxonomy":"post_tag","embeddable":true,"href":"https:\/\/www.europesays.com\/pl\/wp-json\/wp\/v2\/tags?post=151739"}],"curies":[{"name":"wp","href":"https:\/\/api.w.org\/{rel}","templated":true}]}}