{"id":151745,"date":"2025-12-15T09:53:10","date_gmt":"2025-12-15T09:53:10","guid":{"rendered":"https:\/\/www.europesays.com\/pl\/151745\/"},"modified":"2025-12-15T09:53:10","modified_gmt":"2025-12-15T09:53:10","slug":"kambodza-tajlandia-uderzyla-w-glebi-kraju-tuz-obok-atrakcji-turystycznej","status":"publish","type":"post","link":"https:\/\/www.europesays.com\/pl\/151745\/","title":{"rendered":"Kambod\u017ca. Tajlandia uderzy\u0142a w g\u0142\u0119bi kraju. Tu\u017c obok atrakcji turystycznej"},"content":{"rendered":"<ul class=\"typography ids-typeset-body ids-typeset-body--preset-large list ids-list ids-list--unordered ids-list--size-large \" datatype=\"disc\">\n<li class=\"ids-list-item\">\n<p>Kambod\u017ca oskar\u017ca Tajlandi\u0119 o zbombardowanie prowincji Siem Reap, w kt\u00f3rej mie\u015bci si\u0119 jedna z najwi\u0119kszych atrakcji turystycznych kraju &#8211; kompleks \u015bwi\u0105ty\u0144 Angkor Wat.<\/p>\n<\/li>\n<li class=\"ids-list-item\">\n<p>Atak nast\u0105pi\u0142 mimo og\u0142oszonego przez Donalda Trumpa zawieszenia broni.<\/p>\n<\/li>\n<li class=\"ids-list-item\">\n<p>Konflikt graniczny ma korzenie historyczne i powoduje \u015bmier\u0107 cywil\u00f3w oraz masowe przesiedlenia.<\/p>\n<\/li>\n<li class=\"ids-list-item\">Wi\u0119cej wa\u017cnych informacji znajdziesz na <a class=\"ids-undecorated-link link ids-link link\" href=\"https:\/\/www.interia.pl\/#utm_source=wydarzenia&amp;utm_medium=bullet&amp;utm_campaign=powrot_z_wew&amp;iwa_source=bullet\" target=\"_blank\" rel=\"nofollow noopener\">stronie g\u0142\u00f3wnej Interii<\/a><\/li>\n<\/ul>\n<p class=\"typography ids-typeset-body ids-typeset-body--preset-large link paragraph ids-paragraph ids-paragraph--default\"><a href=\"https:\/\/wydarzenia.interia.pl\/tematy-kambodza,gsbi,5628\" rel=\"nofollow noopener\" target=\"_blank\">Kambod\u017ca<\/a> oskar\u017cy\u0142a w poniedzia\u0142ek Tajlandi\u0119 o przeprowadzenie bombardowa\u0144 w g\u0142\u0119bi jej terytorium. Wed\u0142ug w\u0142adz tajskie wojsko mia\u0142o zaatakowa\u0107 tereny oddalone o mniej ni\u017c dwie godziny od g\u0142\u00f3wnej atrakcji turystycznej kraju. Mowa o kompleksie \u015bwi\u0105ty\u0144 Angkor Wat.<\/p>\n<p class=\"typography ids-typeset-body ids-typeset-body--preset-large link paragraph ids-paragraph ids-paragraph--default\">Ministerstwo obrony Kambod\u017cy poinformowa\u0142o w o\u015bwiadczeniu, \u017ce tajski my\u015bliwiec bojowy zbombardowa\u0142 &#8222;miejsce w pobli\u017cu obozu dla przesiedle\u0144c\u00f3w cywilnych w rejonie dystryktu Srei Snam w prowincji Siem Reap&#8221;.<\/p>\n<p>Kambod\u017ca. Tajlandia uderzy\u0142a w okolicy jednej z g\u0142\u00f3wnych atrakcji turystycznych kraju<\/p>\n<p class=\"typography ids-typeset-body ids-typeset-body--preset-large link paragraph ids-paragraph ids-paragraph--default\">Minister informacji Kambod\u017cy Neth Pheaktra przekaza\u0142 w rozmowie z agencj\u0105 AFP, \u017ce to pierwszy raz od wznowienia walk, kiedy wojsko z Tajlandii zbombardowa\u0142o obszary wspomnianej prowincji. Dodajmy, \u017ce kompleks \u015bwi\u0105ty\u0144 Angkor Wat wpisany jest na list\u0119 \u015bwiatowego dziedzictwa <a href=\"https:\/\/wydarzenia.interia.pl\/tematy-unesco,gsbi,5971\" rel=\"nofollow noopener\" target=\"_blank\">UNESCO<\/a>.<\/p>\n<p class=\"typography ids-typeset-body ids-typeset-body--preset-large link paragraph ids-paragraph ids-paragraph--default\">Neth Pheaktra doda\u0142, \u017ce tajskim my\u015bliwcom F-16 uda\u0142o si\u0119 dosta\u0107 70 kilometr\u00f3w w g\u0142\u0105b kraju.<\/p>\n<p class=\"typography ids-typeset-body ids-typeset-body--preset-large link paragraph ids-paragraph ids-paragraph--default\">Agencja AFP informuje, \u017ce atak na ten turystyczny obszar\u00a0to dla Kambod\u017cy bolesny cios.\u00a0Kraj bowiem w du\u017cej mierze opiera swoje dochody na sektorze turystycznym i nadal odczuwa skutki pandemii <a href=\"https:\/\/wydarzenia.interia.pl\/tematy-covid-19,gsbi,7587\" rel=\"nofollow noopener\" target=\"_blank\">COVID-19<\/a>.<\/p>\n<p class=\"typography ids-typeset-body ids-typeset-body--preset-large link paragraph ids-paragraph ids-paragraph--default\">W zesz\u0142ym roku dane ministerstwa turystki\u00a0wskazywa\u0142y na wzrost liczby turyst\u00f3w do rekordowego 6,7 mln. Liczba odwiedzin w tym kraju od lipca do wrze\u015bnia bie\u017c\u0105cego roku spad\u0142a jednak o oko\u0142o 1\/3 w por\u00f3wnaniu z 2019, czyli rokiem poprzedzaj\u0105cym pandemi\u0119.<\/p>\n<p class=\"typography ids-typeset-body ids-typeset-body--preset-large link paragraph ids-paragraph ids-paragraph--default\">Ponadto &#8211; wed\u0142ug danych operatora Angkor Enterprise &#8211; miesi\u0119czna sprzeda\u017c bilet\u00f3w do parku archeologicznego Angkor spad\u0142a o co najmniej 17 proc. wzgl\u0119dem poprzedniego roku.<\/p>\n<p>Donald Trump og\u0142osi\u0142 zawieszenie broni. Tajlandia zaprzeczy\u0142a<\/p>\n<p class=\"typography ids-typeset-body ids-typeset-body--preset-large link paragraph ids-paragraph ids-paragraph--default\">Przypomnijmy, \u017ce w zesz\u0142ym tygodniu prezydent USA <a href=\"https:\/\/wydarzenia.interia.pl\/tematy-donald-trump,gsbi,16\" rel=\"nofollow noopener\" target=\"_blank\">Donald Trump<\/a> og\u0142osi\u0142, \u017ce\u00a0Tajlandia i Kambod\u017ca zgodzi\u0142y si\u0119 na zawieszenie broni, kt\u00f3re mia\u0142o zacz\u0105\u0107 obowi\u0105zywa\u0107 od sobotniego wieczora.<\/p>\n<p class=\"typography ids-typeset-body ids-typeset-body--preset-large link paragraph ids-paragraph ids-paragraph--default\">Mimo to walki trwa\u0142y przez ca\u0142y weekend, a Bangkok zaprzeczy\u0142 twierdzeniom Trumpa o zawieszeniu broni.<\/p>\n<p class=\"typography ids-typeset-body ids-typeset-body--preset-large link paragraph ids-paragraph ids-paragraph--default\">Premier Tajlandii i Anutin Charnvirakul, kt\u00f3ry w zesz\u0142ym tygodniu rozwi\u0105za\u0142 parlament, toruj\u0105c drog\u0119 do wybor\u00f3w w przysz\u0142ym roku, zamie\u015bci\u0142 w niedziel\u0119 na Facebooku wpis, w kt\u00f3rym zapowiedzia\u0142, \u017ce jego rz\u0105d i wojsko b\u0119d\u0105 kontynuowa\u0142y walki.<\/p>\n<p class=\"typography ids-typeset-body ids-typeset-body--preset-large link paragraph ids-paragraph ids-paragraph--default\">Przedstawiciele wojska po obu stronach konfliktu poinformowali ponadto, \u017ce w poniedzia\u0142ek na granicy nadal dochodzi\u0142o do star\u0107.<\/p>\n<p>Konflikt mi\u0119dzy Kambod\u017c\u0105 a Tajlandi\u0105 si\u0119ga czas\u00f3w kolonialnych<\/p>\n<p class=\"typography ids-typeset-body ids-typeset-body--preset-large link paragraph ids-paragraph ids-paragraph--default\">Konflikt mi\u0119dzy Kambod\u017c\u0105 a Tajlandi\u0105 si\u0119ga swoimi korzeniami do czas\u00f3w kolonialnych, kiedy to wytyczono 800-kilometrow\u0105 granic\u0119 mi\u0119dzy pa\u0144stwami.<\/p>\n<p class=\"typography ids-typeset-body ids-typeset-body--preset-large link paragraph ids-paragraph ids-paragraph--default\">Jak podaj\u0105 lokalne w\u0142adze, wznowione w tym miesi\u0105cu walki odebra\u0142y \u017cycie co najmniej 28 osobom, w tym \u017co\u0142nierzom i cywilom. Ponadto zmusi\u0142y do przesiedlenia oko\u0142o 800 tysi\u0119cy os\u00f3b.<\/p>\n<p class=\"typography ids-typeset-body ids-typeset-body--preset-large link paragraph ids-paragraph ids-paragraph--default\">Agencja AFP wyja\u015bnia, \u017ce ka\u017cda ze stron obwinia drug\u0105 o wszcz\u0119cie walk, twierdz\u0105c, \u017ce dzia\u0142a\u0142a w samoobronie. W gorszej sytuacji ma znajdowa\u0107 si\u0119 jednak Kambod\u017ca, kt\u00f3ra ma by\u0107 s\u0142absza pod wzgl\u0119dem uzbrojenia ni\u017c armia Tajlandii.<\/p>\n<p>&#8222;Wydarzenia&#8221;: Wr\u00f3ci powszechny pob\u00f3r? Ministerstwo stawia spraw\u0119 jasnoPolsat News<\/p>\n<p><a class=\"ids-undecorated-link source ids-page-info--source__link\" href=\"https:\/\/www.interia.pl\" rel=\"nofollow noopener\" target=\"_blank\"><img decoding=\"async\" class=\"ids-image-holder__img\" loading=\"lazy\" alt=\"\" title=\"\" height=\"24px\" src=\"https:\/\/www.europesays.com\/pl\/wp-content\/uploads\/2025\/12\/1765749733_358_0009A60QQ5I2TYF7-C202-F4.webp.webp\"\/><\/a><\/p>\n<p>Masz sugestie, uwagi albo widzisz b\u0142\u0105d? Napisz do nas<\/p>\n","protected":false},"excerpt":{"rendered":"Kambod\u017ca oskar\u017ca Tajlandi\u0119 o zbombardowanie prowincji Siem Reap, w kt\u00f3rej mie\u015bci si\u0119 jedna z najwi\u0119kszych atrakcji turystycznych kraju&hellip;\n","protected":false},"author":2,"featured_media":151746,"comment_status":"","ping_status":"","sticky":false,"template":"","format":"standard","meta":{"footnotes":""},"categories":[14],"tags":[32,33,27,34,35,28,31,25,40,41,80,29,30,26,82,83,84],"class_list":{"0":"post-151745","1":"post","2":"type-post","3":"status-publish","4":"format-standard","5":"has-post-thumbnail","7":"category-swiat","8":"tag-breaking-news","9":"tag-breakingnews","10":"tag-headlines","11":"tag-latest-news","12":"tag-latestnews","13":"tag-naglowki","14":"tag-najwazniejsze-artykuly","15":"tag-news","16":"tag-polish","17":"tag-polski","18":"tag-swiat","19":"tag-top-stories","20":"tag-topstories","21":"tag-wiadomosci","22":"tag-world","23":"tag-world-news","24":"tag-worldnews"},"share_on_mastodon":{"url":"https:\/\/pubeurope.com\/@pl\/115722977735752370","error":""},"_links":{"self":[{"href":"https:\/\/www.europesays.com\/pl\/wp-json\/wp\/v2\/posts\/151745","targetHints":{"allow":["GET"]}}],"collection":[{"href":"https:\/\/www.europesays.com\/pl\/wp-json\/wp\/v2\/posts"}],"about":[{"href":"https:\/\/www.europesays.com\/pl\/wp-json\/wp\/v2\/types\/post"}],"author":[{"embeddable":true,"href":"https:\/\/www.europesays.com\/pl\/wp-json\/wp\/v2\/users\/2"}],"replies":[{"embeddable":true,"href":"https:\/\/www.europesays.com\/pl\/wp-json\/wp\/v2\/comments?post=151745"}],"version-history":[{"count":0,"href":"https:\/\/www.europesays.com\/pl\/wp-json\/wp\/v2\/posts\/151745\/revisions"}],"wp:featuredmedia":[{"embeddable":true,"href":"https:\/\/www.europesays.com\/pl\/wp-json\/wp\/v2\/media\/151746"}],"wp:attachment":[{"href":"https:\/\/www.europesays.com\/pl\/wp-json\/wp\/v2\/media?parent=151745"}],"wp:term":[{"taxonomy":"category","embeddable":true,"href":"https:\/\/www.europesays.com\/pl\/wp-json\/wp\/v2\/categories?post=151745"},{"taxonomy":"post_tag","embeddable":true,"href":"https:\/\/www.europesays.com\/pl\/wp-json\/wp\/v2\/tags?post=151745"}],"curies":[{"name":"wp","href":"https:\/\/api.w.org\/{rel}","templated":true}]}}