{"id":151747,"date":"2025-12-15T09:54:10","date_gmt":"2025-12-15T09:54:10","guid":{"rendered":"https:\/\/www.europesays.com\/pl\/151747\/"},"modified":"2025-12-15T09:54:10","modified_gmt":"2025-12-15T09:54:10","slug":"duchowny-pisal-do-dziecka-zapadl-kolejny-wyrok-ws-dariusza-g","status":"publish","type":"post","link":"https:\/\/www.europesays.com\/pl\/151747\/","title":{"rendered":"Duchowny pisa\u0142 do dziecka. Zapad\u0142 kolejny wyrok ws. Dariusza G."},"content":{"rendered":"<p>Najwa\u017cniejsze informacje<\/p>\n<ul>\n<li>Paulin Dariusz G. zosta\u0142 skazany na 8\u00a0miesi\u0119cy wi\u0119zienia za grooming.<\/li>\n<li>Zakaz pracy z\u00a0dzie\u0107mi oraz kontaktu z\u00a0pokrzywdzonym pozostaj\u0105 w\u00a0mocy.<\/li>\n<li>Sprawa dotycz\u0105ca posiadania materia\u0142\u00f3w pornograficznych wraca do s\u0105du I\u00a0instancji.<\/li>\n<\/ul>\n<p>Sprawa Dariusza G., duchownego z\u00a0Cz\u0119stochowy, bardzo poruszy\u0142a mieszka\u0144c\u00f3w. Od kilku miesi\u0119cy du\u017co si\u0119 o\u00a0niej m\u00f3wi, poniewa\u017c pojawi\u0142y si\u0119 powa\u017cne zarzuty. Chodzi o\u00a0uwodzenie nieletniego w\u00a0internecie oraz posiadanie pornografii dzieci\u0119cej.<\/p>\n<p>Jak podaje &#8222;Fakt&#8221;, zar\u00f3wno wierni, jak i\u00a0przedstawiciele zakonu paulin\u00f3w byli zszokowani sytuacj\u0105. Ustalono, \u017ce 40-letni zakonnik w\u00a02023 roku utrzymywa\u0142 niew\u0142a\u015bciwy kontakt z\u00a013-letnim ch\u0142opcem. Sprawa wysz\u0142a na jaw, gdy rodzice znale\u017ali niepokoj\u0105ce wiadomo\u015bci w\u00a0telefonie syna. Zg\u0142osili to prze\u0142o\u017conym duchownego, a\u00a0potem spraw\u0105 zaj\u0119\u0142a si\u0119 prokuratura.<\/p>\n<p>\u015aledztwo ujawni\u0142o, \u017ce duchowny przez kilka miesi\u0119cy pr\u00f3bowa\u0142 nak\u0142oni\u0107 ch\u0142opca do spotkania, a\u00a0w\u00a0miejscu zamieszkania Dariusza G. znaleziono ogromne ilo\u015bci materia\u0142\u00f3w pornograficznych, wskazuj\u0105c na szeroki zakres zarzut\u00f3w.<\/p>\n<p>Rewolucja w\u00a0kol\u0119dzie. Ksi\u0105dz zobaczy, ile dajemy w\u00a0&#8222;kopercie&#8221; <\/p>\n<p>Prokuratura oskar\u017cy\u0142a zakonnika o\u00a0dwa powa\u017cne przest\u0119pstwa: grooming osoby poni\u017cej 15. roku \u017cycia oraz posiadanie pornografii dzieci\u0119cej. Jak podkre\u015blano, by\u0142y to dzia\u0142ania, kt\u00f3re nosi\u0142y znamiona szczeg\u00f3lnego okrucie\u0144stwa wobec bezbronnych ofiar.<\/p>\n<p>Duchowny pisa\u0142 do\u00a0dziecka. Stanowcza reakcja <\/p>\n<p>Dyrekcja zakonu zdecydowa\u0142a si\u0119 na stanowcze kroki wobec ojca Dariusza G., natychmiast odsuwaj\u0105c go od pos\u0142ugi duszpasterskiej na Jasnej G\u00f3rze z\u00a0zakazem pracy z\u00a0dzie\u0107mi i\u00a0wszcz\u0119ciem post\u0119powania kanonicznego. W\u0142adze zakonu zapewni\u0142y o\u00a0pe\u0142nej wsp\u00f3\u0142pracy z\u00a0organami \u015bcigania.<\/p>\n<p>Proces w\u00a0S\u0105dzie Rejonowym w\u00a0Cz\u0119stochowie zacz\u0105\u0142 si\u0119 na pocz\u0105tku roku i\u00a0zako\u0144czy\u0142 w\u00a0czerwcu. Zakonnik zosta\u0142 skazany na trzy lata wi\u0119zienia. Cz\u0119\u015b\u0107 wyroku dotycz\u0105ca posiadania pornografii zosta\u0142a uchylona, dlatego ta cz\u0119\u015b\u0107 sprawy wr\u00f3ci\u0142a do ponownego rozpatrzenia przez s\u0105d.<\/p>\n<p>Dariusz G. odwo\u0142a\u0142 si\u0119 od wyroku. 11 grudnia S\u0105d Okr\u0119gowy w\u00a0Cz\u0119stochowie og\u0142osi\u0142 now\u0105 decyzj\u0119. Duchowny zosta\u0142 skazany za grooming na 8\u00a0miesi\u0119cy wi\u0119zienia. Nadal obowi\u0105zuje go zakaz kontaktu z\u00a0pokrzywdzonym oraz zakaz pracy z\u00a0dzie\u0107mi. S\u0105d pozwoli\u0142 mu te\u017c stara\u0107 si\u0119 o\u00a0odbywanie kary w\u00a0dozorem elektronicznym.<\/p>\n<p>Aktualnie Dariusz G. przebywa w\u00a0jednym z\u00a0pauli\u0144skich o\u015brodk\u00f3w, a\u00a0jego sprawa nadal wywo\u0142uje emocje i\u00a0kontrowersje w\u015br\u00f3d ludzi, kt\u00f3rzy oczekuj\u0105 pe\u0142nego rozwi\u0105zania pozosta\u0142ych w\u0105tk\u00f3w dotycz\u0105cych jego dzia\u0142alno\u015bci.<\/p>\n","protected":false},"excerpt":{"rendered":"Najwa\u017cniejsze informacje Paulin Dariusz G. zosta\u0142 skazany na 8\u00a0miesi\u0119cy wi\u0119zienia za grooming. Zakaz pracy z\u00a0dzie\u0107mi oraz kontaktu z\u00a0pokrzywdzonym&hellip;\n","protected":false},"author":2,"featured_media":151748,"comment_status":"","ping_status":"","sticky":false,"template":"","format":"standard","meta":{"footnotes":""},"categories":[12],"tags":[32,33,36,37,27,34,35,28,31,25,42,38,40,39,41,29,30,26],"class_list":{"0":"post-151747","1":"post","2":"type-post","3":"status-publish","4":"format-standard","5":"has-post-thumbnail","7":"category-polska","8":"tag-breaking-news","9":"tag-breakingnews","10":"tag-featured-news","11":"tag-featurednews","12":"tag-headlines","13":"tag-latest-news","14":"tag-latestnews","15":"tag-naglowki","16":"tag-najwazniejsze-artykuly","17":"tag-news","18":"tag-pl","19":"tag-poland","20":"tag-polish","21":"tag-polska","22":"tag-polski","23":"tag-top-stories","24":"tag-topstories","25":"tag-wiadomosci"},"share_on_mastodon":{"url":"https:\/\/pubeurope.com\/@pl\/115722981555525698","error":""},"_links":{"self":[{"href":"https:\/\/www.europesays.com\/pl\/wp-json\/wp\/v2\/posts\/151747","targetHints":{"allow":["GET"]}}],"collection":[{"href":"https:\/\/www.europesays.com\/pl\/wp-json\/wp\/v2\/posts"}],"about":[{"href":"https:\/\/www.europesays.com\/pl\/wp-json\/wp\/v2\/types\/post"}],"author":[{"embeddable":true,"href":"https:\/\/www.europesays.com\/pl\/wp-json\/wp\/v2\/users\/2"}],"replies":[{"embeddable":true,"href":"https:\/\/www.europesays.com\/pl\/wp-json\/wp\/v2\/comments?post=151747"}],"version-history":[{"count":0,"href":"https:\/\/www.europesays.com\/pl\/wp-json\/wp\/v2\/posts\/151747\/revisions"}],"wp:featuredmedia":[{"embeddable":true,"href":"https:\/\/www.europesays.com\/pl\/wp-json\/wp\/v2\/media\/151748"}],"wp:attachment":[{"href":"https:\/\/www.europesays.com\/pl\/wp-json\/wp\/v2\/media?parent=151747"}],"wp:term":[{"taxonomy":"category","embeddable":true,"href":"https:\/\/www.europesays.com\/pl\/wp-json\/wp\/v2\/categories?post=151747"},{"taxonomy":"post_tag","embeddable":true,"href":"https:\/\/www.europesays.com\/pl\/wp-json\/wp\/v2\/tags?post=151747"}],"curies":[{"name":"wp","href":"https:\/\/api.w.org\/{rel}","templated":true}]}}